{"id":118963,"date":"2019-08-23T12:22:30","date_gmt":"2019-08-23T10:22:30","guid":{"rendered":"http:\/\/gazdasagportal.hu\/?p=118963"},"modified":"2019-08-23T12:22:30","modified_gmt":"2019-08-23T10:22:30","slug":"az-egyetemi-varosokban-tetoztek-a-berleti-dijak","status":"publish","type":"post","link":"https:\/\/gazdasagportal.hu\/index.php\/az-egyetemi-varosokban-tetoztek-a-berleti-dijak\/","title":{"rendered":"Az egyetemi v\u00e1rosokban tet\u0151ztek a b\u00e9rleti d\u00edjak"},"content":{"rendered":"<p><strong>Budapesten \u00e9s m\u00e1s egyetemi v\u00e1rosokban (Debrecenben, P\u00e9csen, Gy\u0151rben \u00e9s Miskolcon) az alb\u00e9rletpiacon a b\u00e9rleti \u00e1rak el\u00e9rt\u00e9k a fels\u0151 hat\u00e1rt:  j\u00falius v\u00e9ge \u00e9s augusztus v\u00e9ge k\u00f6z\u00f6tt nem emelkedett a kiad\u00f3 lak\u00e1sok b\u00e9rleti d\u00edja &#8211; k\u00f6z\u00f6lte az Ingatlan.com p\u00e9nteken az MTI-vel. <\/strong><!--more--><\/p>\n<div class=\"ads-in-post1\"><div id=\"gazdasagportal.hu_fullbanner_wideboard\"><\/div>\r\n<\/div>\n<p>    A k\u00f6zlem\u00e9nyben Balogh L\u00e1szl\u00f3, az ingatlan.com vezet\u0151 gazdas\u00e1gi szak\u00e9rt\u0151je a k\u00edn\u00e1lat n\u00f6veked\u00e9s\u00e9vel indokolta az \u00e1remelked\u00e9s megtorpan\u00e1s\u00e1t: a mag\u00e1nszem\u00e9lyek \u00e1ltal k\u00edn\u00e1lt alb\u00e9rletek sz\u00e1ma ugyanis 39-80 sz\u00e1zal\u00e9kkal n\u0151tt egy h\u00f3nap alatt.<br \/>\n    Az ingatlan.com elemz\u00e9se szerint Budapesten augusztus v\u00e9g\u00e9n a kiad\u00f3 lak\u00e1sok \u00e1tlagos havi b\u00e9rleti d\u00edja 160 ezer forint volt, annyi, mint a szezon elej\u00e9n, \u00e9s 6 sz\u00e1zal\u00e9kkal magasabb az egy \u00e9vvel kor\u00e1bbin\u00e1l. A panellak\u00e1sok\u00e9rt augusztus v\u00e9g\u00e9n 145 ezer forintot, a t\u00e9gla\u00e9p\u00edt\u00e9s\u0171 lak\u00e1sok\u00e9rt pedig 165 ezer forintot k\u00e9rtek a tulajdonosok.<br \/>\n<div class=\"ads-in-post2\"><script async src=\"https:\/\/pagead2.googlesyndication.com\/pagead\/js\/adsbygoogle.js\"><\/script>\r\n<ins class=\"adsbygoogle\"\r\n     style=\"display:block\"\r\n     data-ad-format=\"fluid\"\r\n     data-ad-layout-key=\"-6t+ed+2i-1n-4w\"\r\n     data-ad-client=\"ca-pub-1959107119989764\"\r\n     data-ad-slot=\"4008251320\"><\/ins>\r\n<script>\r\n     (adsbygoogle = window.adsbygoogle || []).push({});\r\n<\/script><\/div>\n    Debrecenben \u00e9s Szegeden a fels\u0151oktat\u00e1si ponthat\u00e1rok kihirdet\u00e9sekor \u00e9s augusztus v\u00e9g\u00e9n is az alb\u00e9rletek \u00e1tlag\u00e1ra 100 ezer forint volt, Miskolcon pedig 80 ezer forint. \u00c9ves \u00f6sszehasonl\u00edt\u00e1sban Debrecenben 5 sz\u00e1zal\u00e9kos, Szegeden 11, Miskolcon pedig 14 sz\u00e1zal\u00e9kos \u00e1remelked\u00e9st regisztr\u00e1ltak.<br \/>\n    Balogh L\u00e1szl\u00f3 \u00fagy v\u00e9lte, komolyabb dr\u00e1gul\u00e1ssal egyel\u0151re nem kell sz\u00e1molni, mivel komoly mennyis\u00e9g\u0171 kiad\u00f3 lak\u00e1s \u00e9rkezett a piacra. R\u00e1ad\u00e1sul a k\u00edn\u00e1lat tov\u00e1bb b\u0151v\u00fclhet, a k\u00f6vetkez\u0151 n\u00e9h\u00e1ny h\u00f3napban ugyanis t\u00f6bb ezer olyan \u00faj lak\u00e1st adhatnak \u00e1t, amelyet befektet\u0151k v\u00e1s\u00e1roltak meg kiad\u00e1si c\u00e9llal.(MTI)<\/p>\n","protected":false},"excerpt":{"rendered":"<p>Budapesten \u00e9s m\u00e1s egyetemi v\u00e1rosokban (Debrecenben, P\u00e9csen, Gy\u0151rben \u00e9s Miskolcon) az alb\u00e9rletpiacon a b\u00e9rleti \u00e1rak el\u00e9rt\u00e9k a fels\u0151 hat\u00e1rt: j\u00falius v\u00e9ge \u00e9s augusztus v\u00e9ge k\u00f6z\u00f6tt nem emelkedett a kiad\u00f3 lak\u00e1sok b\u00e9rleti d\u00edja &#8211; k\u00f6z\u00f6lte az Ingatlan.com p\u00e9nteken az MTI-vel.<\/p>\n","protected":false},"author":1,"featured_media":82585,"comment_status":"closed","ping_status":"open","sticky":false,"template":"","format":"standard","meta":[],"categories":[146,4,19,22],"tags":[],"_links":{"self":[{"href":"https:\/\/gazdasagportal.hu\/index.php\/wp-json\/wp\/v2\/posts\/118963"}],"collection":[{"href":"https:\/\/gazdasagportal.hu\/index.php\/wp-json\/wp\/v2\/posts"}],"about":[{"href":"https:\/\/gazdasagportal.hu\/index.php\/wp-json\/wp\/v2\/types\/post"}],"author":[{"embeddable":true,"href":"https:\/\/gazdasagportal.hu\/index.php\/wp-json\/wp\/v2\/users\/1"}],"replies":[{"embeddable":true,"href":"https:\/\/gazdasagportal.hu\/index.php\/wp-json\/wp\/v2\/comments?post=118963"}],"version-history":[{"count":1,"href":"https:\/\/gazdasagportal.hu\/index.php\/wp-json\/wp\/v2\/posts\/118963\/revisions"}],"predecessor-version":[{"id":118964,"href":"https:\/\/gazdasagportal.hu\/index.php\/wp-json\/wp\/v2\/posts\/118963\/revisions\/118964"}],"wp:featuredmedia":[{"embeddable":true,"href":"https:\/\/gazdasagportal.hu\/index.php\/wp-json\/wp\/v2\/media\/82585"}],"wp:attachment":[{"href":"https:\/\/gazdasagportal.hu\/index.php\/wp-json\/wp\/v2\/media?parent=118963"}],"wp:term":[{"taxonomy":"category","embeddable":true,"href":"https:\/\/gazdasagportal.hu\/index.php\/wp-json\/wp\/v2\/categories?post=118963"},{"taxonomy":"post_tag","embeddable":true,"href":"https:\/\/gazdasagportal.hu\/index.php\/wp-json\/wp\/v2\/tags?post=118963"}],"curies":[{"name":"wp","href":"https:\/\/api.w.org\/{rel}","templated":true}]}}