{"id":118878,"date":"2019-08-20T09:06:47","date_gmt":"2019-08-20T07:06:47","guid":{"rendered":"http:\/\/gazdasagportal.hu\/?p=118878"},"modified":"2019-08-20T09:06:47","modified_gmt":"2019-08-20T07:06:47","slug":"kiderult-hogy-iden-3-iphone-modellt-mutatnak-be","status":"publish","type":"post","link":"https:\/\/gazdasagportal.hu\/index.php\/kiderult-hogy-iden-3-iphone-modellt-mutatnak-be\/","title":{"rendered":"Kider\u00fclt, hogy id\u00e9n 3 iPhone modellt mutatnak be"},"content":{"rendered":"<p><strong>M\u00e1r csak egy h\u00f3nap van h\u00e1tra a szeptemberi 2019 Apple bemutat\u00f3ig, ahol a leg\u00fajabb, 2019-es iPhone modelleket mutatj\u00e1k be. Az Apple, mint minden \u00e9vben id\u00e9n sem \u00e1rul el semmit az \u00faj k\u00e9sz\u00fcl\u00e9kekr\u0151l, azonban a <a href=\"https:\/\/www.phonebox.hu\" target=\"_blank\" rel=\"noopener\">Phonebox<\/a> telefontok gy\u00e1rt\u00f3 kapcsolatainak k\u00f6sz\u00f6nhet\u0151en, egyvalamiben m\u00e1r biztosak lehet\u00fcnk. 2019-ben h\u00e1rom \u00faj iPhone modellt mutatnak be. Az iPhone XI-t, iPhone XIR-t \u00e9s iPhon XI Max-ot, amire m\u00e1r a gy\u00e1rt\u00f3k szerint, a 100%-ig illeszked\u0151 telefontokok is befutottak.<\/strong><!--more--><\/p>\n<div class=\"ads-in-post1\"><div id=\"gazdasagportal.hu_fullbanner_wideboard\"><\/div>\r\n<\/div>\n<p>A kor\u00e1bbi kisziv\u00e1rogtat\u00e1sok a telefonokr\u00f3l igaznak bizonyultak, teh\u00e1t az Apple id\u00e9n a t\u00f6bbi gy\u00e1rt\u00f3hoz hasonl\u00f3an a kamera fejleszt\u00e9s\u00e9t vette c\u00e9lba. A f\u0151bb m\u00f3dos\u00edt\u00e1sokr\u00f3l a leg\u00fajabb kez\u00fcnkbe ker\u00fclt telefontok \u00e1rulkodik a hatalmas kamera szigettel, ami m\u00e9retileg minden k\u00e9sz\u00fcl\u00e9ken megegyez\u0151 lesz, azonban modellt\u0151l f\u00fcgg\u0151en 2 illetve 3 optik\u00e1t fog tartalmazni. Az \u00e9rtes\u00fcl\u00e9sek szerint 48Mp felbont\u00e1ssal, valamint 3-szoros optikai zoommal ker\u00fcl a k\u00e9sz\u00fcl\u00e9kekbe egy ultrasz\u00e9les l\u00e1t\u00f3sz\u00f6g\u0171 lencs\u00e9vel kieg\u00e9sz\u00edtve.<\/p>\n<p>Kijelz\u0151 m\u00e9reteket tekintve 6,1 inch lesz az olcs\u00f3bb \u00e1raz\u00e1s\u00fa, k\u00e9tkamer\u00e1s iPhone XIR modell. Az azonos tud\u00e1ssal felv\u00e9rtezett 3 optik\u00e1val rendelkez\u0151 Apple iPhone XI \u00e9s iPhone XI Max 5,8 illetve 6.5 Inch m\u00e9retekben lesznek kaphat\u00f3k, ahogy azt a leg\u00fajabb tartoz\u00e9kok is mutatj\u00e1k.<\/p><div id=\"gazda-2661933728\" class=\"gazda-tartalomban gazda-entity-placement\"><script async src=\"https:\/\/pagead2.googlesyndication.com\/pagead\/js\/adsbygoogle.js\"><\/script>\r\n<ins class=\"adsbygoogle\"\r\n     style=\"display:block\"\r\n     data-ad-format=\"fluid\"\r\n     data-ad-layout-key=\"-6t+ed+2i-1n-4w\"\r\n     data-ad-client=\"ca-pub-1959107119989764\"\r\n     data-ad-slot=\"4008251320\"><\/ins>\r\n<script>\r\n     (adsbygoogle = window.adsbygoogle || []).push({});\r\n<\/script><\/div>\n<p>A k\u00fcls\u0151t tekintve a telefontokon, a kamerasziget m\u00e9ret\u00e9nek n\u00f6veked\u00e9s\u00e9t figyelhetj\u00fck meg, illetve a modell el\u0151z\u0151 modellhez viszony\u00edtott v\u00e9konyod\u00e1s\u00e1t is. A kijelz\u0151 m\u00e9ret nem v\u00e1ltozott, viszont a v\u00e9konyabb k\u00e9sz\u00fcl\u00e9kh\u00e1z sokkal k\u00e9nyelmesebben lehet majd k\u00e9zben tartani a k\u00e9sz\u00fcl\u00e9ket \u00e9s sokkal kisebb lesz a s\u00e9r\u00fcl\u00e9s es\u00e9lye. Az als\u00f3 r\u00e9szen tal\u00e1lhat\u00f3 megn\u00f6vekedett csatlakoz\u00f3 kiv\u00e1g\u00e1s pedig a sz\u00e9lesk\u00f6r\u0171en elterjed Usb-C szabv\u00e1ny haszn\u00e1lat\u00e1ra utal, amit az Apple a MacBook-okban m\u00e1r el\u0151szeretettel haszn\u00e1l.<\/p>\n<div class=\"ads-in-post2\"><script async src=\"https:\/\/pagead2.googlesyndication.com\/pagead\/js\/adsbygoogle.js\"><\/script>\r\n<ins class=\"adsbygoogle\"\r\n     style=\"display:block\"\r\n     data-ad-format=\"fluid\"\r\n     data-ad-layout-key=\"-6t+ed+2i-1n-4w\"\r\n     data-ad-client=\"ca-pub-1959107119989764\"\r\n     data-ad-slot=\"4008251320\"><\/ins>\r\n<script>\r\n     (adsbygoogle = window.adsbygoogle || []).push({});\r\n<\/script><\/div>\nGy\u00e1rt\u00f3i \u00e9rtes\u00fcl\u00e9seink szerint az \u00faj XIR modell az el\u0151z\u0151 iPhone XS sz\u00e9ri\u00e1ban bemutatott A12 Bionic processzort kapja meg, m\u00edg dr\u00e1g\u00e1bb XI \u00e9s XI Max modelleket a leg\u00fajabb A13 Bionic lapkak\u00e9szlettel szerelik, ami a specifik\u00e1ci\u00f3k szerint az \u00f6sszes Androidos k\u00e9sz\u00fcl\u00e9k teljes\u00edtm\u00e9ny\u00e9t lek\u00f6r\u00f6zheti. A mem\u00f3ria mindh\u00e1rom esetben 4Gb lesz, ami manaps\u00e1g nem kiemelked\u0151, de az Apple z\u00e1rt rendszer\u00e9nek futtat\u00e1s\u00e1hoz ez is b\u0151ven el\u00e9g.<\/p>\n<p>Az \u00e1rak tekintet\u00e9ben szerencs\u00e9re az Apple nem folytatja a n\u00f6vekv\u0151 tendenci\u00e1t \u00edgy most is a jelenlegi \u00e1rakra sz\u00e1m\u00edthatunk: XIR &#8211; 799$, XI &#8211; 999$ , XI Max &#8211; 1099$. Ez az itthoni ad\u00f3kkal egy\u00fctt 300 \u00e9s 500 ezer forint k\u00f6z\u00f6tt alakul majd a t\u00e1rhely (128-512Gb) m\u00e9ret\u00e9t\u0151l f\u00fcgg\u0151en.<\/p>\n","protected":false},"excerpt":{"rendered":"<p>M\u00e1r csak egy h\u00f3nap van h\u00e1tra a szeptemberi 2019 Apple bemutat\u00f3ig, ahol a leg\u00fajabb, 2019-es iPhone modelleket mutatj\u00e1k be. Az Apple, mint minden \u00e9vben id\u00e9n sem \u00e1rul el semmit az \u00faj k\u00e9sz\u00fcl\u00e9kekr\u0151l, azonban a Phonebox telefontok gy\u00e1rt\u00f3 kapcsolatainak k\u00f6sz\u00f6nhet\u0151en, egyvalamiben m\u00e1r biztosak lehet\u00fcnk. 2019-ben h\u00e1rom \u00faj iPhone modellt mutatnak be. Az iPhone XI-t, iPhone XIR-t &#8230;<\/p>\n","protected":false},"author":1001003,"featured_media":0,"comment_status":"closed","ping_status":"open","sticky":false,"template":"","format":"standard","meta":[],"categories":[4,19],"tags":[],"_links":{"self":[{"href":"https:\/\/gazdasagportal.hu\/index.php\/wp-json\/wp\/v2\/posts\/118878"}],"collection":[{"href":"https:\/\/gazdasagportal.hu\/index.php\/wp-json\/wp\/v2\/posts"}],"about":[{"href":"https:\/\/gazdasagportal.hu\/index.php\/wp-json\/wp\/v2\/types\/post"}],"author":[{"embeddable":true,"href":"https:\/\/gazdasagportal.hu\/index.php\/wp-json\/wp\/v2\/users\/1001003"}],"replies":[{"embeddable":true,"href":"https:\/\/gazdasagportal.hu\/index.php\/wp-json\/wp\/v2\/comments?post=118878"}],"version-history":[{"count":1,"href":"https:\/\/gazdasagportal.hu\/index.php\/wp-json\/wp\/v2\/posts\/118878\/revisions"}],"predecessor-version":[{"id":118879,"href":"https:\/\/gazdasagportal.hu\/index.php\/wp-json\/wp\/v2\/posts\/118878\/revisions\/118879"}],"wp:attachment":[{"href":"https:\/\/gazdasagportal.hu\/index.php\/wp-json\/wp\/v2\/media?parent=118878"}],"wp:term":[{"taxonomy":"category","embeddable":true,"href":"https:\/\/gazdasagportal.hu\/index.php\/wp-json\/wp\/v2\/categories?post=118878"},{"taxonomy":"post_tag","embeddable":true,"href":"https:\/\/gazdasagportal.hu\/index.php\/wp-json\/wp\/v2\/tags?post=118878"}],"curies":[{"name":"wp","href":"https:\/\/api.w.org\/{rel}","templated":true}]}}