{"id":118864,"date":"2019-08-20T08:43:28","date_gmt":"2019-08-20T06:43:28","guid":{"rendered":"http:\/\/gazdasagportal.hu\/?p=118864"},"modified":"2019-08-20T08:43:28","modified_gmt":"2019-08-20T06:43:28","slug":"augusztus-20-felvontak-a-nemzeti-lobogot-az-orszaghaz-elott","status":"publish","type":"post","link":"https:\/\/gazdasagportal.hu\/index.php\/augusztus-20-felvontak-a-nemzeti-lobogot-az-orszaghaz-elott\/","title":{"rendered":"Augusztus 20. &#8211; Felvont\u00e1k a nemzeti lobog\u00f3t az Orsz\u00e1gh\u00e1z el\u0151tt"},"content":{"rendered":"<p><strong>Katonai tiszteletad\u00e1s mellett, \u00c1der J\u00e1nos \u00e1llamf\u0151 jelenl\u00e9t\u00e9ben felvont\u00e1k Magyarorsz\u00e1g nemzeti lobog\u00f3j\u00e1t az augusztus 20-ai \u00e1llami \u00fcnnepen, kedd reggel Budapesten, a Parlament el\u0151tti Kossuth Lajos t\u00e9ren.<\/strong><!--more--><\/p>\n<div class=\"ads-in-post1\"><div id=\"gazdasagportal.hu_fullbanner_wideboard\"><\/div>\r\n<\/div>\n<p>    A lobog\u00f3t a Himnusz hangjaira a Magyar Honv\u00e9ds\u00e9g d\u00edszegys\u00e9ge vonta fel. Az esem\u00e9nyen k\u00f6zrem\u0171k\u00f6d\u00f6tt a k\u00f6zponti katonazenekar \u00e9s a nemzeti lovas d\u00edszegys\u00e9g.<br \/>\n    A cerem\u00f3ni\u00e1n \u00c1der J\u00e1nos mellett, Benk\u0151 Tibor honv\u00e9delmi miniszter, Korom Ferenc, a Magyar Honv\u00e9ds\u00e9g parancsnoka, a korm\u00e1ny k\u00e9pvisel\u0151i, tov\u00e1bb\u00e1 \u00e1llami \u00e9s katonai szervezetek, a diplom\u00e1ciai test\u00fclet k\u00e9pvisel\u0151i, valamint t\u00f6bb sz\u00e1z \u00e9rdekl\u0151d\u0151 vett r\u00e9szt.<br \/>\n<div class=\"ads-in-post2\"><script async src=\"https:\/\/pagead2.googlesyndication.com\/pagead\/js\/adsbygoogle.js\"><\/script>\r\n<ins class=\"adsbygoogle\"\r\n     style=\"display:block\"\r\n     data-ad-format=\"fluid\"\r\n     data-ad-layout-key=\"-6t+ed+2i-1n-4w\"\r\n     data-ad-client=\"ca-pub-1959107119989764\"\r\n     data-ad-slot=\"4008251320\"><\/ins>\r\n<script>\r\n     (adsbygoogle = window.adsbygoogle || []).push({});\r\n<\/script><\/div>\n    A lobog\u00f3 felvon\u00e1sa ut\u00e1n a honv\u00e9dtisztjel\u00f6ltek teszik le esk\u00fcj\u00fcket.<br \/>\n    Ezt k\u00f6vet\u0151en l\u00e9gi par\u00e1d\u00e9t tartanak a Parlamentn\u00e9l. A k\u00f6zponti programok k\u00f6z\u00f6tt id\u00e9n is lesz parlamenti ny\u00edlt nap, Magyar \u00edzek utc\u00e1ja, emellett a V\u00e1rkert Baz\u00e1rban, valamint a Clark \u00c1d\u00e1m t\u00e9ren programokkal, koncertekkel v\u00e1rj\u00e1k az \u00fcnnepl\u0151ket. D\u00e9lut\u00e1n a szok\u00e1sokhoz h\u00edven megrendezik a Szent Jobb-k\u00f6rmenetet. Az \u00fcnnepi programokat az esti t\u0171zij\u00e1t\u00e9k z\u00e1rja a f\u0151v\u00e1rosban.<br \/>\n    Orsz\u00e1gszerte sz\u00e1mos telep\u00fcl\u00e9sen \u00e9s a hat\u00e1rokon t\u00fal is tartanak programokat az \u00e1llami \u00fcnnepen.(MTI)<\/p>\n","protected":false},"excerpt":{"rendered":"<p>Katonai tiszteletad\u00e1s mellett, \u00c1der J\u00e1nos \u00e1llamf\u0151 jelenl\u00e9t\u00e9ben felvont\u00e1k Magyarorsz\u00e1g nemzeti lobog\u00f3j\u00e1t az augusztus 20-ai \u00e1llami \u00fcnnepen, kedd reggel Budapesten, a Parlament el\u0151tti Kossuth Lajos t\u00e9ren.<\/p>\n","protected":false},"author":1001003,"featured_media":0,"comment_status":"closed","ping_status":"open","sticky":false,"template":"","format":"standard","meta":[],"categories":[4],"tags":[],"_links":{"self":[{"href":"https:\/\/gazdasagportal.hu\/index.php\/wp-json\/wp\/v2\/posts\/118864"}],"collection":[{"href":"https:\/\/gazdasagportal.hu\/index.php\/wp-json\/wp\/v2\/posts"}],"about":[{"href":"https:\/\/gazdasagportal.hu\/index.php\/wp-json\/wp\/v2\/types\/post"}],"author":[{"embeddable":true,"href":"https:\/\/gazdasagportal.hu\/index.php\/wp-json\/wp\/v2\/users\/1001003"}],"replies":[{"embeddable":true,"href":"https:\/\/gazdasagportal.hu\/index.php\/wp-json\/wp\/v2\/comments?post=118864"}],"version-history":[{"count":1,"href":"https:\/\/gazdasagportal.hu\/index.php\/wp-json\/wp\/v2\/posts\/118864\/revisions"}],"predecessor-version":[{"id":118865,"href":"https:\/\/gazdasagportal.hu\/index.php\/wp-json\/wp\/v2\/posts\/118864\/revisions\/118865"}],"wp:attachment":[{"href":"https:\/\/gazdasagportal.hu\/index.php\/wp-json\/wp\/v2\/media?parent=118864"}],"wp:term":[{"taxonomy":"category","embeddable":true,"href":"https:\/\/gazdasagportal.hu\/index.php\/wp-json\/wp\/v2\/categories?post=118864"},{"taxonomy":"post_tag","embeddable":true,"href":"https:\/\/gazdasagportal.hu\/index.php\/wp-json\/wp\/v2\/tags?post=118864"}],"curies":[{"name":"wp","href":"https:\/\/api.w.org\/{rel}","templated":true}]}}