{"id":118862,"date":"2019-08-20T09:42:36","date_gmt":"2019-08-20T07:42:36","guid":{"rendered":"http:\/\/gazdasagportal.hu\/?p=118862"},"modified":"2019-08-20T08:42:35","modified_gmt":"2019-08-20T06:42:35","slug":"augusztus-20-ma-van-a-debreceni-viragkarneval","status":"publish","type":"post","link":"https:\/\/gazdasagportal.hu\/index.php\/augusztus-20-ma-van-a-debreceni-viragkarneval\/","title":{"rendered":"Augusztus 20. &#8211; Ma van a Debreceni Vir\u00e1gkarnev\u00e1l"},"content":{"rendered":"<p><strong>Ma rendezik meg az 50. Debreceni Vir\u00e1gkarnev\u00e1lt, a menetben 18 vir\u00e1gkocsi, 10 hazai \u00e9s 17 k\u00fclf\u00f6ldi m\u0171v\u00e9szeti csoport mutatkozik be. <\/strong><!--more--><\/p>\n<div class=\"ads-in-post1\"><div id=\"gazdasagportal.hu_fullbanner_wideboard\"><\/div>\r\n<\/div>\n<p>     A reggel 7 \u00f3rakor indul\u00f3 idei karnev\u00e1li menetben l\u00e1that\u00f3 kompoz\u00edci\u00f3k tisztelegnek a t\u00f6bb mint ezer\u00e9ves magyar \u00e1llamis\u00e1g \u00e9s \u00e1llamalap\u00edt\u00f3 Szent Istv\u00e1n kir\u00e1ly el\u0151tt, k\u00f6sz\u00f6ntik az \u00e9letet ad\u00f3 \u00faj kenyeret, valamint felid\u00e9zik a r\u00e9gi karnev\u00e1lok hangulat\u00e1t.<br \/>\n    Az \u00e9vfordul\u00f3 jegy\u00e9ben 50 belv\u00e1rosi \u00fczlet, vend\u00e9gl\u00e1t\u00f3hely kapcsol\u00f3dott be az 50 \u00e9v 50 kirakat akci\u00f3ba, amelynek keret\u00e9ben a tulajdonosok kiv\u00e1laszthattak egy-egy esztend\u0151t, amelyet korabeli vir\u00e1gkarnev\u00e1lok dokumentumaival, fot\u00f3ival, az adott \u00e9vre jellemz\u0151 \u00f6lt\u00f6z\u00e9kekkel \u00e9s kieg\u00e9sz\u00edt\u0151kkel jelen\u00edtettek meg sok-sok vir\u00e1g felhaszn\u00e1l\u00e1s\u00e1val a kirakatokban.<br \/>\n<div class=\"ads-in-post2\"><script async src=\"https:\/\/pagead2.googlesyndication.com\/pagead\/js\/adsbygoogle.js\"><\/script>\r\n<ins class=\"adsbygoogle\"\r\n     style=\"display:block\"\r\n     data-ad-format=\"fluid\"\r\n     data-ad-layout-key=\"-6t+ed+2i-1n-4w\"\r\n     data-ad-client=\"ca-pub-1959107119989764\"\r\n     data-ad-slot=\"4008251320\"><\/ins>\r\n<script>\r\n     (adsbygoogle = window.adsbygoogle || []).push({});\r\n<\/script><\/div>\n    A karnev\u00e1lra t\u00f6bb mint 100 \u00e9ves kov\u00e1szb\u00f3l elk\u00e9sz\u00fclt Debrecen kenyere, amelyb\u0151l \u00f6tvenet osztanak sz\u00e9t a v\u00e1ros k\u00fcl\u00f6nb\u00f6z\u0151 int\u00e9zm\u00e9nyeiben. A Nagytemplom el\u0151tti t\u00e9rre 50-es felirat\u00fa vir\u00e1gkapun l\u00e9phetnek be a l\u00e1togat\u00f3k \u00e9s kivil\u00e1g\u00edthat\u00f3 vir\u00e1gd\u00edszeket kaptak a f\u0151t\u00e9r sz\u00f6k\u0151k\u00fatjai is.<br \/>\n    A Karnev\u00e1l\u00e9j elnevez\u00e9s\u0171 ar\u00e9nashow este 7 \u00f3rakor kezd\u0151dik a Nagyerdei Stadionban, a l\u00e1tv\u00e1nyos m\u0171sorban mintegy k\u00e9tezer fell\u00e9p\u0151t l\u00e1that a k\u00f6z\u00f6ns\u00e9g.(MTI)<\/p>\n","protected":false},"excerpt":{"rendered":"<p>Ma rendezik meg az 50. Debreceni Vir\u00e1gkarnev\u00e1lt, a menetben 18 vir\u00e1gkocsi, 10 hazai \u00e9s 17 k\u00fclf\u00f6ldi m\u0171v\u00e9szeti csoport mutatkozik be.<\/p>\n","protected":false},"author":1001003,"featured_media":0,"comment_status":"closed","ping_status":"open","sticky":false,"template":"","format":"standard","meta":[],"categories":[4],"tags":[],"_links":{"self":[{"href":"https:\/\/gazdasagportal.hu\/index.php\/wp-json\/wp\/v2\/posts\/118862"}],"collection":[{"href":"https:\/\/gazdasagportal.hu\/index.php\/wp-json\/wp\/v2\/posts"}],"about":[{"href":"https:\/\/gazdasagportal.hu\/index.php\/wp-json\/wp\/v2\/types\/post"}],"author":[{"embeddable":true,"href":"https:\/\/gazdasagportal.hu\/index.php\/wp-json\/wp\/v2\/users\/1001003"}],"replies":[{"embeddable":true,"href":"https:\/\/gazdasagportal.hu\/index.php\/wp-json\/wp\/v2\/comments?post=118862"}],"version-history":[{"count":1,"href":"https:\/\/gazdasagportal.hu\/index.php\/wp-json\/wp\/v2\/posts\/118862\/revisions"}],"predecessor-version":[{"id":118863,"href":"https:\/\/gazdasagportal.hu\/index.php\/wp-json\/wp\/v2\/posts\/118862\/revisions\/118863"}],"wp:attachment":[{"href":"https:\/\/gazdasagportal.hu\/index.php\/wp-json\/wp\/v2\/media?parent=118862"}],"wp:term":[{"taxonomy":"category","embeddable":true,"href":"https:\/\/gazdasagportal.hu\/index.php\/wp-json\/wp\/v2\/categories?post=118862"},{"taxonomy":"post_tag","embeddable":true,"href":"https:\/\/gazdasagportal.hu\/index.php\/wp-json\/wp\/v2\/tags?post=118862"}],"curies":[{"name":"wp","href":"https:\/\/api.w.org\/{rel}","templated":true}]}}