{"id":118848,"date":"2019-08-19T10:10:36","date_gmt":"2019-08-19T08:10:36","guid":{"rendered":"http:\/\/gazdasagportal.hu\/?p=118848"},"modified":"2019-08-19T09:01:37","modified_gmt":"2019-08-19T07:01:37","slug":"a-heten-is-sok-lesz-a-napsutes","status":"publish","type":"post","link":"https:\/\/gazdasagportal.hu\/index.php\/a-heten-is-sok-lesz-a-napsutes\/","title":{"rendered":"A h\u00e9ten is sok lesz a naps\u00fct\u00e9s"},"content":{"rendered":"<p><strong>A h\u00e9ten is sok lesz a naps\u00fct\u00e9s, csak helyenk\u00e9nt lehetnek z\u00e1porok, zivatarok. Augusztus 20-\u00e1n is sz\u00e1raz id\u0151 v\u00e1rhat\u00f3, k\u00e1nikul\u00e1val. A h\u00e9t m\u00e1sodik fel\u00e9ben m\u00e9rs\u00e9kl\u0151dik a meleg &#8211; der\u00fcl ki az Orsz\u00e1gos Meteorol\u00f3giai Szolg\u00e1lat orsz\u00e1gos, k\u00f6z\u00e9pt\u00e1v\u00fa el\u0151rejelz\u00e9s\u00e9b\u0151l, amelyet vas\u00e1rnap juttattak el az MTI-hez.<\/strong><!--more--><\/p>\n<div class=\"ads-in-post1\"><div id=\"gazdasagportal.hu_fullbanner_wideboard\"><\/div>\r\n<\/div>\n<p>    H\u00e9tf\u0151n napos id\u0151 v\u00e1rhat\u00f3, de a nyugati hat\u00e1rvid\u00e9k f\u00f6l\u00e9 d\u00e9lut\u00e1n, este besodr\u00f3dhat egy-egy zivatar. A legmagasabb h\u0151m\u00e9rs\u00e9klet 29 \u00e9s 34 fok k\u00f6z\u00f6tt alakul.<br \/>\n    Kedden, augusztus 20-\u00e1n t\u00falnyom\u00f3an napos id\u0151 lesz, csapad\u00e9k nem val\u00f3sz\u00edn\u0171, de Sopron t\u00e9rs\u00e9g\u00e9ben lehet egy-egy zivatar. A leghidegebb \u00f3r\u00e1kban 14-20 fok lesz, napk\u00f6zben 30-34 fokig melegszik fel a leveg\u0151. Budapest t\u00e9rs\u00e9g\u00e9ben gyeng\u00e9n felh\u0151s, sz\u00e1raz id\u0151 val\u00f3sz\u00edn\u0171, t\u00f6bbnyire m\u00e9rs\u00e9kelt l\u00e9gmozg\u00e1ssal, a d\u00e9lel\u0151tti \u00e9s esti \u00f3r\u00e1kban is. A hajnali 18 fokr\u00f3l 33 fokig emelkedik a h\u0151m\u00e9rs\u00e9klet.<br \/>\n    Szerd\u00e1n t\u00f6bb \u00f3r\u00e1ra kis\u00fct a nap. A nyugati \u00e9s \u00e9szaki megy\u00e9kben el\u0151fordulhat z\u00e1por, zivatar, m\u00e1sutt nem val\u00f3sz\u00edn\u0171 csapad\u00e9k. A sz\u00e9l t\u00f6bb helyen meger\u0151s\u00f6dik, a Dun\u00e1nt\u00falon n\u00e9hol viharos sz\u00e9ll\u00f6k\u00e9sek is lehetnek. A minimumh\u0151m\u00e9rs\u00e9klet 16-22, a maximumh\u0151m\u00e9rs\u00e9klet nyugaton 25, keleten 34 fok k\u00f6r\u00fcl alakul.<br \/>\n    Cs\u00fct\u00f6rt\u00f6k\u00f6n is t\u00f6bb\u00f3r\u00e1s naps\u00fct\u00e9s v\u00e1rhat\u00f3, csak helyenk\u00e9nt alakulhat ki z\u00e1por, zivatar. A sz\u00e9l az orsz\u00e1g keleti fel\u00e9ben eleinte er\u0151s lesz, majd fokozatosan m\u00e9rs\u00e9kl\u0151dik a l\u00e9gmozg\u00e1s. A legalacsonyabb h\u0151m\u00e9rs\u00e9klet 15 \u00e9s 20, a legmagasabb h\u0151m\u00e9rs\u00e9klet 26 \u00e9s 32 fok k\u00f6z\u00f6tt alakul.<br \/>\n<div class=\"ads-in-post2\"><script async src=\"https:\/\/pagead2.googlesyndication.com\/pagead\/js\/adsbygoogle.js\"><\/script>\r\n<ins class=\"adsbygoogle\"\r\n     style=\"display:block\"\r\n     data-ad-format=\"fluid\"\r\n     data-ad-layout-key=\"-6t+ed+2i-1n-4w\"\r\n     data-ad-client=\"ca-pub-1959107119989764\"\r\n     data-ad-slot=\"4008251320\"><\/ins>\r\n<script>\r\n     (adsbygoogle = window.adsbygoogle || []).push({});\r\n<\/script><\/div>\n    P\u00e9nteken is sok lesz a naps\u00fct\u00e9s, de helyenk\u00e9nt kialakulhat z\u00e1por, zivatar. A leghidegebb \u00f3r\u00e1kban 14-19 fok lesz. Napk\u00f6zben 26-31 fokig melegszik fel a leveg\u0151.<br \/>\n    Szombaton a t\u00f6bb-kevesebb naps\u00fct\u00e9s mellett sz\u00f3rv\u00e1nyosan val\u00f3sz\u00edn\u0171 z\u00e1por, zivatar. A sz\u00e9l helyenk\u00e9nt meg\u00e9l\u00e9nk\u00fcl, de zivatarok k\u00f6rnyezet\u00e9ben viharos sz\u00e9ll\u00f6k\u00e9s is lehet. A minimumh\u0151m\u00e9rs\u00e9klet 14 \u00e9s 19 fok k\u00f6z\u00f6tt val\u00f3sz\u00edn\u0171. A nappali maximumok 26 \u00e9s 31 fok k\u00f6z\u00f6tt alakulnak.<br \/>\n    Vas\u00e1rnap is jellemz\u0151en naps\u00fct\u00e9ses lesz az id\u0151, sz\u00f3rv\u00e1nyosan v\u00e1rhat\u00f3 z\u00e1por, zivatar. Zivatarok k\u00f6rnyezet\u00e9ben lehetnek viharos sz\u00e9ll\u00f6k\u00e9sek. A legalacsonyabb h\u0151m\u00e9rs\u00e9klet 14 \u00e9s 19, a legmagasabb h\u0151m\u00e9rs\u00e9klet 26 \u00e9s 31 fok k\u00f6z\u00f6tt alakul &#8211; olvashat\u00f3 az el\u0151rejelz\u00e9sben.(MTI)<\/p>\n","protected":false},"excerpt":{"rendered":"<p>A h\u00e9ten is sok lesz a naps\u00fct\u00e9s, csak helyenk\u00e9nt lehetnek z\u00e1porok, zivatarok. Augusztus 20-\u00e1n is sz\u00e1raz id\u0151 v\u00e1rhat\u00f3, k\u00e1nikul\u00e1val. A h\u00e9t m\u00e1sodik fel\u00e9ben m\u00e9rs\u00e9kl\u0151dik a meleg &#8211; der\u00fcl ki az Orsz\u00e1gos Meteorol\u00f3giai Szolg\u00e1lat orsz\u00e1gos, k\u00f6z\u00e9pt\u00e1v\u00fa el\u0151rejelz\u00e9s\u00e9b\u0151l, amelyet vas\u00e1rnap juttattak el az MTI-hez.<\/p>\n","protected":false},"author":1001003,"featured_media":0,"comment_status":"closed","ping_status":"open","sticky":false,"template":"","format":"standard","meta":[],"categories":[4],"tags":[],"_links":{"self":[{"href":"https:\/\/gazdasagportal.hu\/index.php\/wp-json\/wp\/v2\/posts\/118848"}],"collection":[{"href":"https:\/\/gazdasagportal.hu\/index.php\/wp-json\/wp\/v2\/posts"}],"about":[{"href":"https:\/\/gazdasagportal.hu\/index.php\/wp-json\/wp\/v2\/types\/post"}],"author":[{"embeddable":true,"href":"https:\/\/gazdasagportal.hu\/index.php\/wp-json\/wp\/v2\/users\/1001003"}],"replies":[{"embeddable":true,"href":"https:\/\/gazdasagportal.hu\/index.php\/wp-json\/wp\/v2\/comments?post=118848"}],"version-history":[{"count":1,"href":"https:\/\/gazdasagportal.hu\/index.php\/wp-json\/wp\/v2\/posts\/118848\/revisions"}],"predecessor-version":[{"id":118849,"href":"https:\/\/gazdasagportal.hu\/index.php\/wp-json\/wp\/v2\/posts\/118848\/revisions\/118849"}],"wp:attachment":[{"href":"https:\/\/gazdasagportal.hu\/index.php\/wp-json\/wp\/v2\/media?parent=118848"}],"wp:term":[{"taxonomy":"category","embeddable":true,"href":"https:\/\/gazdasagportal.hu\/index.php\/wp-json\/wp\/v2\/categories?post=118848"},{"taxonomy":"post_tag","embeddable":true,"href":"https:\/\/gazdasagportal.hu\/index.php\/wp-json\/wp\/v2\/tags?post=118848"}],"curies":[{"name":"wp","href":"https:\/\/api.w.org\/{rel}","templated":true}]}}