{"id":118846,"date":"2019-08-19T13:59:23","date_gmt":"2019-08-19T11:59:23","guid":{"rendered":"http:\/\/gazdasagportal.hu\/?p=118846"},"modified":"2019-08-19T09:00:10","modified_gmt":"2019-08-19T07:00:10","slug":"brexit-az-eszakirek-tobbsege-tamogatna-az-orszagreszre-vonatkozo-tartalekmegoldast","status":"publish","type":"post","link":"https:\/\/gazdasagportal.hu\/index.php\/brexit-az-eszakirek-tobbsege-tamogatna-az-orszagreszre-vonatkozo-tartalekmegoldast\/","title":{"rendered":"Brexit &#8211; Az \u00e9szak\u00edrek t\u00f6bbs\u00e9ge t\u00e1mogatn\u00e1 az orsz\u00e1gr\u00e9szre vonatkoz\u00f3 tartal\u00e9kmegold\u00e1st"},"content":{"rendered":"<p><strong>Az \u00c9szak-\u00cdrorsz\u00e1gban \u00e9l\u0151k t\u00f6bbs\u00e9ge t\u00e1mogatn\u00e1 a brit eur\u00f3pai uni\u00f3s tags\u00e1g megsz\u0171n\u00e9s\u00e9r\u0151l sz\u00f3l\u00f3 vit\u00e1ban az \u00edr-\u00e9szak\u00edr hat\u00e1rellen\u0151rz\u00e9s elker\u00fcl\u00e9s\u00e9t c\u00e9lz\u00f3 tartal\u00e9kmegold\u00e1snak azt a v\u00e1ltozat\u00e1t, amely az \u00cdr-tengerre helyezn\u00e9 a v\u00e1mhat\u00e1rt az EU-val &#8211; der\u00fclt ki egy vas\u00e1rnap ismertetett felm\u00e9r\u00e9sb\u0151l.<\/strong><!--more--><\/p>\n<div class=\"ads-in-post1\"><div id=\"gazdasagportal.hu_fullbanner_wideboard\"><\/div>\r\n<\/div>\n<p>    A The Sunday Times c\u00edm\u0171 konzervat\u00edv lap a LucidTalk belfasti k\u00f6zv\u00e9lem\u00e9ny-kutat\u00f3 int\u00e9zet felm\u00e9r\u00e9s\u00e9nek eredm\u00e9nyeit ismertetve arr\u00f3l \u00edrt, hogy az \u00e9szak\u00edrek 58,4 sz\u00e1zal\u00e9ka elfogadn\u00e1, ha a tartal\u00e9kmegold\u00e1s (backstop) csak r\u00e1juk, \u00e9s nem az Egyes\u00fclt Kir\u00e1lys\u00e1g eg\u00e9sz\u00e9re vonatkozna. Kevesebb mint 40 sz\u00e1zal\u00e9kuk utas\u00edtotta el a felm\u00e9r\u00e9s szerint, hogy \u00c9szak-\u00cdrorsz\u00e1g szorosabb kapcsolatban maradjon az EU-val, mint az Egyes\u00fclt Kir\u00e1lys\u00e1g t\u00f6bbi r\u00e9sze.<br \/>\n    A Boris Johnson vezette konzervat\u00edv brit kisebbs\u00e9gi korm\u00e1ny \u00e9s k\u00fcls\u0151 t\u00e1mogat\u00f3juk, a legnagyobb \u00e9szak-\u00edrorsz\u00e1gi protest\u00e1ns britp\u00e1rti er\u0151, a Demokratikus Unionista P\u00e1rt (DUP) azonban mereven ellenzi, hogy \u00c9szak-\u00cdrorsz\u00e1gra m\u00e1s szab\u00e1lyok vonatkozzanak, mint az orsz\u00e1g t\u00f6bbi r\u00e9sz\u00e9re.<br \/>\n<div class=\"ads-in-post2\"><script async src=\"https:\/\/pagead2.googlesyndication.com\/pagead\/js\/adsbygoogle.js\"><\/script>\r\n<ins class=\"adsbygoogle\"\r\n     style=\"display:block\"\r\n     data-ad-format=\"fluid\"\r\n     data-ad-layout-key=\"-6t+ed+2i-1n-4w\"\r\n     data-ad-client=\"ca-pub-1959107119989764\"\r\n     data-ad-slot=\"4008251320\"><\/ins>\r\n<script>\r\n     (adsbygoogle = window.adsbygoogle || []).push({});\r\n<\/script><\/div>\n    Az Eur\u00f3pai Uni\u00f3 \u00e9s az el\u0151z\u0151, Theresa May vezette brit korm\u00e1ny k\u00f6z\u00f6tt l\u00e9trej\u00f6tt Brexit-meg\u00e1llapod\u00e1sban ez a tartal\u00e9kmegold\u00e1s rendelkezik az \u00cdrorsz\u00e1g \u00e9s \u00c9szak-\u00cdrorsz\u00e1g k\u00f6z\u00f6tti 499 kilom\u00e9teres hat\u00e1rszakaszr\u00f3l. Eszerint a hat\u00e1rellen\u0151rz\u00e9s elker\u00fcl\u00e9se \u00e9rdek\u00e9ben az Egyes\u00fclt Kir\u00e1lys\u00e1g eg\u00e9sze v\u00e1muni\u00f3s viszonyrendszerben maradna az EU-val, ha nem siker\u00fcl olyan k\u00e9toldal\u00fa kereskedelmi meg\u00e1llapod\u00e1sra jutni, amely \u00f6nmag\u00e1ban feleslegess\u00e9 tenn\u00e9 a tartal\u00e9kmegold\u00e1s alkalmaz\u00e1s\u00e1t. A brit korm\u00e1ny azonban szuverenit\u00e1sa egy r\u00e9sz\u00e9nek elveszt\u00e9s\u00e9t\u0151l tart, \u00e9s ez\u00e9rt a tartal\u00e9kmegold\u00e1s t\u00f6rl\u00e9s\u00e9t k\u00f6veteli a meg\u00e1llapod\u00e1sb\u00f3l. Erre viszont az Eur\u00f3pai Uni\u00f3 nem l\u00e1t lehet\u0151s\u00e9get, \u00edgy a t\u00e1rgyal\u00e1sok holtpontra jutottak a Brexit okt\u00f3ber 31-i id\u0151pontj\u00e1nak k\u00f6zeledt\u00e9vel.<br \/>\n    Az \u00e9szak\u00edrek a felm\u00e9r\u00e9s szerint nincsenek j\u00f3 v\u00e9lem\u00e9nnyel a brit korm\u00e1ny t\u00e1rgyal\u00e1si strat\u00e9gi\u00e1j\u00e1r\u00f3l, a megk\u00e9rdezettek k\u00e9tharmada szerint a kabinet &#8222;nagyon rosszul&#8221; kezeli a folyamatot, \u00e9s csak 13 sz\u00e1zal\u00e9kuk volt el\u00e9gedett a korm\u00e1ny munk\u00e1j\u00e1val.<br \/>\n    A tartal\u00e9kmegold\u00e1s eredetileg val\u00f3ban csak \u00c9szak-\u00cdrorsz\u00e1gra vonatkozott volna, komment\u00e1rok azonban eml\u00e9keztettek arra, hogy a brit korm\u00e1ny a DUP kedv\u00e9\u00e9rt az Egyes\u00fclt Kir\u00e1lys\u00e1g eg\u00e9sz\u00e9re kiterjesztette. Az ut\u00f3bbi id\u0151ben azonban Leo Varadkar \u00edr korm\u00e1nyf\u0151 \u00fajb\u00f3l felvetette, hogy az \u00cdr-tengeren legyen a v\u00e1mhat\u00e1r. Az \u00edr-\u00e9szak\u00edr hat\u00e1r \u00e1tj\u00e1rhat\u00f3s\u00e1g\u00e1nak \u00fcgye ugyanis sarkalatos pontja az 1998-as nagyp\u00e9nteki meg\u00e1llapod\u00e1snak, amely t\u00f6bb \u00e9vtizedig tart\u00f3 felekezeti er\u0151szaknak vetett v\u00e9get \u00c9szak-\u00cdrorsz\u00e1gban.<br \/>\n    A felm\u00e9r\u00e9s augusztus 9. \u00e9s 12. k\u00f6z\u00f6tt, t\u00f6bb mint 2300 v\u00e1laszad\u00f3 r\u00e9szv\u00e9tel\u00e9vel k\u00e9sz\u00fclt.(MTI)<\/p>\n","protected":false},"excerpt":{"rendered":"<p>Az \u00c9szak-\u00cdrorsz\u00e1gban \u00e9l\u0151k t\u00f6bbs\u00e9ge t\u00e1mogatn\u00e1 a brit eur\u00f3pai uni\u00f3s tags\u00e1g megsz\u0171n\u00e9s\u00e9r\u0151l sz\u00f3l\u00f3 vit\u00e1ban az \u00edr-\u00e9szak\u00edr hat\u00e1rellen\u0151rz\u00e9s elker\u00fcl\u00e9s\u00e9t c\u00e9lz\u00f3 tartal\u00e9kmegold\u00e1snak azt a v\u00e1ltozat\u00e1t, amely az \u00cdr-tengerre helyezn\u00e9 a v\u00e1mhat\u00e1rt az EU-val &#8211; der\u00fclt ki egy vas\u00e1rnap ismertetett felm\u00e9r\u00e9sb\u0151l.<\/p>\n","protected":false},"author":1001003,"featured_media":0,"comment_status":"closed","ping_status":"open","sticky":false,"template":"","format":"standard","meta":[],"categories":[12,246],"tags":[],"_links":{"self":[{"href":"https:\/\/gazdasagportal.hu\/index.php\/wp-json\/wp\/v2\/posts\/118846"}],"collection":[{"href":"https:\/\/gazdasagportal.hu\/index.php\/wp-json\/wp\/v2\/posts"}],"about":[{"href":"https:\/\/gazdasagportal.hu\/index.php\/wp-json\/wp\/v2\/types\/post"}],"author":[{"embeddable":true,"href":"https:\/\/gazdasagportal.hu\/index.php\/wp-json\/wp\/v2\/users\/1001003"}],"replies":[{"embeddable":true,"href":"https:\/\/gazdasagportal.hu\/index.php\/wp-json\/wp\/v2\/comments?post=118846"}],"version-history":[{"count":1,"href":"https:\/\/gazdasagportal.hu\/index.php\/wp-json\/wp\/v2\/posts\/118846\/revisions"}],"predecessor-version":[{"id":118847,"href":"https:\/\/gazdasagportal.hu\/index.php\/wp-json\/wp\/v2\/posts\/118846\/revisions\/118847"}],"wp:attachment":[{"href":"https:\/\/gazdasagportal.hu\/index.php\/wp-json\/wp\/v2\/media?parent=118846"}],"wp:term":[{"taxonomy":"category","embeddable":true,"href":"https:\/\/gazdasagportal.hu\/index.php\/wp-json\/wp\/v2\/categories?post=118846"},{"taxonomy":"post_tag","embeddable":true,"href":"https:\/\/gazdasagportal.hu\/index.php\/wp-json\/wp\/v2\/tags?post=118846"}],"curies":[{"name":"wp","href":"https:\/\/api.w.org\/{rel}","templated":true}]}}