{"id":118842,"date":"2019-08-19T11:56:48","date_gmt":"2019-08-19T09:56:48","guid":{"rendered":"http:\/\/gazdasagportal.hu\/?p=118842"},"modified":"2019-08-19T08:57:36","modified_gmt":"2019-08-19T06:57:36","slug":"brexit-lapertesules-sulyos-fennakadasokra-szamit-a-brit-kormany-a-megallapodas-nelkuli-kilepes-eseten","status":"publish","type":"post","link":"https:\/\/gazdasagportal.hu\/index.php\/brexit-lapertesules-sulyos-fennakadasokra-szamit-a-brit-kormany-a-megallapodas-nelkuli-kilepes-eseten\/","title":{"rendered":"Brexit &#8211; Lap\u00e9rtes\u00fcl\u00e9s: s\u00falyos fennakad\u00e1sokra sz\u00e1m\u00edt a brit korm\u00e1ny a meg\u00e1llapod\u00e1s n\u00e9lk\u00fcli kil\u00e9p\u00e9s eset\u00e9n"},"content":{"rendered":"<p><strong>Rendk\u00edv\u00fcl s\u00falyos fennakad\u00e1sokra sz\u00e1m\u00edt a brit korm\u00e1ny egy lap\u00e9rtes\u00fcl\u00e9s szerint abban az esetben, ha okt\u00f3ber 31-\u00e9n meg\u00e1llapod\u00e1s n\u00e9lk\u00fcl sz\u0171nik meg a brit eur\u00f3pai uni\u00f3s tags\u00e1g.<\/strong><!--more--><\/p>\n<div class=\"ads-in-post1\"><div id=\"gazdasagportal.hu_fullbanner_wideboard\"><\/div>\r\n<\/div>\n<p>    A The Sunday Times c\u00edm\u0171 konzervat\u00edv vas\u00e1rnapi lap birtok\u00e1ba ker\u00fclt friss korm\u00e1nyzati dokumentumokb\u00f3l kider\u00fclt, hogy a lakoss\u00e1g \u00e9s a v\u00e1llalkoz\u00e1sok csak kis m\u00e9rt\u00e9kben vannak felk\u00e9sz\u00fclve a rendezetlen Brexitre. Az emberek &#8222;belef\u00e1radtak&#8221; az \u00e9vek \u00f3ta tart\u00f3 Brexit-folyamatba, \u00e9s ez h\u00e1tr\u00e1ltatja a kil\u00e9p\u00e9s eredetileg tervezett m\u00e1rcius v\u00e9gi id\u0151pontja \u00f3ta am\u00fagy is egy helyben toporg\u00f3 felk\u00e9sz\u00fcl\u00e9st az el\u0151re nem l\u00e1tott esem\u00e9nyekre.<br \/>\n    Egy magas rang\u00fa korm\u00e1nyzati forr\u00e1s a lapnak azt mondta, a &#8222;Citroms\u00e1rm\u00e1ny m\u0171velet&#8221; k\u00f3dn\u00e9vvel \u00f6ssze\u00e1ll\u00edtott jelent\u00e9s nem riogat\u00e1s, hanem re\u00e1lis meg\u00edt\u00e9l\u00e9se annak, hogy a lakoss\u00e1g mire sz\u00e1m\u00edthat a meg\u00e1llapod\u00e1s n\u00e9lk\u00fcli kil\u00e9p\u00e9s eset\u00e9n.<br \/>\n    A korm\u00e1ny el\u0151sz\u00f6r is a fizikai hat\u00e1rellen\u0151rz\u00e9s vissza\u00e1ll\u00edt\u00e1s\u00e1ra sz\u00e1m\u00edt az \u00cdr K\u00f6zt\u00e1rsas\u00e1g \u00e9s az Egyes\u00fclt Kir\u00e1lys\u00e1ghoz tartoz\u00f3 \u00c9szak-\u00cdrorsz\u00e1g k\u00f6z\u00f6tt, mert az ennek elker\u00fcl\u00e9s\u00e9t c\u00e9lz\u00f3 jelenlegi tervek &#8222;tarthatatlannak&#8221; bizonyulnak majd. Mindez t\u00fcntet\u00e9sekhez \u00e9s utak elz\u00e1r\u00e1s\u00e1hoz fog vezetni a v\u00e1rakoz\u00e1sok szerint.<br \/>\n<div class=\"ads-in-post2\"><script async src=\"https:\/\/pagead2.googlesyndication.com\/pagead\/js\/adsbygoogle.js\"><\/script>\r\n<ins class=\"adsbygoogle\"\r\n     style=\"display:block\"\r\n     data-ad-format=\"fluid\"\r\n     data-ad-layout-key=\"-6t+ed+2i-1n-4w\"\r\n     data-ad-client=\"ca-pub-1959107119989764\"\r\n     data-ad-slot=\"4008251320\"><\/ins>\r\n<script>\r\n     (adsbygoogle = window.adsbygoogle || []).push({});\r\n<\/script><\/div>\n    A v\u00e1mellen\u0151rz\u00e9sek bevezet\u00e9se miatt h\u00f3napos k\u00e9s\u00e9sek alakulhatnak ki, ezek hat\u00e1ssal lehetnek az \u00fczemanyag-ell\u00e1t\u00e1sra, fennakad\u00e1sokhoz vezethetnek London \u00e9s Anglia d\u00e9lkeleti r\u00e9sz\u00e9n. A benzin importj\u00e1ra vonatkoz\u00f3 tarif\u00e1k miatt &#8222;elker\u00fclhetetlen&#8221; lesz k\u00e9t olajfinom\u00edt\u00f3 bez\u00e1r\u00e1sa, ami k\u00e9tezer munkahely megsz\u0171n\u00e9s\u00e9vel \u00e9s sztr\u00e1jkakci\u00f3kkal is j\u00e1rna az ell\u00e1t\u00e1sban v\u00e1rhat\u00f3 zavarok mellett &#8211; olvashat\u00f3 a lapban.<br \/>\n    A jelent\u00e9s szerint f\u00e9l\u0151, hogy a Csatorn\u00e1n \u00e1tkel\u0151 teherg\u00e9pj\u00e1rm\u0171vek 85 sz\u00e1zal\u00e9ka nem lenne felk\u00e9sz\u00fclve a v\u00e1mellen\u0151rz\u00e9sre a francia oldalon, \u00e9s emiatt ak\u00e1r k\u00e9t \u00e9s f\u00e9l napos k\u00e9s\u00e9sekre sz\u00e1m\u00edthatnak.<br \/>\n    A meg\u00e1llapod\u00e1s n\u00e9lk\u00fcli Brexit ut\u00e1n a kik\u00f6t\u0151kben is komoly zavarok alakuln\u00e1nak ki, amelyek ak\u00e1r csak h\u00e1rom h\u00f3nap ut\u00e1n enyh\u00fcln\u00e9nek, de a forgalom akkor is csak a jelenleginek az 50-70 sz\u00e1zal\u00e9k\u00e1ra \u00e1llna vissza. Az utasforgalomban k\u00e9s\u00e9sekre kellene sz\u00e1m\u00edtani a rep\u00fcl\u0151tereken, p\u00e1lyaudvarokon \u00e9s Doverben.<br \/>\n    A gy\u00f3gyszerell\u00e1t\u00e1sban is fenn\u00e1llna a s\u00falyos k\u00e9sedelmek vesz\u00e9lye, mivel az Egyes\u00fclt Kir\u00e1lys\u00e1gban forgalmazott gy\u00f3gyszerek h\u00e1romnegyede a Csatorn\u00e1n \u00e1t \u00e9rkezik a szigetorsz\u00e1gba. Az \u00e9lelmiszerell\u00e1t\u00e1sban cs\u00f6kkenne a friss \u00e9lelmiszerek ar\u00e1nya, emelkedn\u00e9nek az \u00e1rak &#8211; \u00edrja a The Sunday Times.<br \/>\n    A jelent\u00e9s szerint incidensek lehet\u0151s\u00e9g\u00e9re kellene sz\u00e1m\u00edtani az Egyes\u00fclt Kir\u00e1lys\u00e1g \u00e9s az Eur\u00f3pai Gazdas\u00e1gi T\u00e9rs\u00e9g hal\u00e1szhaj\u00f3i k\u00f6z\u00f6tt, valamint arra, hogy t\u00f6bb mint k\u00e9tsz\u00e1z haj\u00f3 jelenhet meg &#8222;illeg\u00e1lisan&#8221; a brit vizeken &#8222;a Brexit napj\u00e1n&#8221;.<br \/>\n    A felsoroltak pedig orsz\u00e1gszerte t\u00fcntet\u00e9sekhez vezethetnek, ami megk\u00f6vetelheti a rend\u0151rs\u00e9g jelent\u0151s m\u00e9rt\u00e9k\u0171 meger\u0151s\u00edt\u00e9s\u00e9t &#8211; \u00edrja az \u00fajs\u00e1g.<br \/>\n    A Boris Johnson minisztereln\u00f6k vezette konzervat\u00edv korm\u00e1ny hat\u00e1rozott \u00e1ll\u00e1spontja, hogy az Egyes\u00fclt Kir\u00e1lys\u00e1g okt\u00f3ber 31-\u00e9n mindenk\u00e9pp kil\u00e9p az EU-b\u00f3l, ak\u00e1r siker\u00fcl \u00fajrat\u00e1rgyalni az \u00edr-\u00e9szak\u00edr hat\u00e1rellen\u0151rz\u00e9s vissza\u00e1ll\u00edt\u00e1s\u00e1nak elker\u00fcl\u00e9s\u00e9t c\u00e9lz\u00f3 tartal\u00e9kmegold\u00e1s (backstop) miatt brit r\u00e9szr\u0151l elutas\u00edtott meg\u00e1llapod\u00e1st, ak\u00e1r nem.<br \/>\n    A lap ismertetett \u00e9rtes\u00fcl\u00e9sekre reag\u00e1lva Kwasi Kwarteng energia\u00fcgyi \u00e1llamtitk\u00e1r p\u00e1nikkelt\u00e9sr\u0151l besz\u00e9lt. &#8222;Fel kell k\u00e9sz\u00fcln\u00fcnk a meg\u00e1llapod\u00e1s n\u00e9lk\u00fcli kil\u00e9p\u00e9sre&#8221; &#8211; mondta a BBC \u00e9s a SkyNews h\u00edrtelev\u00edzi\u00f3knak az \u00e9lelmiszer-, \u00fczemanyag- \u00e9s gy\u00f3gyszerhi\u00e1ny esetleges vesz\u00e9lyeivel kapcsolatban. Meggy\u0151z\u0151d\u00e9se szerint az orsz\u00e1g k\u00e9szen \u00e1ll majd a rendezetlen Brexitre okt\u00f3ber 31-\u00e9n.<br \/>\n    A jelent\u00e9st t\u00f6bb oldalon, r\u00e9szletesen ismertetve a lap arr\u00f3l is \u00edr, hogy Boris Johnson a j\u00f6v\u0151 h\u00e9t v\u00e9g\u00e9n tartand\u00f3 G7-cs\u00facstal\u00e1lkoz\u00f3 el\u0151tt ell\u00e1togat Angela Merkel n\u00e9met kancell\u00e1rhoz \u00e9s Emmanuel Macron francia eln\u00f6kh\u00f6z is. Ezzel kapcsolatban a brit korm\u00e1nyf\u0151 hivatala vas\u00e1rnapra virrad\u00f3ra k\u00f6z\u00f6lte, nem lehet \u00e1tt\u00f6r\u00e9sre sz\u00e1m\u00edtani a Brexit \u00fcgy\u00e9ben. Az Eur\u00f3pai Uni\u00f3 t\u00f6bbsz\u00f6r is k\u00f6z\u00f6lte, nem t\u00e1rgyalja \u00fajra a Theresa May \u00e1ltal el\u00e9rt kil\u00e9p\u00e9si meg\u00e1llapod\u00e1st.<br \/>\n    A brit t\u00f6rv\u00e9nyhoz\u00e1s als\u00f3h\u00e1z\u00e1ban t\u00f6bbs\u00e9gben vannak a rendezetlen kiv\u00e1l\u00e1st ellenz\u0151 k\u00e9pvisel\u0151k, \u00e9s a parlament legf\u0151bb ellenz\u00e9ki erej\u00e9t alkot\u00f3 Munk\u00e1sp\u00e1rt vezet\u0151je a h\u00e9ten kil\u00e1t\u00e1sba helyezte, hogy a szeptember elej\u00e9n v\u00e9get \u00e9r\u0151 t\u00f6rv\u00e9nyhoz\u00e1si sz\u00fcnet ut\u00e1n bizalmatlans\u00e1gi ind\u00edtv\u00e1nyt ny\u00fajt be a minisztereln\u00f6k ellen, ha \u00fagy l\u00e1tja, megvan az ennek elfogad\u00e1s\u00e1hoz sz\u00fcks\u00e9ges t\u00f6bbs\u00e9g. Jeremy Corbyn \u00e1tmeneti id\u0151re sz\u00f3l\u00f3 egys\u00e9gkorm\u00e1ny fel\u00e1ll\u00edt\u00e1s\u00e1ra tett javaslatot a Labour vezet\u00e9s\u00e9vel. A korm\u00e1ny k\u00e9rn\u00e9 a Brexit id\u0151pontj\u00e1nak \u00fajb\u00f3li elhalaszt\u00e1s\u00e1t, \u00faj v\u00e1laszt\u00e1sokat \u00edrna ki, amelyben a Munk\u00e1sp\u00e1rt egy m\u00e1sodik Brexit-n\u00e9pszavaz\u00e1s ki\u00edr\u00e1s\u00e1\u00e9rt sz\u00e1llna s\u00edkra. A baloldali politikus javaslata vegyes fogadtat\u00e1sra tal\u00e1lt, nem utols\u00f3sorban az\u00e9rt, mert az ellenz\u00e9k soraib\u00f3l t\u00f6bben nem tudn\u00e1k \u0151t elfogadni korm\u00e1nyf\u0151k\u00e9nt.<br \/>\n(MTI)<\/p>\n","protected":false},"excerpt":{"rendered":"<p>Rendk\u00edv\u00fcl s\u00falyos fennakad\u00e1sokra sz\u00e1m\u00edt a brit korm\u00e1ny egy lap\u00e9rtes\u00fcl\u00e9s szerint abban az esetben, ha okt\u00f3ber 31-\u00e9n meg\u00e1llapod\u00e1s n\u00e9lk\u00fcl sz\u0171nik meg a brit eur\u00f3pai uni\u00f3s tags\u00e1g.<\/p>\n","protected":false},"author":1001003,"featured_media":0,"comment_status":"closed","ping_status":"open","sticky":false,"template":"","format":"standard","meta":[],"categories":[12,246],"tags":[],"_links":{"self":[{"href":"https:\/\/gazdasagportal.hu\/index.php\/wp-json\/wp\/v2\/posts\/118842"}],"collection":[{"href":"https:\/\/gazdasagportal.hu\/index.php\/wp-json\/wp\/v2\/posts"}],"about":[{"href":"https:\/\/gazdasagportal.hu\/index.php\/wp-json\/wp\/v2\/types\/post"}],"author":[{"embeddable":true,"href":"https:\/\/gazdasagportal.hu\/index.php\/wp-json\/wp\/v2\/users\/1001003"}],"replies":[{"embeddable":true,"href":"https:\/\/gazdasagportal.hu\/index.php\/wp-json\/wp\/v2\/comments?post=118842"}],"version-history":[{"count":1,"href":"https:\/\/gazdasagportal.hu\/index.php\/wp-json\/wp\/v2\/posts\/118842\/revisions"}],"predecessor-version":[{"id":118843,"href":"https:\/\/gazdasagportal.hu\/index.php\/wp-json\/wp\/v2\/posts\/118842\/revisions\/118843"}],"wp:attachment":[{"href":"https:\/\/gazdasagportal.hu\/index.php\/wp-json\/wp\/v2\/media?parent=118842"}],"wp:term":[{"taxonomy":"category","embeddable":true,"href":"https:\/\/gazdasagportal.hu\/index.php\/wp-json\/wp\/v2\/categories?post=118842"},{"taxonomy":"post_tag","embeddable":true,"href":"https:\/\/gazdasagportal.hu\/index.php\/wp-json\/wp\/v2\/tags?post=118842"}],"curies":[{"name":"wp","href":"https:\/\/api.w.org\/{rel}","templated":true}]}}