{"id":118806,"date":"2019-08-17T00:00:08","date_gmt":"2019-08-16T22:00:08","guid":{"rendered":"http:\/\/gazdasagportal.hu\/?p=118806"},"modified":"2019-08-17T00:00:08","modified_gmt":"2019-08-16T22:00:08","slug":"hitelminosites-megerositette-magyarorszag-allamados-besorolasat-a-fitch-ratings","status":"publish","type":"post","link":"https:\/\/gazdasagportal.hu\/index.php\/hitelminosites-megerositette-magyarorszag-allamados-besorolasat-a-fitch-ratings\/","title":{"rendered":"Hitelmin\u0151s\u00edt\u00e9s &#8211; Meger\u0151s\u00edtette Magyarorsz\u00e1g \u00e1llamad\u00f3s-besorol\u00e1s\u00e1t a Fitch Ratings"},"content":{"rendered":"<p><strong>Meger\u0151s\u00edtette p\u00e9nteken Magyarorsz\u00e1g &#8222;BBB&#8221; szint\u0171, befektet\u00e9si aj\u00e1nl\u00e1s\u00fa \u00e1llamad\u00f3s-besorol\u00e1s\u00e1t v\u00e1ltozatlan stabil kil\u00e1t\u00e1ssal a Fitch Ratings.<\/strong><!--more--><\/p>\n<div class=\"ads-in-post1\"><div id=\"gazdasagportal.hu_fullbanner_wideboard\"><\/div>\r\n<\/div>\n<p>    A nemzetk\u00f6zi hitelmin\u0151s\u00edt\u0151 a p\u00e9ntek este Londonban ismertetett d\u00f6nt\u00e9s indokl\u00e1s\u00e1ban kiemelte: a magyar szuver\u00e9n oszt\u00e1lyzat egyr\u00e9szr\u0151l a magyar gazdas\u00e1g er\u0151teljes szerkezeti m\u00e9r\u0151sz\u00e1mait, a hasonl\u00f3 besorol\u00e1s\u00fa \u00e1llamad\u00f3sok\u00e9n\u00e1l er\u0151sebb \u00e9s stabilabb makrogazdas\u00e1gi teljes\u00edtm\u00e9nyt, m\u00e1sr\u00e9szr\u0151l a magas \u00e1llamad\u00f3ss\u00e1g-r\u00e1t\u00e1t, valamint a szakpolitikai d\u00f6nt\u00e9sek kisz\u00e1m\u00edthatatlans\u00e1g\u00e1b\u00f3l \u00e9s a pro-ciklikus gazdas\u00e1gpolitik\u00e1b\u00f3l ered\u0151 kock\u00e1zatokat veszi figyelembe.<br \/>\n    A Fitch Ratings hangs\u00falyozta azt is, hogy a magyar hazai \u00f6sszterm\u00e9k (GDP) n\u00f6veked\u00e9si \u00fcteme re\u00e1l\u00e9rt\u00e9ken m\u00e9rve az elm\u00falt \u00f6t \u00e9vben valamelyest fel\u00fclm\u00falta a &#8222;BBB&#8221; besorol\u00e1s\u00fa t\u00f6bbi szuver\u00e9n ad\u00f3s n\u00f6veked\u00e9s\u00e9nek jelenlegi medi\u00e1n\u00e9rt\u00e9k\u00e9t, \u00e9s ennek hajt\u00f3erej\u00e9t az er\u0151teljes hazai fogyaszt\u00e1s, valamint a beruh\u00e1z\u00e1sok adt\u00e1k.<br \/>\n    A magyar gazdas\u00e1g n\u00f6veked\u00e9se az idei m\u00e1sodik negyed\u00e9vben kiss\u00e9 lassult, de tov\u00e1bbra is robusztus, \u00e9s nincs sok jele a makrogazdas\u00e1gi egyens\u00falyhi\u00e1ny kialakul\u00e1s\u00e1nak.<br \/>\n    A feszes munkapiaci helyzet \u00e9s az er\u0151teljes b\u00e9rn\u00f6veked\u00e9s felhajtotta a mag\u00e1nszektor fogyaszt\u00e1s\u00e1t, \u00e9s az ut\u00f3bbi \u00e9vekben a beruh\u00e1z\u00e1si \u00e9rt\u00e9k n\u00f6veked\u00e9se is gyorsult, mindenekel\u0151tt az Eur\u00f3pai Uni\u00f3 foly\u00f3s\u00edt\u00e1sainak hat\u00e1s\u00e1ra &#8211; \u00e1ll a Fitch elemz\u00e9s\u00e9ben.<br \/>\n<div class=\"ads-in-post2\"><script async src=\"https:\/\/pagead2.googlesyndication.com\/pagead\/js\/adsbygoogle.js\"><\/script>\r\n<ins class=\"adsbygoogle\"\r\n     style=\"display:block\"\r\n     data-ad-format=\"fluid\"\r\n     data-ad-layout-key=\"-6t+ed+2i-1n-4w\"\r\n     data-ad-client=\"ca-pub-1959107119989764\"\r\n     data-ad-slot=\"4008251320\"><\/ins>\r\n<script>\r\n     (adsbygoogle = window.adsbygoogle || []).push({});\r\n<\/script><\/div>\n    A hitelmin\u0151s\u00edt\u0151 kiemeli, hogy a Magyar Nemzeti Bank (MNB) v\u00e1rakoz\u00e1sa szerint a beruh\u00e1z\u00e1si \u00e9rt\u00e9k 2019 v\u00e9g\u00e9re el\u00e9ri a hazai \u00f6sszterm\u00e9k 28 sz\u00e1zal\u00e9k\u00e1t, \u00e9s ez a legmagasabb ar\u00e1ny lenne az Eur\u00f3pai Uni\u00f3n bel\u00fcl.<br \/>\n    A Fitch Ratings a magyar oszt\u00e1lyzat p\u00e9nteki meger\u0151s\u00edt\u00e9s\u00e9hez f\u0171z\u00f6tt elemz\u00e9s\u00e9ben k\u00f6z\u00f6lte ugyanakkor, hogy a tov\u00e1bbiakban a magyar gazdas\u00e1g n\u00f6veked\u00e9s\u00e9nek fokozatos lassul\u00e1s\u00e1ra sz\u00e1m\u00edt. A c\u00e9g el\u0151rejelz\u00e9se szerint a magyar GDP-\u00e9rt\u00e9k az id\u00e9n 4,4, j\u00f6v\u0151re 3,5, 2021-ben 2,5 sz\u00e1zal\u00e9kkal b\u0151v\u00fcl.<br \/>\n    A c\u00e9g \u00e1ltal id\u00e9zett szak\u00e9rt\u0151i becsl\u00e9s szerint hat negyed\u00e9vig is eltarthat, mire a teljes magyar export 27,3 sz\u00e1zal\u00e9k\u00e1t felvev\u0151 n\u00e9met gazdas\u00e1g lassul\u00e1s\u00e1nak hat\u00e1sa teljes eg\u00e9sz\u00e9ben megjelenik a magyar n\u00f6veked\u00e9si teljes\u00edtm\u00e9nyben.<br \/>\n    A Fitch Ratings hangs\u00falyozta, hogy a magyar \u00e1llamh\u00e1ztart\u00e1si hi\u00e1ny a j\u00faliusi \u00e1llapot alapj\u00e1n a korm\u00e1ny v\u00e1rakoz\u00e1s\u00e1n\u00e1l is alacsonyabb, tekintettel a hazai bev\u00e9telek er\u0151teljes n\u00f6veked\u00e9s\u00e9re \u00e9s az EU-foly\u00f3s\u00edt\u00e1sokra.<br \/>\n    A Fitch k\u00f6z\u00f6lte, hogy ennek figyelembev\u00e9tel\u00e9vel az idei eg\u00e9sz \u00e9vre m\u00e1r csak 1,8 sz\u00e1zal\u00e9kos GDP-ar\u00e1nyos \u00e1llamh\u00e1ztart\u00e1si hi\u00e1nyt v\u00e1r.<br \/>\n    A hitelmin\u0151s\u00edt\u0151 a magyar k\u00f6lts\u00e9gvet\u00e9si politika feszesebbre von\u00e1s\u00e1val sz\u00e1mol a gazdas\u00e1gi n\u00f6veked\u00e9s lassul\u00e1sa ellen\u00e9re is, \u00e9s j\u00f6v\u0151re szint\u00e9n 1,8 sz\u00e1zal\u00e9kos deficitet j\u00f3sol.<br \/>\n    A c\u00e9g a magyar besorol\u00e1s gyenge elemei k\u00f6z\u00e9 sorolja a magas \u00e1llamad\u00f3ss\u00e1g-r\u00e1t\u00e1t, amely az idei els\u0151 negyed\u00e9vben a hazai \u00f6sszterm\u00e9k 70,1 sz\u00e1zal\u00e9ka volt, vagyis j\u00f3val magasabb a Fitch list\u00e1j\u00e1n &#8222;BBB&#8221; besorol\u00e1ssal ell\u00e1tott szuver\u00e9n ad\u00f3sok 39,4 sz\u00e1zal\u00e9kos medi\u00e1n\u00e9rt\u00e9k\u00e9n\u00e9l.<br \/>\n    A Fitch kiemeli ugyanakkor, hogy az \u00e1llamad\u00f3ss\u00e1g szerkezete javul: a m\u00e1sodik negyed\u00e9vben mind\u00f6ssze 18,4 sz\u00e1zal\u00e9ka \u00e1llt fenn deviz\u00e1ban, \u00e9s 63,3 sz\u00e1zal\u00e9ka hazai befektet\u0151k kez\u00e9n volt.<br \/>\n    A c\u00e9g v\u00e1rakoz\u00e1sa szerint a foly\u00f3m\u00e9rleg-egyenleg &#8211; amelynek t\u00f6bblete 2016-ban tet\u0151z\u00f6tt a hazai \u00f6sszterm\u00e9k 6,2 sz\u00e1zal\u00e9k\u00e1n &#8211; j\u00f6v\u0151re m\u00ednuszba fordul N\u00e9metorsz\u00e1g \u00e9s m\u00e1s eur\u00f3\u00f6vezeti gazdas\u00e1gok kereslet\u00e9nek gyeng\u00fcl\u00e9se, valamint a hazai kereslet \u00e9s a beruh\u00e1z\u00e1sok hajtotta er\u0151s importn\u00f6veked\u00e9s miatt.<br \/>\n    A Fitch Ratings elemz\u0151i szerint ugyanakkor az Eur\u00f3pai Uni\u00f3t\u00f3l \u00e9rkez\u0151 foly\u00f3s\u00edt\u00e1sok \u00e9s a k\u00f6zvetlen k\u00fclf\u00f6ldi befektet\u00e9sek be\u00e1raml\u00e1sa j\u00f3r\u00e9szt stabil marad, \u00e9s mindez t\u00f6bb mint el\u00e9gs\u00e9ges lesz a foly\u00f3 hi\u00e1ny finansz\u00edroz\u00e1s\u00e1hoz.<br \/>\n    A hitelmin\u0151s\u00edt\u0151 azt val\u00f3sz\u00edn\u0171s\u00edti, hogy a nett\u00f3 k\u00fcls\u0151 ad\u00f3ss\u00e1g az id\u00e9n a GDP-\u00e9t\u00e9k 7,5 sz\u00e1zal\u00e9k\u00e1ra &#8211; vagyis a 8,6 sz\u00e1zal\u00e9kos BBB-medi\u00e1n al\u00e1 &#8211; cs\u00f6kken, b\u00e1r a cs\u00f6kken\u00e9s \u00fcteme a foly\u00f3m\u00e9rleg-t\u00f6bblet sz\u0171k\u00fcl\u00e9se miatt lassulni fog.<br \/>\n    A magyar bankszektor stabil, likvid, t\u0151keell\u00e1totts\u00e1ga j\u00f3, az eszk\u00f6zmin\u0151s\u00e9g javul, a nem teljes\u00edt\u0151 kinnlev\u0151s\u00e9gek r\u00e1t\u00e1ja az idei els\u0151 negyed\u00e9vben 5,2 sz\u00e1zal\u00e9k volt &#8211; \u00e1ll a Fitch Ratings elemz\u00e9s\u00e9ben.<br \/>\n    A c\u00e9g febru\u00e1r 22-\u00e9n egy fokozattal az addigi &#8222;BBB m\u00ednusz&#8221;-r\u00f3l a jelenleg \u00e9rv\u00e9nyes &#8222;BBB&#8221;-re jav\u00edtotta a deviz\u00e1ban \u00e9s forintban fenn\u00e1ll\u00f3 hossz\u00fa futamidej\u0171 magyar \u00e1llamad\u00f3ss\u00e1g-k\u00f6telezetts\u00e9gek besorol\u00e1s\u00e1t, \u00e9s p\u00e9nteken ezt a jav\u00edtott oszt\u00e1lyzatot er\u0151s\u00edtette meg.(MTI)<\/p>\n","protected":false},"excerpt":{"rendered":"<p>Meger\u0151s\u00edtette p\u00e9nteken Magyarorsz\u00e1g &#8222;BBB&#8221; szint\u0171, befektet\u00e9si aj\u00e1nl\u00e1s\u00fa \u00e1llamad\u00f3s-besorol\u00e1s\u00e1t v\u00e1ltozatlan stabil kil\u00e1t\u00e1ssal a Fitch Ratings.<\/p>\n","protected":false},"author":1001003,"featured_media":108457,"comment_status":"closed","ping_status":"open","sticky":false,"template":"","format":"standard","meta":[],"categories":[146,4,19],"tags":[],"_links":{"self":[{"href":"https:\/\/gazdasagportal.hu\/index.php\/wp-json\/wp\/v2\/posts\/118806"}],"collection":[{"href":"https:\/\/gazdasagportal.hu\/index.php\/wp-json\/wp\/v2\/posts"}],"about":[{"href":"https:\/\/gazdasagportal.hu\/index.php\/wp-json\/wp\/v2\/types\/post"}],"author":[{"embeddable":true,"href":"https:\/\/gazdasagportal.hu\/index.php\/wp-json\/wp\/v2\/users\/1001003"}],"replies":[{"embeddable":true,"href":"https:\/\/gazdasagportal.hu\/index.php\/wp-json\/wp\/v2\/comments?post=118806"}],"version-history":[{"count":1,"href":"https:\/\/gazdasagportal.hu\/index.php\/wp-json\/wp\/v2\/posts\/118806\/revisions"}],"predecessor-version":[{"id":118807,"href":"https:\/\/gazdasagportal.hu\/index.php\/wp-json\/wp\/v2\/posts\/118806\/revisions\/118807"}],"wp:featuredmedia":[{"embeddable":true,"href":"https:\/\/gazdasagportal.hu\/index.php\/wp-json\/wp\/v2\/media\/108457"}],"wp:attachment":[{"href":"https:\/\/gazdasagportal.hu\/index.php\/wp-json\/wp\/v2\/media?parent=118806"}],"wp:term":[{"taxonomy":"category","embeddable":true,"href":"https:\/\/gazdasagportal.hu\/index.php\/wp-json\/wp\/v2\/categories?post=118806"},{"taxonomy":"post_tag","embeddable":true,"href":"https:\/\/gazdasagportal.hu\/index.php\/wp-json\/wp\/v2\/tags?post=118806"}],"curies":[{"name":"wp","href":"https:\/\/api.w.org\/{rel}","templated":true}]}}