{"id":118735,"date":"2019-08-14T14:02:23","date_gmt":"2019-08-14T12:02:23","guid":{"rendered":"http:\/\/gazdasagportal.hu\/?p=118735"},"modified":"2019-08-14T10:03:19","modified_gmt":"2019-08-14T08:03:19","slug":"meglepoen-gyengen-teljesitett-az-ipar-es-a-kiskereskedelem-is-kinaban-juliusban","status":"publish","type":"post","link":"https:\/\/gazdasagportal.hu\/index.php\/meglepoen-gyengen-teljesitett-az-ipar-es-a-kiskereskedelem-is-kinaban-juliusban\/","title":{"rendered":"Meglep\u0151en gyeng\u00e9n teljes\u00edtett az ipar \u00e9s a kiskereskedelem is K\u00edn\u00e1ban j\u00faliusban"},"content":{"rendered":"<p><strong>Tizenh\u00e9t \u00e9ves m\u00e9lypontra esett az ipari termel\u00e9s n\u00f6veked\u00e9s\u00e9nek \u00fcteme, \u00e9s alulm\u00falta a v\u00e1rakoz\u00e1sokat a kiskereskedelmi forgalom b\u0151v\u00fcl\u00e9se is K\u00edn\u00e1ban j\u00faliusban, ami fokozza a nyom\u00e1st a pekingi vezet\u00e9sre, hogy tov\u00e1bbi int\u00e9zked\u00e9sekkel \u00e9l\u00e9nk\u00edtse a gazdas\u00e1got az Egyes\u00fclt \u00c1llamokkal val\u00f3 kereskedelmi h\u00e1bor\u00fa kisz\u00e9lesed\u00e9s\u00e9nek k\u00f6zepette.<\/strong><!--more--><\/p>\n<div class=\"ads-in-post1\"><div id=\"gazdasagportal.hu_fullbanner_wideboard\"><\/div>\r\n<\/div>\n<p>    A k\u00ednai statisztikai hivatal szerd\u00e1n k\u00f6z\u00f6lt adatai szerint az ipari termel\u00e9s 4,8 sz\u00e1zal\u00e9kkal n\u00f6vekedett j\u00faliusban a tavalyi \u00e9v azonos h\u00f3napj\u00e1hoz k\u00e9pest, mik\u00f6zben elemz\u0151k 5,8 sz\u00e1zal\u00e9kos b\u0151v\u00fcl\u00e9st v\u00e1rtak a j\u00faniusi 6,3 sz\u00e1zal\u00e9k ut\u00e1n.<br \/>\n    A v\u00e1ratlanul gyenge adat h\u00e1tter\u00e9ben az \u00e1llhat, hogy az Egyes\u00fclt \u00c1llamok m\u00e1jusban emelte a k\u00ednai \u00e1rucikkek jelent\u0151s r\u00e9sz\u00e9re kivetett p\u00f3tv\u00e1mot, ezzel cs\u00f6kkentve a k\u00ednai \u00e1rucikkek ir\u00e1nti k\u00fclf\u00f6ldi keresletet, r\u00e1ad\u00e1sul az a hazai kereslet is nyomott maradt.<br \/>\n    A kiskereskedelmi forgalom \u00e9ves \u00f6sszevet\u00e9sben 7,6 sz\u00e1zal\u00e9kkal emelkedett j\u00faliusban, ezzel beigazolva azokat az elemz\u0151i v\u00e1rakoz\u00e1sokat, miszerint a j\u00faniusi 9,8 sz\u00e1zal\u00e9kos b\u0151v\u00fcl\u00e9s csup\u00e1n \u00e1tmeneti, kimagasl\u00f3 eredm\u00e9ny volt. Elemz\u0151k 8,6 sz\u00e1zal\u00e9kos n\u00f6veked\u00e9sre sz\u00e1m\u00edtottak j\u00faliusr\u00f3l.<br \/>\n    Az \u00e1ll\u00f3eszk\u00f6z-beruh\u00e1z\u00e1sok 5,7 sz\u00e1zal\u00e9kkal n\u0151ttek a m\u00falt \u00e9v azonos id\u0151szak\u00e1hoz k\u00e9pest az idei els\u0151 h\u00e9t h\u00f3napban, gyeng\u00e9bben a v\u00e1rt 5,9 sz\u00e1zal\u00e9kn\u00e1l \u00e9s az el\u0151z\u0151 h\u00f3napban jelentett 5,8 sz\u00e1zal\u00e9kn\u00e1l is.<br \/>\n    A beruh\u00e1z\u00e1sok 60 sz\u00e1zal\u00e9k\u00e1t kitev\u0151 mag\u00e1nberuh\u00e1z\u00e1sok n\u00f6veked\u00e9si \u00fcteme a janu\u00e1r-j\u00faniusban m\u00e9rt 5,7 sz\u00e1zal\u00e9kr\u00f3l 5,4 sz\u00e1zal\u00e9kra lassult az idei els\u0151 h\u00e9t h\u00f3napban, ami azt jelzi, hogy a szektor neh\u00e9zs\u00e9gekkel k\u00fczd, dac\u00e1ra a jegybank er\u0151fesz\u00edt\u00e9seinek, amellyel igyekszik m\u00e9g t\u00f6bb hitelt biztos\u00edtani a k\u00e9szp\u00e9nzhi\u00e1nnyal k\u00fcszk\u00f6d\u0151 v\u00e1llalatoknak.<br \/>\n<div class=\"ads-in-post2\"><script async src=\"https:\/\/pagead2.googlesyndication.com\/pagead\/js\/adsbygoogle.js\"><\/script>\r\n<ins class=\"adsbygoogle\"\r\n     style=\"display:block\"\r\n     data-ad-format=\"fluid\"\r\n     data-ad-layout-key=\"-6t+ed+2i-1n-4w\"\r\n     data-ad-client=\"ca-pub-1959107119989764\"\r\n     data-ad-slot=\"4008251320\"><\/ins>\r\n<script>\r\n     (adsbygoogle = window.adsbygoogle || []).push({});\r\n<\/script><\/div>\n    Az ingatlanpiaci beruh\u00e1z\u00e1sok n\u00f6veked\u00e9se a j\u00faniusi 10,9 sz\u00e1zal\u00e9k ut\u00e1n szint\u00e9n lassult: janu\u00e1r-j\u00faliusban 10,6 sz\u00e1zal\u00e9kkal b\u0151v\u00fclt, de m\u00e9g \u00edgy is a szerd\u00e1n k\u00f6z\u00f6lt adatsor kev\u00e9s pozit\u00edvum\u00e1nak egyik\u00e9t jelentette.<br \/>\n    K\u00edna gazdas\u00e1gi n\u00f6veked\u00e9se a tavaly \u00f3ta bevezetett \u00e9l\u00e9nk\u00edt\u0151 int\u00e9zked\u00e9sek ellen\u00e9re csaknem 30 \u00e9ves m\u00e9lypontra lassult az idei m\u00e1sodik negyed\u00e9vben. A befektet\u00e9si kedv pedig al\u00e1bbhagyott, a befektet\u0151k ugyanis att\u00f3l tartanak, hogy a vil\u00e1g k\u00e9t legnagyobb gazdas\u00e1ga k\u00f6z\u00f6tti elh\u00faz\u00f3d\u00f3 kereskedelmi h\u00e1bor\u00fa glob\u00e1lis visszaes\u00e9shez vezethet. A k\u00f6lcs\u00f6n\u00f6sen kivetett b\u00fcntet\u0151v\u00e1mok m\u00e1r \u00e9rz\u00e9keltett\u00e9k hat\u00e1sukat a vil\u00e1gkereskedelemre, egyes gy\u00e1rt\u00f3k pedig arra k\u00e9nyszer\u00fcltek, hogy K\u00edn\u00e1b\u00f3l a szomsz\u00e9dos orsz\u00e1gokba helyezz\u00e9k \u00e1t \u00fczemeiket \u00e9s \u00e9p\u00edts\u00e9k ki \u00fajra ell\u00e1t\u00e1si l\u00e1ncukat.<br \/>\n    A k\u00ednai ipari miniszt\u00e9rium j\u00falius v\u00e9g\u00e9n \u00fagy nyilatkozott: hatalmas er\u0151fesz\u00edt\u00e9sre lesz sz\u00fcks\u00e9g ahhoz, hogy az orsz\u00e1g el\u00e9rje az ipari termel\u00e9s 2019-re kit\u0171z\u00f6tt, 5,5 \u00e9s 6 sz\u00e1zal\u00e9k k\u00f6z\u00f6tti n\u00f6veked\u00e9s\u00e9nek c\u00e9lj\u00e1t.<br \/>\n    Rem\u00e9nykelt\u0151 lehet azonban, hogy az amerikai korm\u00e1ny kedden bejelentette: Donald Trump amerikai eln\u00f6k augusztus elsej\u00e9n k\u00f6zz\u00e9tett rendelkez\u00e9se ellen\u00e9re m\u00e9gsem s\u00fajt p\u00f3tv\u00e1mmal bizonyos k\u00ednai importterm\u00e9keket, egy sor m\u00e1sik \u00e1rucikk eset\u00e9ben pedig szeptember 1-r\u0151l december 15-re halasztja a 10 sz\u00e1zal\u00e9kos p\u00f3tl\u00f3lagos v\u00e1mtarifa kivet\u00e9s\u00e9t.<br \/>\n    A bejelent\u00e9st k\u00f6vet\u0151en lejtmenetr\u0151l sz\u00e1rnyal\u00e1sba csaptak \u00e1t a t\u0151zsd\u00e9k, az olaj vil\u00e1gpiaci \u00e1ra t\u00f6bb mint 3 sz\u00e1zal\u00e9kos pluszba ugrott, emelkedtek az amerikai \u00e1llamk\u00f6tv\u00e9nyek hozamai \u00e9s er\u0151s\u00f6d\u00f6tt a doll\u00e1r.<br \/>\n    A k\u00ednai GDP tavaly 6,6 sz\u00e1zal\u00e9kkal, az ut\u00f3bbi 28 \u00e9v leggyeng\u00e9bb \u00fctem\u00e9ben n\u00f6vekedett. A k\u00ednai vezet\u0151k az idei \u00e9vre azt t\u0171zt\u00e9k ki c\u00e9lk\u00e9nt, hogy a gazdas\u00e1gi n\u00f6veked\u00e9s \u00fcteme a 6,0 \u00e9s 6,5 sz\u00e1zal\u00e9kos s\u00e1vba essen.(MTI)<\/p>\n","protected":false},"excerpt":{"rendered":"<p>Tizenh\u00e9t \u00e9ves m\u00e9lypontra esett az ipari termel\u00e9s n\u00f6veked\u00e9s\u00e9nek \u00fcteme, \u00e9s alulm\u00falta a v\u00e1rakoz\u00e1sokat a kiskereskedelmi forgalom b\u0151v\u00fcl\u00e9se is K\u00edn\u00e1ban j\u00faliusban, ami fokozza a nyom\u00e1st a pekingi vezet\u00e9sre, hogy tov\u00e1bbi int\u00e9zked\u00e9sekkel \u00e9l\u00e9nk\u00edtse a gazdas\u00e1got az Egyes\u00fclt \u00c1llamokkal val\u00f3 kereskedelmi h\u00e1bor\u00fa kisz\u00e9lesed\u00e9s\u00e9nek k\u00f6zepette.<\/p>\n","protected":false},"author":1001003,"featured_media":0,"comment_status":"closed","ping_status":"open","sticky":false,"template":"","format":"standard","meta":[],"categories":[246],"tags":[],"_links":{"self":[{"href":"https:\/\/gazdasagportal.hu\/index.php\/wp-json\/wp\/v2\/posts\/118735"}],"collection":[{"href":"https:\/\/gazdasagportal.hu\/index.php\/wp-json\/wp\/v2\/posts"}],"about":[{"href":"https:\/\/gazdasagportal.hu\/index.php\/wp-json\/wp\/v2\/types\/post"}],"author":[{"embeddable":true,"href":"https:\/\/gazdasagportal.hu\/index.php\/wp-json\/wp\/v2\/users\/1001003"}],"replies":[{"embeddable":true,"href":"https:\/\/gazdasagportal.hu\/index.php\/wp-json\/wp\/v2\/comments?post=118735"}],"version-history":[{"count":1,"href":"https:\/\/gazdasagportal.hu\/index.php\/wp-json\/wp\/v2\/posts\/118735\/revisions"}],"predecessor-version":[{"id":118736,"href":"https:\/\/gazdasagportal.hu\/index.php\/wp-json\/wp\/v2\/posts\/118735\/revisions\/118736"}],"wp:attachment":[{"href":"https:\/\/gazdasagportal.hu\/index.php\/wp-json\/wp\/v2\/media?parent=118735"}],"wp:term":[{"taxonomy":"category","embeddable":true,"href":"https:\/\/gazdasagportal.hu\/index.php\/wp-json\/wp\/v2\/categories?post=118735"},{"taxonomy":"post_tag","embeddable":true,"href":"https:\/\/gazdasagportal.hu\/index.php\/wp-json\/wp\/v2\/tags?post=118735"}],"curies":[{"name":"wp","href":"https:\/\/api.w.org\/{rel}","templated":true}]}}