{"id":118715,"date":"2019-08-13T17:15:46","date_gmt":"2019-08-13T15:15:46","guid":{"rendered":"http:\/\/gazdasagportal.hu\/?p=118715"},"modified":"2019-08-13T10:16:38","modified_gmt":"2019-08-13T08:16:38","slug":"szakerto-a-vezetes-kozben-telefonalok-jogositvanyat-vegleg-be-kellene-vonni","status":"publish","type":"post","link":"https:\/\/gazdasagportal.hu\/index.php\/szakerto-a-vezetes-kozben-telefonalok-jogositvanyat-vegleg-be-kellene-vonni\/","title":{"rendered":"Szak\u00e9rt\u0151: a vezet\u00e9s k\u00f6zben telefon\u00e1l\u00f3k jogos\u00edtv\u00e1ny\u00e1t v\u00e9gleg be kellene vonni"},"content":{"rendered":"<p><strong>Egyszer \u00e9s mindenkorra ki kellene tiltani a forgalomb\u00f3l azt, aki vezet\u00e9s k\u00f6zben okostelefont haszn\u00e1l &#8211; v\u00e9lekedetett Dobrocsi Endre k\u00f6zleked\u00e9sbiztons\u00e1gi szak\u00e9rt\u0151 az M1 aktu\u00e1lis csatorna kedd reggeli m\u0171sor\u00e1ban.<\/strong><!--more--><\/p>\n<div class=\"ads-in-post1\"><div id=\"gazdasagportal.hu_fullbanner_wideboard\"><\/div>\r\n<\/div>\n<p>    A szakember egyet\u00e9rtett azzal, hogy aki f\u00e9szbukozik, csetel, az mintha bek\u00f6t\u00f6tt szemmel vezetne. Egy j\u00f3 vezet\u0151 reakci\u00f3ideje 0,7 m\u00e1sodperc, ez n\u0151 meg jelent\u0151sen, ha vezet\u00e9s k\u00f6zben m\u00e1sra figyel\u00fcnk &#8211; mondta. R\u00e1ad\u00e1sul ad\u00f3dhatnak olyan forgalmi helyzetek, amelyekben mindk\u00e9t kez\u00e9re sz\u00fcks\u00e9ge van a sof\u0151rnek, p\u00e9ld\u00e1ul egy durrdefekt vagy egy j\u00e1rd\u00e1r\u00f3l v\u00e1ratlanul lel\u00e9p\u0151 gyalogos eset\u00e9n. A tragikus k\u00f6vetkezm\u00e9nyeket pedig ut\u00f3lag m\u00e1r nem lehet meg nem t\u00f6rt\u00e9ntt\u00e9 tenni &#8211; f\u0171zte hozz\u00e1.<br \/>\n    A k\u00f6zleked\u00e9sben a legrosszabbak a v\u00e1ratlan helyzetek, k\u00e9szen kell \u00e1llni a m\u00e1sik hib\u00e1j\u00e1nak kiv\u00e9d\u00e9s\u00e9re is &#8211; jegyezte meg a szakember.<br \/>\n<div class=\"ads-in-post2\"><script async src=\"https:\/\/pagead2.googlesyndication.com\/pagead\/js\/adsbygoogle.js\"><\/script>\r\n<ins class=\"adsbygoogle\"\r\n     style=\"display:block\"\r\n     data-ad-format=\"fluid\"\r\n     data-ad-layout-key=\"-6t+ed+2i-1n-4w\"\r\n     data-ad-client=\"ca-pub-1959107119989764\"\r\n     data-ad-slot=\"4008251320\"><\/ins>\r\n<script>\r\n     (adsbygoogle = window.adsbygoogle || []).push({});\r\n<\/script><\/div>\n    Rom\u00e1ni\u00e1ban h\u00e9tf\u0151n d\u00f6nt\u00f6tt a korm\u00e1ny arr\u00f3l, hogy okt\u00f3ber k\u00f6zep\u00e9t\u0151l szigor\u00fabban b\u00fcntetik az okostelefonok \u00e9s hasonl\u00f3 k\u00e9sz\u00fcl\u00e9kek haszn\u00e1lat\u00e1t aut\u00f3vezet\u00e9s k\u00f6zben. Azut\u00e1n indult kamp\u00e1ny az okostelefonok vezet\u00e9s k\u00f6zbeni haszn\u00e1lata ellen, hogy tavaly m\u00e1jusban kilenc hal\u00e1los \u00e1ldozatot k\u00f6vetel\u0151 balesetet okozott Magyarorsz\u00e1gon egy rom\u00e1niai id\u00e9nymunk\u00e1sokat sz\u00e1ll\u00edt\u00f3, Facebook-k\u00f6zvet\u00edt\u00e9ssel elfoglalt vezet\u0151. Vas\u00e1rnap szint\u00e9n egy Facebook-k\u00f6zvet\u00edt\u00e9s kedv\u00e9\u00e9rt sz\u00e1guldoz\u00f3 sof\u0151r okozott h\u00e1rom hal\u00e1los \u00e1ldozatot k\u00f6vetel\u0151 balesetet Rom\u00e1ni\u00e1ban, ahol naponta \u00e1tlagosan \u00f6ten halnak meg aut\u00f3balesetben.<br \/>\n(MTI)<\/p>\n","protected":false},"excerpt":{"rendered":"<p>Egyszer \u00e9s mindenkorra ki kellene tiltani a forgalomb\u00f3l azt, aki vezet\u00e9s k\u00f6zben okostelefont haszn\u00e1l &#8211; v\u00e9lekedetett Dobrocsi Endre k\u00f6zleked\u00e9sbiztons\u00e1gi szak\u00e9rt\u0151 az M1 aktu\u00e1lis csatorna kedd reggeli m\u0171sor\u00e1ban.<\/p>\n","protected":false},"author":1001003,"featured_media":0,"comment_status":"closed","ping_status":"open","sticky":false,"template":"","format":"standard","meta":[],"categories":[4],"tags":[],"_links":{"self":[{"href":"https:\/\/gazdasagportal.hu\/index.php\/wp-json\/wp\/v2\/posts\/118715"}],"collection":[{"href":"https:\/\/gazdasagportal.hu\/index.php\/wp-json\/wp\/v2\/posts"}],"about":[{"href":"https:\/\/gazdasagportal.hu\/index.php\/wp-json\/wp\/v2\/types\/post"}],"author":[{"embeddable":true,"href":"https:\/\/gazdasagportal.hu\/index.php\/wp-json\/wp\/v2\/users\/1001003"}],"replies":[{"embeddable":true,"href":"https:\/\/gazdasagportal.hu\/index.php\/wp-json\/wp\/v2\/comments?post=118715"}],"version-history":[{"count":1,"href":"https:\/\/gazdasagportal.hu\/index.php\/wp-json\/wp\/v2\/posts\/118715\/revisions"}],"predecessor-version":[{"id":118716,"href":"https:\/\/gazdasagportal.hu\/index.php\/wp-json\/wp\/v2\/posts\/118715\/revisions\/118716"}],"wp:attachment":[{"href":"https:\/\/gazdasagportal.hu\/index.php\/wp-json\/wp\/v2\/media?parent=118715"}],"wp:term":[{"taxonomy":"category","embeddable":true,"href":"https:\/\/gazdasagportal.hu\/index.php\/wp-json\/wp\/v2\/categories?post=118715"},{"taxonomy":"post_tag","embeddable":true,"href":"https:\/\/gazdasagportal.hu\/index.php\/wp-json\/wp\/v2\/tags?post=118715"}],"curies":[{"name":"wp","href":"https:\/\/api.w.org\/{rel}","templated":true}]}}