{"id":118707,"date":"2019-08-13T09:22:01","date_gmt":"2019-08-13T07:22:01","guid":{"rendered":"http:\/\/gazdasagportal.hu\/?p=118707"},"modified":"2019-08-13T09:22:01","modified_gmt":"2019-08-13T07:22:01","slug":"zivatarokkal-erkezik-a-hidegfront","status":"publish","type":"post","link":"https:\/\/gazdasagportal.hu\/index.php\/zivatarokkal-erkezik-a-hidegfront\/","title":{"rendered":"Zivatarokkal \u00e9rkezik a hidegfront"},"content":{"rendered":"<p><strong>Zivatarokkal \u00e9rkezik kedden a hidegfront.<\/strong><!--more--><\/p>\n<div class=\"ads-in-post1\"><div id=\"gazdasagportal.hu_fullbanner_wideboard\"><\/div>\r\n<\/div>\n<p>    Az Orsz\u00e1gos Meteorol\u00f3giai Szolg\u00e1lat h\u00e9tf\u0151 este az MTI-hez eljuttatott vesz\u00e9lyjelz\u00e9s\u00e9ben azt \u00edrta: h\u00e9tf\u0151n tet\u0151z\u00f6tt a k\u00e1nikula. Kedden a h\u0151s\u00e9g visszaszorul az orsz\u00e1g d\u00e9lkeleti harmad\u00e1ra, 27 fok feletti napi k\u00f6z\u00e9ph\u0151m\u00e9rs\u00e9klet m\u00e1r csak a Tisz\u00e1nt\u00falon v\u00e1rhat\u00f3. A h\u0151m\u00e9rs\u00e9klet hajnalban 18 \u00e9s 24 fok k\u00f6z\u00f6tt alakul. A legmagasabb h\u0151m\u00e9rs\u00e9klet 25 \u00e9s 35 fok k\u00f6z\u00f6tt alakul, nyugaton lesz h\u0171v\u00f6sebb.<br \/>\n    A h\u0151s\u00e9g miatt keddre B\u00e9k\u00e9s \u00e9s Csongr\u00e1d megy\u00e9re m\u00e1sodfok\u00fa, B\u00e1cs-Kiskun, Hajd\u00fa-Bihar, J\u00e1sz-Nagykun-Szolnok \u00e9s Szabolcs-Szatm\u00e1r-Bereg megy\u00e9re els\u0151fok\u00fa figyelmeztet\u00e9st adtak ki.<br \/>\n    Kiemelt\u00e9k tov\u00e1bb\u00e1, hogy hajnalban a Kisalf\u00f6ld\u00f6n, Alpokalj\u00e1n, m\u00edg kedden napk\u00f6zben az \u00c9szaki-k\u00f6z\u00e9phegys\u00e9g t\u00e9rs\u00e9g\u00e9ben, \u00e9szakkeleten alakulhat ki kis es\u00e9llyel egy-egy zivatar.<br \/>\n    Kedden k\u00e9s\u0151 est\u00e9t\u0151l m\u00e1r t\u00f6bbfel\u00e9, el\u0151bb a Nyugat-Dun\u00e1nt\u00falon, k\u00e9s\u0151bb keletebbre is v\u00e1rhat\u00f3 zivatarok kialakul\u00e1sa felh\u0151szakad\u00e1s, n\u00e9hol viharos sz\u00e9l k\u00eds\u00e9ret\u00e9ben, de a Tisz\u00e1nt\u00falon szerda d\u00e9lel\u0151ttig nem val\u00f3sz\u00edn\u0171 csapad\u00e9k.<br \/>\n<div class=\"ads-in-post2\"><script async src=\"https:\/\/pagead2.googlesyndication.com\/pagead\/js\/adsbygoogle.js\"><\/script>\r\n<ins class=\"adsbygoogle\"\r\n     style=\"display:block\"\r\n     data-ad-format=\"fluid\"\r\n     data-ad-layout-key=\"-6t+ed+2i-1n-4w\"\r\n     data-ad-client=\"ca-pub-1959107119989764\"\r\n     data-ad-slot=\"4008251320\"><\/ins>\r\n<script>\r\n     (adsbygoogle = window.adsbygoogle || []).push({});\r\n<\/script><\/div>\n    Emellett kedden kora hajnalt\u00f3l reggelig az \u00e9szaknyugatira fordul\u00f3 szelet a Dun\u00e1nt\u00falon \u00e9s a f\u0151v\u00e1ros t\u00e9rs\u00e9g\u00e9ben er\u0151s, a Fert\u0151 vid\u00e9k\u00e9n \u00e9s a Bakonyban viharos l\u00f6k\u00e9sek k\u00eds\u00e9rhetik.<br \/>\n    A zivatarvesz\u00e9ly miatt Budapestre, Pest, Baranya, B\u00e1cs-Kiskun, Borsod-Aba\u00faj-Zempl\u00e9n, Fej\u00e9r, Gy\u0151r-Moson-Sopron, Heves, J\u00e1sz-Nagykun-Szolnok, Kom\u00e1rom-Esztergom, N\u00f3gr\u00e1d, Somogy, Tolna, Vas, Veszpr\u00e9m \u00e9s Zala megy\u00e9re adtak ki els\u0151fok\u00fa figyelmeztet\u00e9st.(MTI)<\/p>\n","protected":false},"excerpt":{"rendered":"<p>Zivatarokkal \u00e9rkezik kedden a hidegfront.<\/p>\n","protected":false},"author":1001003,"featured_media":0,"comment_status":"closed","ping_status":"open","sticky":false,"template":"","format":"standard","meta":[],"categories":[4],"tags":[],"_links":{"self":[{"href":"https:\/\/gazdasagportal.hu\/index.php\/wp-json\/wp\/v2\/posts\/118707"}],"collection":[{"href":"https:\/\/gazdasagportal.hu\/index.php\/wp-json\/wp\/v2\/posts"}],"about":[{"href":"https:\/\/gazdasagportal.hu\/index.php\/wp-json\/wp\/v2\/types\/post"}],"author":[{"embeddable":true,"href":"https:\/\/gazdasagportal.hu\/index.php\/wp-json\/wp\/v2\/users\/1001003"}],"replies":[{"embeddable":true,"href":"https:\/\/gazdasagportal.hu\/index.php\/wp-json\/wp\/v2\/comments?post=118707"}],"version-history":[{"count":1,"href":"https:\/\/gazdasagportal.hu\/index.php\/wp-json\/wp\/v2\/posts\/118707\/revisions"}],"predecessor-version":[{"id":118708,"href":"https:\/\/gazdasagportal.hu\/index.php\/wp-json\/wp\/v2\/posts\/118707\/revisions\/118708"}],"wp:attachment":[{"href":"https:\/\/gazdasagportal.hu\/index.php\/wp-json\/wp\/v2\/media?parent=118707"}],"wp:term":[{"taxonomy":"category","embeddable":true,"href":"https:\/\/gazdasagportal.hu\/index.php\/wp-json\/wp\/v2\/categories?post=118707"},{"taxonomy":"post_tag","embeddable":true,"href":"https:\/\/gazdasagportal.hu\/index.php\/wp-json\/wp\/v2\/tags?post=118707"}],"curies":[{"name":"wp","href":"https:\/\/api.w.org\/{rel}","templated":true}]}}