{"id":118697,"date":"2019-08-13T10:06:43","date_gmt":"2019-08-13T08:06:43","guid":{"rendered":"http:\/\/gazdasagportal.hu\/?p=118697"},"modified":"2019-08-13T09:08:26","modified_gmt":"2019-08-13T07:08:26","slug":"emelkedett-az-inflacio-juliusban-nemetorszagban","status":"publish","type":"post","link":"https:\/\/gazdasagportal.hu\/index.php\/emelkedett-az-inflacio-juliusban-nemetorszagban\/","title":{"rendered":"Emelkedett az infl\u00e1ci\u00f3 j\u00faliusban N\u00e9metorsz\u00e1gban"},"content":{"rendered":"<p><strong>A piaci v\u00e1rakoz\u00e1sokkal \u00f6sszhangban, az el\u0151zetes adatokkal megegyez\u0151 m\u00e9rt\u00e9kben er\u0151s\u00f6d\u00f6tt j\u00faliusban a n\u00e9metorsz\u00e1gi infl\u00e1ci\u00f3 &#8211; jelentette kedden a n\u00e9met sz\u00f6vets\u00e9gi statisztikai hivatal, a Destatis.<\/strong><!--more--><\/p>\n<div class=\"ads-in-post1\"><div id=\"gazdasagportal.hu_fullbanner_wideboard\"><\/div>\r\n<\/div>\n<p>J\u00faliusban a fogyaszt\u00f3i \u00e1rak \u00e9ves emelked\u00e9s\u00e9nek m\u00e9rt\u00e9ke, a fogyaszt\u00f3i \u00e1rindex v\u00e9gleges \u00e9rt\u00e9ke az el\u0151zetessel megegyez\u0151 1,7 sz\u00e1zal\u00e9k lett N\u00e9metorsz\u00e1gban, a j\u00faniusi 1,6 sz\u00e1zal\u00e9kot k\u00f6vet\u0151en.<br \/>\nAz el\u0151z\u0151 havihoz k\u00e9pest 0,5 sz\u00e1zal\u00e9kkal emelkedtek a fogyaszt\u00f3i \u00e1rak j\u00faliusban N\u00e9metorsz\u00e1gban. J\u00faniusban 0,3 sz\u00e1zal\u00e9k volt az \u00e1remelked\u00e9s havi m\u00e9rt\u00e9ke.<br \/>\nAz el\u0151z\u0151 havin\u00e1l magasabb \u00e9ves infl\u00e1ci\u00f3t els\u0151sorban az \u00e9lelmiszer\u00e1rak n\u00f6veked\u00e9se id\u00e9zte el\u0151 j\u00faliusban N\u00e9metorsz\u00e1gban, m\u00edg az energia\u00e1rak \u00e9s a szolg\u00e1ltat\u00e1sok \u00e1r\u00e1nak a n\u00f6veked\u00e9si \u00fcteme m\u00e9rs\u00e9kl\u0151d\u00f6tt. Az \u00e9lelmiszer\u00e1rak 2,1 sz\u00e1zal\u00e9kkal emelkedtek j\u00faliusban a j\u00faniusi 1,2 sz\u00e1zal\u00e9k ut\u00e1n. Az energia\u00e1rak j\u00faniusban 2,5 sz\u00e1zal\u00e9kkal, j\u00faliusban pedig 2,4 sz\u00e1zal\u00e9kkal emelkedtek.<br \/>\n<div class=\"ads-in-post2\"><script async src=\"https:\/\/pagead2.googlesyndication.com\/pagead\/js\/adsbygoogle.js\"><\/script>\r\n<ins class=\"adsbygoogle\"\r\n     style=\"display:block\"\r\n     data-ad-format=\"fluid\"\r\n     data-ad-layout-key=\"-6t+ed+2i-1n-4w\"\r\n     data-ad-client=\"ca-pub-1959107119989764\"\r\n     data-ad-slot=\"4008251320\"><\/ins>\r\n<script>\r\n     (adsbygoogle = window.adsbygoogle || []).push({});\r\n<\/script><\/div>\nAz uni\u00f3s \u00f6sszehasonl\u00edt\u00e1si c\u00e9lokra sz\u00e1m\u00edtott harmoniz\u00e1lt \u00e9ves fogyaszt\u00f3i \u00e1rindex v\u00e9gleges \u00e9rt\u00e9ke szint\u00e9n az el\u0151zetessel megegyez\u0151, 1,1 sz\u00e1zal\u00e9k, a havi 0,4 sz\u00e1zal\u00e9k lett j\u00faliusra vonatkoz\u00f3an. J\u00faniusban 1,5 sz\u00e1zal\u00e9k \u00e9s 0,3 sz\u00e1zal\u00e9k volt a megfelel\u0151 \u00e9rt\u00e9k.<br \/>\n<strong><a title=\"Hely megnyit\u00e1sa\" href=\"https:\/\/www.destatis.de\/DE\/Presse\/Pressemitteilungen\/2019\/08\/PD19_302_611.html\" target=\"_blank\" rel=\"noopener noreferrer\">https:\/\/www.destatis.de\/DE\/Presse\/Pressemitteilungen\/2019\/08\/PD19_302_611.html<\/a><\/strong><\/p>\n<p>&nbsp;<\/p><div id=\"gazda-2844468939\" class=\"gazda-tartalomban gazda-entity-placement\"><script async src=\"https:\/\/pagead2.googlesyndication.com\/pagead\/js\/adsbygoogle.js\"><\/script>\r\n<ins class=\"adsbygoogle\"\r\n     style=\"display:block\"\r\n     data-ad-format=\"fluid\"\r\n     data-ad-layout-key=\"-6t+ed+2i-1n-4w\"\r\n     data-ad-client=\"ca-pub-1959107119989764\"\r\n     data-ad-slot=\"4008251320\"><\/ins>\r\n<script>\r\n     (adsbygoogle = window.adsbygoogle || []).push({});\r\n<\/script><\/div>\n","protected":false},"excerpt":{"rendered":"<p>A piaci v\u00e1rakoz\u00e1sokkal \u00f6sszhangban, az el\u0151zetes adatokkal megegyez\u0151 m\u00e9rt\u00e9kben er\u0151s\u00f6d\u00f6tt j\u00faliusban a n\u00e9metorsz\u00e1gi infl\u00e1ci\u00f3 &#8211; jelentette kedden a n\u00e9met sz\u00f6vets\u00e9gi statisztikai hivatal, a Destatis.<\/p>\n","protected":false},"author":1001003,"featured_media":0,"comment_status":"closed","ping_status":"open","sticky":false,"template":"","format":"standard","meta":[],"categories":[246],"tags":[],"_links":{"self":[{"href":"https:\/\/gazdasagportal.hu\/index.php\/wp-json\/wp\/v2\/posts\/118697"}],"collection":[{"href":"https:\/\/gazdasagportal.hu\/index.php\/wp-json\/wp\/v2\/posts"}],"about":[{"href":"https:\/\/gazdasagportal.hu\/index.php\/wp-json\/wp\/v2\/types\/post"}],"author":[{"embeddable":true,"href":"https:\/\/gazdasagportal.hu\/index.php\/wp-json\/wp\/v2\/users\/1001003"}],"replies":[{"embeddable":true,"href":"https:\/\/gazdasagportal.hu\/index.php\/wp-json\/wp\/v2\/comments?post=118697"}],"version-history":[{"count":1,"href":"https:\/\/gazdasagportal.hu\/index.php\/wp-json\/wp\/v2\/posts\/118697\/revisions"}],"predecessor-version":[{"id":118698,"href":"https:\/\/gazdasagportal.hu\/index.php\/wp-json\/wp\/v2\/posts\/118697\/revisions\/118698"}],"wp:attachment":[{"href":"https:\/\/gazdasagportal.hu\/index.php\/wp-json\/wp\/v2\/media?parent=118697"}],"wp:term":[{"taxonomy":"category","embeddable":true,"href":"https:\/\/gazdasagportal.hu\/index.php\/wp-json\/wp\/v2\/categories?post=118697"},{"taxonomy":"post_tag","embeddable":true,"href":"https:\/\/gazdasagportal.hu\/index.php\/wp-json\/wp\/v2\/tags?post=118697"}],"curies":[{"name":"wp","href":"https:\/\/api.w.org\/{rel}","templated":true}]}}