{"id":118683,"date":"2019-08-12T17:45:20","date_gmt":"2019-08-12T15:45:20","guid":{"rendered":"http:\/\/gazdasagportal.hu\/?p=118683"},"modified":"2019-08-12T14:46:10","modified_gmt":"2019-08-12T12:46:10","slug":"szekelyfoldon-174-szazalekkal-lassult-az-ev-elso-ot-honapjaban-a-nepessegfogyas","status":"publish","type":"post","link":"https:\/\/gazdasagportal.hu\/index.php\/szekelyfoldon-174-szazalekkal-lassult-az-ev-elso-ot-honapjaban-a-nepessegfogyas\/","title":{"rendered":"Sz\u00e9kelyf\u00f6ld\u00f6n 17,4 sz\u00e1zal\u00e9kkal lassult az \u00e9v els\u0151 \u00f6t h\u00f3napj\u00e1ban a n\u00e9pess\u00e9gfogy\u00e1s"},"content":{"rendered":"<p><strong>Az Erd\u00e9lystat (Erdelystat.ro) statisztikai port\u00e1l h\u00e9tf\u0151n publik\u00e1lt k\u00f6zlem\u00e9nye szerint Sz\u00e9kelyf\u00f6ld\u00f6n az \u00e9v els\u0151 \u00f6t h\u00f3napj\u00e1ban 17,4 sz\u00e1zal\u00e9kkal lassult a n\u00e9pess\u00e9g term\u00e9szetes fogy\u00e1sa az elm\u00falt \u00e9v hasonl\u00f3 id\u0151szak\u00e1hoz k\u00e9pest. <\/strong><!--more--><\/p>\n<div class=\"ads-in-post1\"><div id=\"gazdasagportal.hu_fullbanner_wideboard\"><\/div>\r\n<\/div>\n<p>    Az Erd\u00e9lystat a rom\u00e1n Orsz\u00e1gos Statisztikai Int\u00e9zet (INS) \u00e1ltal k\u00f6zz\u00e9tett, megyei bont\u00e1s\u00fa n\u00e9pesed\u00e9si adatokat vizsg\u00e1lta meg, \u00e9s a Sz\u00e9kelyf\u00f6ldre vonatkoz\u00f3 meg\u00e1llap\u00edt\u00e1sait Hargita \u00e9s Kov\u00e1szna megye adatai alapj\u00e1n fogalmazta meg. Meg\u00e1llap\u00edtotta: Hargita \u00e9s Kov\u00e1szna megy\u00e9ben az \u00e9v els\u0151 \u00f6t h\u00f3napj\u00e1ban 2152 gyermek j\u00f6tt vil\u00e1gra, ami 98 gyermekkel, 4,8 sz\u00e1zal\u00e9kkal t\u00f6bb, mint a 2018. janu\u00e1r-m\u00e1jusi \u00e9rt\u00e9k. Ugyanebben az id\u0151szakban a k\u00e9t megy\u00e9ben 2799-en haltak meg. Ez az \u00e9rt\u00e9k mintegy 1,3 sz\u00e1zal\u00e9kos cs\u00f6kken\u00e9st jelent az el\u0151z\u0151 \u00e9v azonos id\u0151szak\u00e1hoz viszony\u00edtva, amikor 2837 f\u0151 volt az elhunytak sz\u00e1ma.<br \/>\n    A sz\u00fclet\u00e9ssz\u00e1m jelent\u0151s n\u00f6veked\u00e9se \u00e9s a hal\u00e1loz\u00e1sok sz\u00e1m\u00e1nak cs\u00f6kken\u00e9se egy\u00fcttesen azt eredm\u00e9nyezte, hogy a Sz\u00e9kelyf\u00f6ld\u00f6n a term\u00e9szetes fogy\u00e1s (647 f\u0151) 17,4 sz\u00e1zal\u00e9kkal alacsonyabb volt, mint a 2018 hasonl\u00f3 id\u0151szak\u00e1ra sz\u00e1molt \u00e9rt\u00e9k (783 f\u0151). A term\u00e9szetes n\u00e9pmozgalmi adatokat a sz\u00fclet\u00e9sek \u00e9s az elhal\u00e1loz\u00e1sok sz\u00e1ma alapj\u00e1n sz\u00e1molj\u00e1k, ezek az adatok nem t\u00fckr\u00f6zik a v\u00e1ndorl\u00e1si folyamatokat.<br \/>\n    A feldolgozott statisztikai adatok szerint n\u0151tt Sz\u00e9kelyf\u00f6ld\u00f6n a h\u00e1zasod\u00e1si kedv: az \u00e9v els\u0151 \u00f6t h\u00f3napj\u00e1ban 887 p\u00e1r k\u00f6t\u00f6tt h\u00e1zass\u00e1got, ez 2,8 sz\u00e1zal\u00e9kos n\u00f6veked\u00e9st jelent az el\u0151z\u0151 \u00e9v hasonl\u00f3 id\u0151szak\u00e1hoz viszony\u00edtva.<br \/>\n<div class=\"ads-in-post2\"><script async src=\"https:\/\/pagead2.googlesyndication.com\/pagead\/js\/adsbygoogle.js\"><\/script>\r\n<ins class=\"adsbygoogle\"\r\n     style=\"display:block\"\r\n     data-ad-format=\"fluid\"\r\n     data-ad-layout-key=\"-6t+ed+2i-1n-4w\"\r\n     data-ad-client=\"ca-pub-1959107119989764\"\r\n     data-ad-slot=\"4008251320\"><\/ins>\r\n<script>\r\n     (adsbygoogle = window.adsbygoogle || []).push({});\r\n<\/script><\/div>\n    A k\u00f6zlem\u00e9ny arra is kit\u00e9r, hogy a sz\u00fclet\u00e9ssz\u00e1m n\u00f6veked\u00e9se a Hargita megyei adatoknak k\u00f6sz\u00f6nhet\u0151, Kov\u00e1szna megy\u00e9ben stagn\u00e1l\u00e1s, enyhe cs\u00f6kken\u00e9s tapasztalhat\u00f3.<br \/>\n    A sz\u00e9kelyf\u00f6ldi adatok jelent\u0151sen k\u00fcl\u00f6nb\u00f6znek az erd\u00e9lyi \u00e1tlagt\u00f3l. A vizsg\u00e1lt id\u0151szakban Erd\u00e9lyben enyh\u00e9n gyorsult a n\u00e9pess\u00e9gfogy\u00e1s: a sz\u00fclet\u00e9sek sz\u00e1ma (25 256) 1,7 sz\u00e1zal\u00e9kkal, az elhal\u00e1loz\u00e1sok\u00e9 (36 457) pedig egy sz\u00e1zal\u00e9kkal volt alacsonyabb, mint az elm\u00falt \u00e9v hasonl\u00f3 id\u0151szak\u00e1ban. A h\u00e1zass\u00e1gk\u00f6t\u00e9sek sz\u00e1ma pedig Erd\u00e9lyben 9,9 sz\u00e1zal\u00e9kkal maradt el az egy \u00e9vvel kor\u00e1bbit\u00f3l.<br \/>\n    Az Erd\u00e9lystat a Bihar, Szatm\u00e1r \u00e9s Szil\u00e1gy megyei adatok alapj\u00e1n meg\u00e1llap\u00edtotta, hogy a Partiumban is n\u00f6vekedett a sz\u00fclet\u00e9sek sz\u00e1ma, \u00e9s cs\u00f6kkent az elhal\u00e1loz\u00e1sok\u00e9. Itt a n\u00e9pess\u00e9gfogy\u00e1s 6,5 sz\u00e1zal\u00e9kkal lassult, a h\u00e1zass\u00e1gk\u00f6t\u00e9sek sz\u00e1ma pedig az erd\u00e9lyi \u00e1tlagn\u00e1l sokkal kisebb ar\u00e1nyban (1,7 sz\u00e1zal\u00e9k) cs\u00f6kkent.<br \/>\n    A Maros \u00e9s Kolozs megyei adatok alapj\u00e1n az Erd\u00e9lystat azt \u00e1llap\u00edtotta meg, hogy K\u00f6z\u00e9p-Erd\u00e9lyben a term\u00e9szetes n\u00e9pess\u00e9gfogy\u00e1s 3,2 sz\u00e1zal\u00e9kkal gyorsult, a h\u00e1zass\u00e1gk\u00f6t\u00e9si kedv pedig 5,1 sz\u00e1zal\u00e9kkal cs\u00f6kkent.(MTI)<\/p>\n","protected":false},"excerpt":{"rendered":"<p>Az Erd\u00e9lystat (Erdelystat.ro) statisztikai port\u00e1l h\u00e9tf\u0151n publik\u00e1lt k\u00f6zlem\u00e9nye szerint Sz\u00e9kelyf\u00f6ld\u00f6n az \u00e9v els\u0151 \u00f6t h\u00f3napj\u00e1ban 17,4 sz\u00e1zal\u00e9kkal lassult a n\u00e9pess\u00e9g term\u00e9szetes fogy\u00e1sa az elm\u00falt \u00e9v hasonl\u00f3 id\u0151szak\u00e1hoz k\u00e9pest.<\/p>\n","protected":false},"author":1001003,"featured_media":0,"comment_status":"closed","ping_status":"open","sticky":false,"template":"","format":"standard","meta":[],"categories":[4,12],"tags":[],"_links":{"self":[{"href":"https:\/\/gazdasagportal.hu\/index.php\/wp-json\/wp\/v2\/posts\/118683"}],"collection":[{"href":"https:\/\/gazdasagportal.hu\/index.php\/wp-json\/wp\/v2\/posts"}],"about":[{"href":"https:\/\/gazdasagportal.hu\/index.php\/wp-json\/wp\/v2\/types\/post"}],"author":[{"embeddable":true,"href":"https:\/\/gazdasagportal.hu\/index.php\/wp-json\/wp\/v2\/users\/1001003"}],"replies":[{"embeddable":true,"href":"https:\/\/gazdasagportal.hu\/index.php\/wp-json\/wp\/v2\/comments?post=118683"}],"version-history":[{"count":1,"href":"https:\/\/gazdasagportal.hu\/index.php\/wp-json\/wp\/v2\/posts\/118683\/revisions"}],"predecessor-version":[{"id":118684,"href":"https:\/\/gazdasagportal.hu\/index.php\/wp-json\/wp\/v2\/posts\/118683\/revisions\/118684"}],"wp:attachment":[{"href":"https:\/\/gazdasagportal.hu\/index.php\/wp-json\/wp\/v2\/media?parent=118683"}],"wp:term":[{"taxonomy":"category","embeddable":true,"href":"https:\/\/gazdasagportal.hu\/index.php\/wp-json\/wp\/v2\/categories?post=118683"},{"taxonomy":"post_tag","embeddable":true,"href":"https:\/\/gazdasagportal.hu\/index.php\/wp-json\/wp\/v2\/tags?post=118683"}],"curies":[{"name":"wp","href":"https:\/\/api.w.org\/{rel}","templated":true}]}}