{"id":118677,"date":"2019-08-12T16:09:48","date_gmt":"2019-08-12T14:09:48","guid":{"rendered":"http:\/\/gazdasagportal.hu\/?p=118677"},"modified":"2019-08-12T14:41:12","modified_gmt":"2019-08-12T12:41:12","slug":"elemzok-iden-mintegy-30-szazalekkal-bovulhet-az-epitoipar","status":"publish","type":"post","link":"https:\/\/gazdasagportal.hu\/index.php\/elemzok-iden-mintegy-30-szazalekkal-bovulhet-az-epitoipar\/","title":{"rendered":"Elemz\u0151k: id\u00e9n mintegy 30 sz\u00e1zal\u00e9kkal b\u0151v\u00fclhet az \u00e9p\u00edt\u0151ipar"},"content":{"rendered":"<p><strong>Az \u00e9p\u00edt\u0151ipar termel\u00e9se tov\u00e1bbra is dinamikusan n\u0151, az \u00e1gazat teljes\u00edtm\u00e9nye id\u00e9n 30 sz\u00e1zal\u00e9k k\u00f6r\u00fcl b\u0151v\u00fclhet &#8211; komment\u00e1lt\u00e1k az MTI-nek nyilatkoz\u00f3 szak\u00e9rt\u0151k a K\u00f6zponti Statisztikai Hivatal (KSH) h\u00e9tf\u0151n kiadott jelent\u00e9s\u00e9t az \u00e9p\u00edt\u0151iparr\u00f3l. <\/strong><!--more--><\/p>\n<div class=\"ads-in-post1\"><div id=\"gazdasagportal.hu_fullbanner_wideboard\"><\/div>\r\n<\/div>\n<p>    A KSH adatai szerint j\u00faniusban az \u00e9p\u00edt\u0151ipari termel\u00e9s 20,3 sz\u00e1zal\u00e9kkal haladta meg az egy \u00e9vvel kor\u00e1bbit. A m\u00e1jusihoz m\u00e9rten 1,7 sz\u00e1zal\u00e9kkal n\u0151tt szezon\u00e1lisan \u00e9s munkanaphat\u00e1ssal kiigaz\u00edtva. Az els\u0151 f\u00e9l \u00e9vben 35,1 sz\u00e1zal\u00e9kkal emelkedett az \u00e9p\u00edt\u0151ipar termel\u00e9se az el\u0151z\u0151 \u00e9v azonos id\u0151szak\u00e1hoz viszony\u00edtva a tavalyi 21,3 sz\u00e1zal\u00e9k ut\u00e1n.<br \/>\n    Koji L\u00e1szl\u00f3, az \u00c9p\u00edt\u00e9si V\u00e1llalkoz\u00f3k Orsz\u00e1gos Szaksz\u00f6vets\u00e9g\u00e9nek (\u00c9VOSZ) eln\u00f6ke az MTI-nek elmondta, hogy az \u00e9p\u00edt\u0151ipar a m\u00e1sodik negyed\u00e9vben t\u00f6bb mint 30 sz\u00e1zal\u00e9kkal b\u0151v\u00fclt, \u00edgy az \u00e1gazat mintegy 1,2 sz\u00e1zal\u00e9kponttal j\u00e1rul hozz\u00e1 a GDP m\u00e1sodik negyed\u00e9vi n\u00f6veked\u00e9s\u00e9hez.<br \/>\n    A m\u00e1sodik f\u00e9l \u00e9vben is magas lesz az \u00e9p\u00edt\u0151ipar teljes\u00edtm\u00e9nye, de a n\u00f6veked\u00e9s dinamik\u00e1ja cs\u00f6kkeni fog, mert a m\u00falt \u00e9v m\u00e1sodik f\u00e9l \u00e9v\u00e9ben nagyon magas b\u00e1zis sz\u00e1mokat m\u00e9rtek. A m\u00e1sodik f\u00e9l \u00e9vben f\u0151k\u00e9nt a m\u00e9ly\u00e9p\u00edt\u00e9sn\u00e9l jelentkezik majd a cs\u00f6kken\u00e9s, mivel a 2014-2020 k\u00f6z\u00f6tti id\u0151szakban ennek a ter\u00fcletnek a fejleszt\u00e9s\u00e9re rendelkez\u00e9sre \u00e1ll\u00f3 uni\u00f3s forr\u00e1sokat a korm\u00e1ny m\u00e1r 2017-2018-ban kihelyezte. Emiatt az \u00e9v k\u00f6vetkez\u0151 r\u00e9sz\u00e9ben jelent\u0151sen elv\u00e1lik egym\u00e1st\u00f3l a magas \u00e9s a m\u00e9ly\u00e9p\u00edt\u00e9s teljes\u00edtm\u00e9nye, m\u00edg el\u0151bbin\u00e9l tov\u00e1bb b\u0151v\u00fcl a rendel\u00e9s \u00e1llom\u00e1ny, az ut\u00f3bbiakn\u00e1l visszaes\u00e9s v\u00e1rhat\u00f3.<br \/>\n    Az \u00c9VOSZ az elm\u00falt hetekben megkereste az Innov\u00e1ci\u00f3s \u00e9s Technol\u00f3giai Miniszt\u00e9riumot, ugyanis a korm\u00e1ny \u00e1ltal az \u00e9p\u00edt\u0151ipari c\u00e9gek technol\u00f3giai fejleszt\u00e9s\u00e9re id\u00e9n meghirdetett 6 milli\u00e1rd forintos p\u00e1ly\u00e1zati keretre 20 milli\u00e1rd forint \u00e9rt\u00e9kben ny\u00fajtottak be t\u00e1mogat\u00e1si k\u00e9relmet a c\u00e9gek &#8211; k\u00f6z\u00f6lte az eln\u00f6k.  Az ITM \u0151sszel \u00fajabb 3 milli\u00e1rdot \u00edr majd ki, ebben a felh\u00edv\u00e1sban azonban m\u00e1r a v\u00e1llalkoz\u00e1sok egy\u00fcttm\u0171k\u00f6d\u00e9se ker\u00fcl el\u0151t\u00e9rbe. A p\u00e1ly\u00e1zat egyik c\u00e9lja, hogy a tervez\u0151k, az \u00e9p\u00edt\u0151anyag gy\u00e1rt\u00f3k \u00e9s a kivitelez\u0151k \u00e1lljanak \u00f6ssze \u00e9s tegyenek k\u00eds\u00e9rletet arra, hogy egy adott m\u0171szaki tartalommal rendelkez\u0151 ki\u00edr\u00e1st a legk\u00f6lts\u00e9ghat\u00e9konyabban val\u00f3s\u00edtsanak meg. Az \u00c9VOSZ azonban azt k\u00e9rte az ITM-t\u0151l, hogy ezzel a 3 milli\u00e1rd forinttal a 6 milli\u00e1rd forintos p\u00e1ly\u00e1zatot eg\u00e9sz\u00edtse ki, azaz ne v\u00e1ltoztasson a p\u00e1ly\u00e1zati ki\u00edr\u00e1son.<br \/>\n<div class=\"ads-in-post2\"><script async src=\"https:\/\/pagead2.googlesyndication.com\/pagead\/js\/adsbygoogle.js\"><\/script>\r\n<ins class=\"adsbygoogle\"\r\n     style=\"display:block\"\r\n     data-ad-format=\"fluid\"\r\n     data-ad-layout-key=\"-6t+ed+2i-1n-4w\"\r\n     data-ad-client=\"ca-pub-1959107119989764\"\r\n     data-ad-slot=\"4008251320\"><\/ins>\r\n<script>\r\n     (adsbygoogle = window.adsbygoogle || []).push({});\r\n<\/script><\/div>\n    Horv\u00e1th Andr\u00e1s, a Takar\u00e9kbank vezet\u0151 elemz\u0151j\u00e9nek komment\u00e1rja szerint az \u00e1gazat \u00e9v elej\u00e9n m\u00e9rt magas teljes\u00edtm\u00e9nye ut\u00e1n szemmel l\u00e1that\u00f3an lassul az \u00e9p\u00edt\u0151ipari konjunkt\u00fara, de tov\u00e1bbra is n\u00f6veked\u00e9s tapasztalhat\u00f3. Az elemz\u0151 szerint az a k\u00e9rd\u00e9s, hogy a lassul\u00e1st mennyiben okozz\u00e1k \u00e1tmeneti hat\u00e1sok. P\u00e9ldak\u00e9nt a szakemberhi\u00e1nyt \u00e9s a 27 sz\u00e1zal\u00e9kra visszaemelked\u0151 \u00e1f\u00e1t eml\u00edtette.<br \/>\n    Hozz\u00e1tette, tov\u00e1bbra is jelent\u0151s probl\u00e9ma, hogy b\u00e1r az \u00e9p\u00edt\u0151ipar foglalkoztatotti l\u00e9tsz\u00e1ma t\u00f6rt\u00e9nelmi cs\u00facson \u00e1ll, a szektorban jelent\u0151s a k\u00e9pzetlen munkaer\u0151 l\u00e9tsz\u00e1ma.<br \/>\n    Moln\u00e1r D\u00e1niel, a Sz\u00e1zadv\u00e9g Gazdas\u00e1gkutat\u00f3 Zrt. makrogazdas\u00e1gi elemz\u0151je az MTI-nek k\u00fcld\u00f6tt komment\u00e1rj\u00e1ban meg\u00e1llap\u00edtotta, hogy tov\u00e1bb lassult az \u00e9p\u00edt\u0151ipar termel\u00e9s\u00e9nek n\u00f6veked\u00e9se j\u00faniusban, amely r\u00e9szben a magas b\u00e1zissal magyar\u00e1zhat\u00f3, mivel j\u00faniusban az id\u0151j\u00e1r\u00e1s kifejezetten kedvezett az \u00e1gazatnak. Ugyanakkor megjegyezte, hogy az \u00e1gazat tov\u00e1bbra is dinamikusan b\u0151v\u00fcl, \u00edgy az \u00e9p\u00edt\u0151ipar a m\u00e1sodik negyed\u00e9vben is \u00e9rdemben hozz\u00e1j\u00e1rulhatott a GDP n\u00f6veked\u00e9s\u00e9hez.<br \/>\n    K\u00f6z\u00f6lte, az \u00e9p\u00fcletek \u00e9p\u00edt\u00e9s\u00e9n\u00e9l tov\u00e1bbra is dinamikus n\u00f6veked\u00e9st mutatnak az adatok, amely a v\u00e1llalati beruh\u00e1z\u00e1sokhoz \u00e9s a lak\u00e1s\u00e9p\u00edt\u00e9sekhez k\u00f6thet\u0151. Ezzel szemben az \u00e9p\u00edtm\u00e9nyekn\u00e9l cs\u00f6kken a rendel\u00e9s\u00e1llom\u00e1ny, amely feltehet\u0151en az uni\u00f3s forr\u00e1sok kifut\u00e1s\u00e1val magyar\u00e1zhat\u00f3. Mindezek miatt az \u00e9p\u00edt\u0151ipar teljes\u00edtm\u00e9nye a k\u00f6vetkez\u0151 id\u0151szakban tov\u00e1bb lassulhat, azonban \u00edgy is sz\u00e1mottev\u0151 marad.(MTI)<\/p>\n","protected":false},"excerpt":{"rendered":"<p>Az \u00e9p\u00edt\u0151ipar termel\u00e9se tov\u00e1bbra is dinamikusan n\u0151, az \u00e1gazat teljes\u00edtm\u00e9nye id\u00e9n 30 sz\u00e1zal\u00e9k k\u00f6r\u00fcl b\u0151v\u00fclhet &#8211; komment\u00e1lt\u00e1k az MTI-nek nyilatkoz\u00f3 szak\u00e9rt\u0151k a K\u00f6zponti Statisztikai Hivatal (KSH) h\u00e9tf\u0151n kiadott jelent\u00e9s\u00e9t az \u00e9p\u00edt\u0151iparr\u00f3l.<\/p>\n","protected":false},"author":1001003,"featured_media":0,"comment_status":"closed","ping_status":"open","sticky":false,"template":"","format":"standard","meta":[],"categories":[19],"tags":[],"_links":{"self":[{"href":"https:\/\/gazdasagportal.hu\/index.php\/wp-json\/wp\/v2\/posts\/118677"}],"collection":[{"href":"https:\/\/gazdasagportal.hu\/index.php\/wp-json\/wp\/v2\/posts"}],"about":[{"href":"https:\/\/gazdasagportal.hu\/index.php\/wp-json\/wp\/v2\/types\/post"}],"author":[{"embeddable":true,"href":"https:\/\/gazdasagportal.hu\/index.php\/wp-json\/wp\/v2\/users\/1001003"}],"replies":[{"embeddable":true,"href":"https:\/\/gazdasagportal.hu\/index.php\/wp-json\/wp\/v2\/comments?post=118677"}],"version-history":[{"count":1,"href":"https:\/\/gazdasagportal.hu\/index.php\/wp-json\/wp\/v2\/posts\/118677\/revisions"}],"predecessor-version":[{"id":118678,"href":"https:\/\/gazdasagportal.hu\/index.php\/wp-json\/wp\/v2\/posts\/118677\/revisions\/118678"}],"wp:attachment":[{"href":"https:\/\/gazdasagportal.hu\/index.php\/wp-json\/wp\/v2\/media?parent=118677"}],"wp:term":[{"taxonomy":"category","embeddable":true,"href":"https:\/\/gazdasagportal.hu\/index.php\/wp-json\/wp\/v2\/categories?post=118677"},{"taxonomy":"post_tag","embeddable":true,"href":"https:\/\/gazdasagportal.hu\/index.php\/wp-json\/wp\/v2\/tags?post=118677"}],"curies":[{"name":"wp","href":"https:\/\/api.w.org\/{rel}","templated":true}]}}