{"id":118649,"date":"2019-08-12T11:51:05","date_gmt":"2019-08-12T09:51:05","guid":{"rendered":"http:\/\/gazdasagportal.hu\/?p=118649"},"modified":"2019-08-12T10:52:18","modified_gmt":"2019-08-12T08:52:18","slug":"megalapitottak-az-orszag-elso-kulturalis-szponzoracios-elismereset","status":"publish","type":"post","link":"https:\/\/gazdasagportal.hu\/index.php\/megalapitottak-az-orszag-elso-kulturalis-szponzoracios-elismereset\/","title":{"rendered":"Megalap\u00edtott\u00e1k az orsz\u00e1g els\u0151, kultur\u00e1lis szponzor\u00e1ci\u00f3s elismer\u00e9s\u00e9t"},"content":{"rendered":"<p><strong>Elindult az els\u0151 Art is Business D\u00edj<\/strong>. <strong>El\u0151sz\u00f6r \u00edt\u00e9lik oda 2019 december\u00e9ben a v\u00e1llalatok sz\u00e1m\u00e1ra alap\u00edtott, kult\u00farat\u00e1mogat\u00e1s\u00e9rt j\u00e1r\u00f3 <\/strong><strong>elismer\u00e9st. Szeptember 15-ig lehet p\u00e1ly\u00e1zni!<\/strong><!--more--><\/p>\n<div class=\"ads-in-post1\"><div id=\"gazdasagportal.hu_fullbanner_wideboard\"><\/div>\r\n<\/div>\n<p>Az elismer\u00e9st az Art is Business magazin meg\u00e1lmod\u00f3ja, a kort\u00e1rsPRos hozza l\u00e9tre azzal a c\u00e9llal, hogy m\u00e9lt\u00e1nyolja a m\u0171v\u00e9szeti \u00e9s kultur\u00e1lis ter\u00fcletet t\u00e1mogat\u00f3 v\u00e1llalkoz\u00e1sok munk\u00e1j\u00e1t, ez\u00e1ltal egyre t\u00f6bb c\u00e9g kult\u00farat\u00e1mogat\u00e1s\u00e1t seg\u00edtse ezen a ter\u00fcleten. A p\u00e1ly\u00e1zat elb\u00edr\u00e1l\u00e1s\u00e1ban hatf\u0151s kurat\u00f3rium vesz r\u00e9szt,\u00a0 Juh\u00e1sz D\u00f3ra, a M\u00fcpa PR-vezet\u0151je,Feh\u00e9r Zsuzsanna, a Ludwig M\u00fazeum marketing \u00e9s kommunik\u00e1ci\u00f3s vezet\u0151je, V\u00e9g Szilvia, a Jur\u00e1nyi Inkub\u00e1torh\u00e1z kommunik\u00e1ci\u00f3s vezet\u0151je, Drucker D\u00e1vid, a Traf\u00f3 marketing- \u00e9s kommunik\u00e1ci\u00f3s vezet\u0151je, Batta Barnab\u00e1s, a MITTE Communications strat\u00e9giai igazgat\u00f3ja \u00e9s Balogh M\u00e1t\u00e9 Andr\u00e1s, a kort\u00e1rsPRos \u00fcgyvezet\u0151je.<br \/>\n<div class=\"ads-in-post2\"><script async src=\"https:\/\/pagead2.googlesyndication.com\/pagead\/js\/adsbygoogle.js\"><\/script>\r\n<ins class=\"adsbygoogle\"\r\n     style=\"display:block\"\r\n     data-ad-format=\"fluid\"\r\n     data-ad-layout-key=\"-6t+ed+2i-1n-4w\"\r\n     data-ad-client=\"ca-pub-1959107119989764\"\r\n     data-ad-slot=\"4008251320\"><\/ins>\r\n<script>\r\n     (adsbygoogle = window.adsbygoogle || []).push({});\r\n<\/script><\/div>\n<p>&nbsp;<\/p>\n<p>A d\u00edj \u00e9rt\u00e9kteremt\u0151 c\u00e9llal j\u00f6tt l\u00e9tre, megalapozva azt, hogy a kult\u00far\u00e1ra sz\u00e1nt, forprofit t\u00e1mogat\u00e1s eszm\u00e9j\u00e9t er\u0151s\u00edtse, valamint el\u0151seg\u00edtse a v\u00e1llalat kult\u00fara ir\u00e1nti elk\u00f6telez\u0151d\u00e9s\u00e9t.<\/p>\n<p>&nbsp;<\/p><div id=\"gazda-3391481073\" class=\"gazda-tartalomban gazda-entity-placement\"><script async src=\"https:\/\/pagead2.googlesyndication.com\/pagead\/js\/adsbygoogle.js\"><\/script>\r\n<ins class=\"adsbygoogle\"\r\n     style=\"display:block\"\r\n     data-ad-format=\"fluid\"\r\n     data-ad-layout-key=\"-6t+ed+2i-1n-4w\"\r\n     data-ad-client=\"ca-pub-1959107119989764\"\r\n     data-ad-slot=\"4008251320\"><\/ins>\r\n<script>\r\n     (adsbygoogle = window.adsbygoogle || []).push({});\r\n<\/script><\/div>\n<p><strong>Az Art is Business D\u00edj h\u00e1rom kateg\u00f3ri\u00e1ban \u2013 nagyv\u00e1llalat, kis-\u00e9s k\u00f6z\u00e9pv\u00e1llalkoz\u00e1s, mec\u00e9n\u00e1s \u2013 ker\u00fcl kioszt\u00e1sra.<\/strong><\/p>\n<p><strong>\u00a0<\/strong><\/p>\n<p>&nbsp;<\/p>\n<p><strong>P\u00e1ly\u00e1zati k\u00e9rd\u0151\u00edv:<\/strong> <a href=\"http:\/\/www.artisbusiness.hu\/hu\/kerdoiv\/art-is-business-dij\/\" target=\"_blank\" rel=\"noopener noreferrer\"><strong>http:\/\/www.artisbusiness.hu\/hu\/kerdoiv\/art-is-business-dij\/<\/strong><\/a><\/p>\n<p>&nbsp;<\/p>\n<p><strong>P\u00e1ly\u00e1zati hat\u00e1rid\u0151: 2019. szeptember 15. <\/strong><\/p>\n","protected":false},"excerpt":{"rendered":"<p>Elindult az els\u0151 Art is Business D\u00edj. El\u0151sz\u00f6r \u00edt\u00e9lik oda 2019 december\u00e9ben a v\u00e1llalatok sz\u00e1m\u00e1ra alap\u00edtott, kult\u00farat\u00e1mogat\u00e1s\u00e9rt j\u00e1r\u00f3 elismer\u00e9st. Szeptember 15-ig lehet p\u00e1ly\u00e1zni!<\/p>\n","protected":false},"author":1001003,"featured_media":0,"comment_status":"closed","ping_status":"open","sticky":false,"template":"","format":"standard","meta":[],"categories":[19],"tags":[],"_links":{"self":[{"href":"https:\/\/gazdasagportal.hu\/index.php\/wp-json\/wp\/v2\/posts\/118649"}],"collection":[{"href":"https:\/\/gazdasagportal.hu\/index.php\/wp-json\/wp\/v2\/posts"}],"about":[{"href":"https:\/\/gazdasagportal.hu\/index.php\/wp-json\/wp\/v2\/types\/post"}],"author":[{"embeddable":true,"href":"https:\/\/gazdasagportal.hu\/index.php\/wp-json\/wp\/v2\/users\/1001003"}],"replies":[{"embeddable":true,"href":"https:\/\/gazdasagportal.hu\/index.php\/wp-json\/wp\/v2\/comments?post=118649"}],"version-history":[{"count":1,"href":"https:\/\/gazdasagportal.hu\/index.php\/wp-json\/wp\/v2\/posts\/118649\/revisions"}],"predecessor-version":[{"id":118650,"href":"https:\/\/gazdasagportal.hu\/index.php\/wp-json\/wp\/v2\/posts\/118649\/revisions\/118650"}],"wp:attachment":[{"href":"https:\/\/gazdasagportal.hu\/index.php\/wp-json\/wp\/v2\/media?parent=118649"}],"wp:term":[{"taxonomy":"category","embeddable":true,"href":"https:\/\/gazdasagportal.hu\/index.php\/wp-json\/wp\/v2\/categories?post=118649"},{"taxonomy":"post_tag","embeddable":true,"href":"https:\/\/gazdasagportal.hu\/index.php\/wp-json\/wp\/v2\/tags?post=118649"}],"curies":[{"name":"wp","href":"https:\/\/api.w.org\/{rel}","templated":true}]}}