{"id":118645,"date":"2019-08-12T10:34:50","date_gmt":"2019-08-12T08:34:50","guid":{"rendered":"http:\/\/gazdasagportal.hu\/?p=118645"},"modified":"2019-08-12T10:34:50","modified_gmt":"2019-08-12T08:34:50","slug":"romlott-az-ifo-harmadik-negyedevi-vilaggazdasagi-hangulatindexe","status":"publish","type":"post","link":"https:\/\/gazdasagportal.hu\/index.php\/romlott-az-ifo-harmadik-negyedevi-vilaggazdasagi-hangulatindexe\/","title":{"rendered":"Romlott az ifo harmadik negyed\u00e9vi vil\u00e1ggazdas\u00e1gi hangulatindexe"},"content":{"rendered":"<p><strong>Romlott a m\u00fcncheni ifo gazdas\u00e1gkutat\u00f3 int\u00e9zet vil\u00e1ggazdas\u00e1gi hangulatindexe a harmadik negyed\u00e9vre vonatkoz\u00f3an a h\u00e9tf\u0151n az MTI-hez eljuttatott World Economic Survey (WES) felm\u00e9r\u00e9s eredm\u00e9nye alapj\u00e1n.<\/strong><!--more--><\/p>\n<div class=\"ads-in-post1\"><div id=\"gazdasagportal.hu_fullbanner_wideboard\"><\/div>\r\n<\/div>\n<p>    Az ifo gazdas\u00e1gkutat\u00f3 int\u00e9zet (ifo Institut &#8211; Leibniz-Institut f\u00fcr Wirtschaftsforschung an der Universit\u00e4t M\u00fcnchen e.V.) vil\u00e1ggazdas\u00e1gi hangulatindexe \u00e9s annak mindk\u00e9t \u00f6sszetev\u0151je, az aktu\u00e1lis helyzet \u00e9s a kil\u00e1t\u00e1sok meg\u00edt\u00e9l\u00e9se is romlott a harmadik negyed\u00e9vben az el\u0151z\u0151 negyed\u00e9vhez k\u00e9pest. Az ifo 116 orsz\u00e1g 1173 gazdas\u00e1gi szak\u00e9rt\u0151je bevon\u00e1s\u00e1val k\u00e9sz\u00edtette el legfrissebb WES felm\u00e9r\u00e9s\u00e9t.<br \/>\n    A felm\u00e9r\u00e9s alapj\u00e1n a vil\u00e1ggazdas\u00e1gi hangulatindex m\u00ednusz 10,1 pontra cs\u00f6kkent a harmadik negyed\u00e9vre vonatkoz\u00f3an az el\u0151z\u0151 negyed\u00e9vi m\u00ednusz 2,4 pontr\u00f3l.<br \/>\n<div class=\"ads-in-post2\"><script async src=\"https:\/\/pagead2.googlesyndication.com\/pagead\/js\/adsbygoogle.js\"><\/script>\r\n<ins class=\"adsbygoogle\"\r\n     style=\"display:block\"\r\n     data-ad-format=\"fluid\"\r\n     data-ad-layout-key=\"-6t+ed+2i-1n-4w\"\r\n     data-ad-client=\"ca-pub-1959107119989764\"\r\n     data-ad-slot=\"4008251320\"><\/ins>\r\n<script>\r\n     (adsbygoogle = window.adsbygoogle || []).push({});\r\n<\/script><\/div>\n    Az aktu\u00e1lis helyzet meg\u00edt\u00e9l\u00e9s\u00e9t sz\u00e1mszer\u0171s\u00edt\u0151 mutat\u00f3 m\u00ednusz 5,4 pontra cs\u00f6kkent plusz 1,4 pontr\u00f3l. A kil\u00e1t\u00e1sok meg\u00edt\u00e9l\u00e9s\u00e9nek mutat\u00f3sz\u00e1ma pedig m\u00ednusz 14,7 pontra cs\u00f6kkent m\u00ednusz 6,1 pontr\u00f3l.<br \/>\n    Region\u00e1lis bont\u00e1sban az \u00f6sszes\u00edtett hangulatindex minden f\u00f6ldrajzi r\u00e9gi\u00f3ban romlott. A fejlett orsz\u00e1gokban, valamint az \u00e1zsiai fejlett \u00e9s fejl\u0151d\u0151 t\u00e9rs\u00e9gekben mind az aktu\u00e1lis helyzet, mind a kil\u00e1t\u00e1sok meg\u00edt\u00e9l\u00e9se romlott. Ezzel szemben Latin-Amerik\u00e1ban, a szovjet ut\u00f3d\u00e1llamokban, a K\u00f6zel-Keleten \u00e9s \u00c9szak-Afrik\u00e1ban csak az aktu\u00e1lis helyzet meg\u00edt\u00e9l\u00e9se romlott, a kil\u00e1t\u00e1sok indexe javult.<br \/>\n    Az ifo szak\u00e9rt\u0151i a felm\u00e9r\u00e9s alapj\u00e1n a vil\u00e1ggazdas\u00e1gi aktivit\u00e1s jelent\u0151s roml\u00e1s\u00e1ra sz\u00e1m\u00edtanak. A felm\u00e9r\u00e9sbe bevont szak\u00e9rt\u0151k visszaes\u00e9st v\u00e1rnak mind a lakoss\u00e1gi fogyaszt\u00e1sban, mind a v\u00e1llalati beruh\u00e1z\u00e1sokban, valamint a r\u00f6vid \u00e9s hossz\u00fa lej\u00e1rat\u00fa kamatok cs\u00f6kken\u00e9s\u00e9re sz\u00e1m\u00edtanak.(MTI)<\/p>\n","protected":false},"excerpt":{"rendered":"<p>Romlott a m\u00fcncheni ifo gazdas\u00e1gkutat\u00f3 int\u00e9zet vil\u00e1ggazdas\u00e1gi hangulatindexe a harmadik negyed\u00e9vre vonatkoz\u00f3an a h\u00e9tf\u0151n az MTI-hez eljuttatott World Economic Survey (WES) felm\u00e9r\u00e9s eredm\u00e9nye alapj\u00e1n.<\/p>\n","protected":false},"author":1001003,"featured_media":0,"comment_status":"closed","ping_status":"open","sticky":false,"template":"","format":"standard","meta":[],"categories":[246],"tags":[],"_links":{"self":[{"href":"https:\/\/gazdasagportal.hu\/index.php\/wp-json\/wp\/v2\/posts\/118645"}],"collection":[{"href":"https:\/\/gazdasagportal.hu\/index.php\/wp-json\/wp\/v2\/posts"}],"about":[{"href":"https:\/\/gazdasagportal.hu\/index.php\/wp-json\/wp\/v2\/types\/post"}],"author":[{"embeddable":true,"href":"https:\/\/gazdasagportal.hu\/index.php\/wp-json\/wp\/v2\/users\/1001003"}],"replies":[{"embeddable":true,"href":"https:\/\/gazdasagportal.hu\/index.php\/wp-json\/wp\/v2\/comments?post=118645"}],"version-history":[{"count":1,"href":"https:\/\/gazdasagportal.hu\/index.php\/wp-json\/wp\/v2\/posts\/118645\/revisions"}],"predecessor-version":[{"id":118646,"href":"https:\/\/gazdasagportal.hu\/index.php\/wp-json\/wp\/v2\/posts\/118645\/revisions\/118646"}],"wp:attachment":[{"href":"https:\/\/gazdasagportal.hu\/index.php\/wp-json\/wp\/v2\/media?parent=118645"}],"wp:term":[{"taxonomy":"category","embeddable":true,"href":"https:\/\/gazdasagportal.hu\/index.php\/wp-json\/wp\/v2\/categories?post=118645"},{"taxonomy":"post_tag","embeddable":true,"href":"https:\/\/gazdasagportal.hu\/index.php\/wp-json\/wp\/v2\/tags?post=118645"}],"curies":[{"name":"wp","href":"https:\/\/api.w.org\/{rel}","templated":true}]}}