{"id":118641,"date":"2019-08-12T05:24:06","date_gmt":"2019-08-12T03:24:06","guid":{"rendered":"http:\/\/gazdasagportal.hu\/?p=118641"},"modified":"2019-08-12T01:06:28","modified_gmt":"2019-08-11T23:06:28","slug":"a-heten-merseklodik-a-kanikula-zaporokra-zivatarokra-is-keszulni-kell","status":"publish","type":"post","link":"https:\/\/gazdasagportal.hu\/index.php\/a-heten-merseklodik-a-kanikula-zaporokra-zivatarokra-is-keszulni-kell\/","title":{"rendered":"A h\u00e9ten m\u00e9rs\u00e9kl\u0151dik a k\u00e1nikula, z\u00e1porokra, zivatarokra is k\u00e9sz\u00fclni kell"},"content":{"rendered":"<p><strong>A h\u00e9ten m\u00e9rs\u00e9kl\u0151dik a k\u00e1nikula, a h\u00e9t m\u00e1sodik fel\u00e9ben jellemz\u0151en 30 fok alatt alakulnak a maximumok. Emellett z\u00e1porokra, zivatarokra is k\u00e9sz\u00fclni kell &#8211; der\u00fcl ki az Orsz\u00e1gos Meteorol\u00f3giai Szolg\u00e1lat orsz\u00e1gos k\u00f6z\u00e9pt\u00e1v\u00fa el\u0151rejelz\u00e9s\u00e9b\u0151l, amelyet vas\u00e1rnap juttattak el az MTI-hez.<\/strong><!--more--><\/p>\n<div class=\"ads-in-post1\"><div id=\"gazdasagportal.hu_fullbanner_wideboard\"><\/div>\r\n<\/div>\n<p>    H\u00e9tf\u0151n jobb\u00e1ra der\u00fclt, napos id\u0151 lesz csapad\u00e9k n\u00e9lk\u00fcl, napk\u00f6zben 33-38 fokig melegszik a leveg\u0151.<br \/>\n    Kedden napk\u00f6zben \u00e9szaknyugat fel\u0151l id\u0151nk\u00e9nt er\u0151sebben megn\u00f6vekszik a felh\u0151zet \u00e9s f\u0151k\u00e9nt \u00e9szakon, \u00e9szaknyugaton alakul ki sz\u00f3rv\u00e1nyosan z\u00e1por, zivatar, majd est\u00e9t\u0151l megvastagszik a felh\u0151zet \u00e9s sokfel\u00e9 v\u00e1rhat\u00f3 csapad\u00e9k. A sz\u00e9l eleinte a Dun\u00e1nt\u00falon, majd m\u00e1sutt is t\u00f6bbfel\u00e9 meger\u0151s\u00f6dik, a Dun\u00e1nt\u00falon \u00e9s zivatarok k\u00f6rnyezet\u00e9ben helyenk\u00e9nt vihaross\u00e1 fokoz\u00f3dik. A legalacsonyabb h\u0151m\u00e9rs\u00e9klet 18-24, a legmagasabb h\u0151m\u00e9rs\u00e9klet 25-35 fok k\u00f6z\u00f6tt alakul, nyugaton lesz napk\u00f6zben a h\u0171v\u00f6sebb, a Tisz\u00e1nt\u00falon a legmelegebb.<br \/>\n<div class=\"ads-in-post2\"><script async src=\"https:\/\/pagead2.googlesyndication.com\/pagead\/js\/adsbygoogle.js\"><\/script>\r\n<ins class=\"adsbygoogle\"\r\n     style=\"display:block\"\r\n     data-ad-format=\"fluid\"\r\n     data-ad-layout-key=\"-6t+ed+2i-1n-4w\"\r\n     data-ad-client=\"ca-pub-1959107119989764\"\r\n     data-ad-slot=\"4008251320\"><\/ins>\r\n<script>\r\n     (adsbygoogle = window.adsbygoogle || []).push({});\r\n<\/script><\/div>\n    Szerd\u00e1ra virrad\u00f3 \u00e9jszaka sokfel\u00e9 v\u00e1rhat\u00f3 kiad\u00f3s es\u0151, z\u00e1por, zivatar, d\u00e9lel\u0151tt ink\u00e1bb m\u00e1r csak keleten eshet, majd az \u00f6sszef\u00fcgg\u0151 csapad\u00e9k d\u00e9lut\u00e1nra elvonul. M\u00f6g\u00f6tte n\u00e9hol alakulhat ki z\u00e1por, zivatar. A minimumh\u0151m\u00e9rs\u00e9klet 15-20, a maximumh\u0151m\u00e9rs\u00e9klet 21-27 fok k\u00f6z\u00f6tt val\u00f3sz\u00edn\u0171.<br \/>\n    Cs\u00fct\u00f6rt\u00f6k\u00f6n eleinte t\u00f6bbnyire der\u00fclt, napos id\u0151re lehet sz\u00e1m\u00edtani, majd nyugat fel\u0151l megn\u00f6vekszik a f\u00e1tyolfelh\u0151zet. Csapad\u00e9k nem val\u00f3sz\u00edn\u0171. A leghidegebb \u00f3r\u00e1kban 11-17 fok lesz, napk\u00f6zben 24-29 fokig melegszik a leveg\u0151.<br \/>\n    A t\u00f6bb-kevesebb naps\u00fct\u00e9s mellett p\u00e9nteken f\u0151k\u00e9nt a Dun\u00e1nt\u00falon \u00e9s \u00e9szakon alakulhat ki sz\u00f3rv\u00e1nyosan z\u00e1por, n\u00e9hol zivatar, szombaton helyenk\u00e9nt lehet z\u00e1por. A legalacsonyabb h\u0151m\u00e9rs\u00e9klet mindk\u00e9t nap 12-18 fok k\u00f6z\u00f6tt alakul. A legmagasabb h\u0151m\u00e9rs\u00e9klet p\u00e9nteken 25-28, szombaton 23-28 fok k\u00f6z\u00f6tt val\u00f3sz\u00edn\u0171.<br \/>\n    Vas\u00e1rnap napos id\u0151 v\u00e1rhat\u00f3, csapad\u00e9k nem lesz. A minimumh\u0151m\u00e9rs\u00e9klet 10-16, a maximumh\u0151m\u00e9rs\u00e9klet 25-30 fok k\u00f6z\u00f6tt alakul &#8211; olvashat\u00f3 az el\u0151rejelz\u00e9sben.(MTI)<\/p>\n","protected":false},"excerpt":{"rendered":"<p>A h\u00e9ten m\u00e9rs\u00e9kl\u0151dik a k\u00e1nikula, a h\u00e9t m\u00e1sodik fel\u00e9ben jellemz\u0151en 30 fok alatt alakulnak a maximumok. Emellett z\u00e1porokra, zivatarokra is k\u00e9sz\u00fclni kell &#8211; der\u00fcl ki az Orsz\u00e1gos Meteorol\u00f3giai Szolg\u00e1lat orsz\u00e1gos k\u00f6z\u00e9pt\u00e1v\u00fa el\u0151rejelz\u00e9s\u00e9b\u0151l, amelyet vas\u00e1rnap juttattak el az MTI-hez.<\/p>\n","protected":false},"author":1001003,"featured_media":0,"comment_status":"closed","ping_status":"open","sticky":false,"template":"","format":"standard","meta":[],"categories":[4],"tags":[],"_links":{"self":[{"href":"https:\/\/gazdasagportal.hu\/index.php\/wp-json\/wp\/v2\/posts\/118641"}],"collection":[{"href":"https:\/\/gazdasagportal.hu\/index.php\/wp-json\/wp\/v2\/posts"}],"about":[{"href":"https:\/\/gazdasagportal.hu\/index.php\/wp-json\/wp\/v2\/types\/post"}],"author":[{"embeddable":true,"href":"https:\/\/gazdasagportal.hu\/index.php\/wp-json\/wp\/v2\/users\/1001003"}],"replies":[{"embeddable":true,"href":"https:\/\/gazdasagportal.hu\/index.php\/wp-json\/wp\/v2\/comments?post=118641"}],"version-history":[{"count":1,"href":"https:\/\/gazdasagportal.hu\/index.php\/wp-json\/wp\/v2\/posts\/118641\/revisions"}],"predecessor-version":[{"id":118642,"href":"https:\/\/gazdasagportal.hu\/index.php\/wp-json\/wp\/v2\/posts\/118641\/revisions\/118642"}],"wp:attachment":[{"href":"https:\/\/gazdasagportal.hu\/index.php\/wp-json\/wp\/v2\/media?parent=118641"}],"wp:term":[{"taxonomy":"category","embeddable":true,"href":"https:\/\/gazdasagportal.hu\/index.php\/wp-json\/wp\/v2\/categories?post=118641"},{"taxonomy":"post_tag","embeddable":true,"href":"https:\/\/gazdasagportal.hu\/index.php\/wp-json\/wp\/v2\/tags?post=118641"}],"curies":[{"name":"wp","href":"https:\/\/api.w.org\/{rel}","templated":true}]}}