{"id":118635,"date":"2019-08-11T18:05:47","date_gmt":"2019-08-11T16:05:47","guid":{"rendered":"http:\/\/gazdasagportal.hu\/?p=118635"},"modified":"2019-08-11T17:26:41","modified_gmt":"2019-08-11T15:26:41","slug":"hitelminosites-ket-hitelminosito-vizsgalja-a-jovo-heten-a-magyar-allamados-osztalyzatot","status":"publish","type":"post","link":"https:\/\/gazdasagportal.hu\/index.php\/hitelminosites-ket-hitelminosito-vizsgalja-a-jovo-heten-a-magyar-allamados-osztalyzatot\/","title":{"rendered":"Hitelmin\u0151s\u00edt\u00e9s &#8211; K\u00e9t hitelmin\u0151s\u00edt\u0151 vizsg\u00e1lja a j\u00f6v\u0151 h\u00e9ten a magyar \u00e1llamad\u00f3s-oszt\u00e1lyzatot"},"content":{"rendered":"<p><strong>A Standard &#038; Poor&#8217;s \u00e9s Fitch Ratings is vizsg\u00e1lja a j\u00f6v\u0151 h\u00e9ten Magyarorsz\u00e1g \u00e1llamad\u00f3s-oszt\u00e1lyzat\u00e1t.<\/strong><!--more--><\/p>\n<div class=\"ads-in-post1\"><div id=\"gazdasagportal.hu_fullbanner_wideboard\"><\/div>\r\n<\/div>\n<p>    A k\u00e9t piacvezet\u0151 glob\u00e1lis hitelmin\u0151s\u00edt\u0151 2019-re \u00f6ssze\u00e1ll\u00edtott menetrendj\u00e9ben egyar\u00e1nt augusztus 16-ra, j\u00f6v\u0151 p\u00e9ntekre t\u0171zte ki a magyar szuver\u00e9n besorol\u00e1s idei m\u00e1sodik fel\u00fclvizsg\u00e1lati id\u0151pontj\u00e1t.<br \/>\n    A magyar \u00e1llamad\u00f3s-besorol\u00e1sokat az idei els\u0151 vizsg\u00e1latok sor\u00e1n mindk\u00e9t c\u00e9g felmin\u0151s\u00edtette.<br \/>\n    Febru\u00e1r 15-\u00e9n a Standard &#038; Poor&#8217;s egy fokozattal &#8222;BBB\/A-2&#8243;-re jav\u00edtotta a hossz\u00fa \u00e9s r\u00f6vid futamidej\u0171, deviz\u00e1ban \u00e9s forintban fenn\u00e1ll\u00f3 magyar \u00e1llamad\u00f3ss\u00e1g-k\u00f6telezetts\u00e9gek besorol\u00e1s\u00e1t az addigi&#8221;BBB m\u00ednusz\/A-3&#8221;-r\u00f3l. Az S&#038;P jelenlegi magyar oszt\u00e1lyzat\u00e1nak kil\u00e1t\u00e1sa stabil.<br \/>\n    Egy h\u00e9ttel k\u00e9s\u0151bb, febru\u00e1r 22-\u00e9n a Fitch Ratings ugyancsak egy okozattal &#8222;BBB&#8221;-re jav\u00edtotta a deviz\u00e1ban \u00e9s forintban fenn\u00e1ll\u00f3 hossz\u00fa futamidej\u0171 magyar \u00e1llamad\u00f3ss\u00e1g-k\u00f6telezetts\u00e9gek besorol\u00e1s\u00e1t az addigi &#8222;BBB m\u00ednusz&#8221;-r\u00f3l. A Fitch magyar oszt\u00e1lyzat\u00e1nak kil\u00e1t\u00e1sa is stabil.<br \/>\n    A Fitch \u00e9s az S&#038;P febru\u00e1ri l\u00e9p\u00e9se nyom\u00e1n a h\u00e1rom piacvezet\u0151 glob\u00e1lis hitelmin\u0151s\u00edt\u0151 k\u00f6z\u00fcl jelenleg m\u00e1r csak a Moody&#8217;s Investors Service tartja nyilv\u00e1n Magyarorsz\u00e1got a befektet\u00e9si aj\u00e1nl\u00e1s\u00fa kateg\u00f3ria alapszintj\u00e9n, &#8222;Baa3&#8221; besorol\u00e1ssal.<br \/>\n    A Moody&#8217;s e besorol\u00e1sa a Fitch \u00e9s az S&#038;P m\u00f3dszertan\u00e1ban &#8222;BBB m\u00ednusz&#8221;-nak &#8211; vagyis e k\u00e9t c\u00e9g kor\u00e1bbi magyar szuver\u00e9n oszt\u00e1lyzat\u00e1nak &#8211; felel meg. A Moody&#8217;s \u00edgy a m\u00e1sik k\u00e9t glob\u00e1lis hitelmin\u0151s\u00edt\u0151n\u00e9l egy fokozattal gyeng\u00e9bb besorol\u00e1st tart \u00e9rv\u00e9nyben Magyarorsz\u00e1gra.<br \/>\n<div class=\"ads-in-post2\"><script async src=\"https:\/\/pagead2.googlesyndication.com\/pagead\/js\/adsbygoogle.js\"><\/script>\r\n<ins class=\"adsbygoogle\"\r\n     style=\"display:block\"\r\n     data-ad-format=\"fluid\"\r\n     data-ad-layout-key=\"-6t+ed+2i-1n-4w\"\r\n     data-ad-client=\"ca-pub-1959107119989764\"\r\n     data-ad-slot=\"4008251320\"><\/ins>\r\n<script>\r\n     (adsbygoogle = window.adsbygoogle || []).push({});\r\n<\/script><\/div>\n    A febru\u00e1ri felmin\u0151s\u00edt\u00e9sek el\u0151tt a Standard &#038; Poor&#8217;s \u00e9s a Fitch Ratings egyar\u00e1nt oszt\u00e1lyzatjav\u00edt\u00e1s lehet\u0151s\u00e9g\u00e9re utal\u00f3 pozit\u00edv kil\u00e1t\u00e1ssal tartotta nyilv\u00e1n a magyar szuver\u00e9n ad\u00f3sbesorol\u00e1sokat, a Moody&#8217;s magyar oszt\u00e1lyzat\u00e1nak kil\u00e1t\u00e1sa azonban \u00e9vek \u00f3ta stabil.<br \/>\n    A Moody&#8217;s idei menetrendj\u00e9ben Magyarorsz\u00e1g el\u0151sz\u00f6r m\u00e1jus 3-\u00e1n szerepelt, de a c\u00e9g akkor nem vizsg\u00e1lta a magyar \u00e1llamad\u00f3s-besorol\u00e1st, \u00edgy nem jelentett be m\u00f3dos\u00edt\u00e1st sem a &#8222;Baa3&#8221; szint\u0171 oszt\u00e1lyzatra, sem a besorol\u00e1s stabil kil\u00e1t\u00e1s\u00e1ra.<br \/>\n    A Moody&#8217;s legut\u00f3bb 2016. november 4-\u00e9n jelentett be a kit\u0171z\u00f6tt id\u0151pontban m\u00f3dos\u00edt\u00e1st: akkor emelte vissza Magyarorsz\u00e1got a befektet\u00e9si aj\u00e1nl\u00e1s\u00fa kateg\u00f3ri\u00e1ba, az addigi &#8222;Ba1&#8221;-r\u0151l a jelenleg is \u00e9rv\u00e9nyes, stabil kil\u00e1t\u00e1s\u00fa &#8222;Baa3&#8221;-ra jav\u00edtva a szuver\u00e9n magyar besorol\u00e1st.<br \/>\n    Magyarorsz\u00e1g az\u00f3ta hat el\u0151re kit\u0171z\u00f6tt fel\u00fclvizsg\u00e1lati id\u0151pontban szerepelt a Moody&#8217;s menetrendj\u00e9ben. Ezek k\u00f6z\u00fcl a c\u00e9g \u00f6t alkalommal nem hajtott v\u00e9gre \u00fajabb fel\u00fclvizsg\u00e1latot, egyszer &#8211; tavaly november 23-\u00e1n &#8211; az az\u00f3ta is \u00e9rv\u00e9nyben tartott &#8222;Baa3&#8221; szinten meger\u0151s\u00edtette a magyar \u00e1llamad\u00f3s-besorol\u00e1st \u00e9s az oszt\u00e1lyzat stabil kil\u00e1t\u00e1s\u00e1t.<br \/>\n    A m\u00e1sodik idei magyar fel\u00fclvizsg\u00e1latot a Moody&#8217;s okt\u00f3ber 25-\u00e9re t\u0171zte ki.<br \/>\n    A fel\u00fclvizsg\u00e1lat nem k\u00f6telez\u0151 a kit\u0171z\u00f6tt id\u0151pontokban. Az Eur\u00f3pai Uni\u00f3 csak annak el\u0151zetes beterjeszt\u00e9s\u00e9t \u00edrja el\u0151 a hitelmin\u0151s\u00edt\u0151k sz\u00e1m\u00e1ra, hogy az adott \u00e9vben mikor tervezik az uni\u00f3s \u00e1llamad\u00f3sok besorol\u00e1sainak vizsg\u00e1lat\u00e1t, de az nem el\u0151\u00edr\u00e1s, hogy a kijel\u00f6lt napokon v\u00e9gre is kell hajtaniuk e fel\u00fclvizsg\u00e1latokat.(MTI)<\/p>\n","protected":false},"excerpt":{"rendered":"<p>A Standard &#038; Poor&#8217;s \u00e9s Fitch Ratings is vizsg\u00e1lja a j\u00f6v\u0151 h\u00e9ten Magyarorsz\u00e1g \u00e1llamad\u00f3s-oszt\u00e1lyzat\u00e1t.<\/p>\n","protected":false},"author":1,"featured_media":67955,"comment_status":"closed","ping_status":"open","sticky":false,"template":"","format":"standard","meta":[],"categories":[146,4,19],"tags":[],"_links":{"self":[{"href":"https:\/\/gazdasagportal.hu\/index.php\/wp-json\/wp\/v2\/posts\/118635"}],"collection":[{"href":"https:\/\/gazdasagportal.hu\/index.php\/wp-json\/wp\/v2\/posts"}],"about":[{"href":"https:\/\/gazdasagportal.hu\/index.php\/wp-json\/wp\/v2\/types\/post"}],"author":[{"embeddable":true,"href":"https:\/\/gazdasagportal.hu\/index.php\/wp-json\/wp\/v2\/users\/1"}],"replies":[{"embeddable":true,"href":"https:\/\/gazdasagportal.hu\/index.php\/wp-json\/wp\/v2\/comments?post=118635"}],"version-history":[{"count":1,"href":"https:\/\/gazdasagportal.hu\/index.php\/wp-json\/wp\/v2\/posts\/118635\/revisions"}],"predecessor-version":[{"id":118636,"href":"https:\/\/gazdasagportal.hu\/index.php\/wp-json\/wp\/v2\/posts\/118635\/revisions\/118636"}],"wp:featuredmedia":[{"embeddable":true,"href":"https:\/\/gazdasagportal.hu\/index.php\/wp-json\/wp\/v2\/media\/67955"}],"wp:attachment":[{"href":"https:\/\/gazdasagportal.hu\/index.php\/wp-json\/wp\/v2\/media?parent=118635"}],"wp:term":[{"taxonomy":"category","embeddable":true,"href":"https:\/\/gazdasagportal.hu\/index.php\/wp-json\/wp\/v2\/categories?post=118635"},{"taxonomy":"post_tag","embeddable":true,"href":"https:\/\/gazdasagportal.hu\/index.php\/wp-json\/wp\/v2\/tags?post=118635"}],"curies":[{"name":"wp","href":"https:\/\/api.w.org\/{rel}","templated":true}]}}