{"id":118631,"date":"2019-08-11T13:18:07","date_gmt":"2019-08-11T11:18:07","guid":{"rendered":"http:\/\/gazdasagportal.hu\/?p=118631"},"modified":"2019-08-11T09:19:14","modified_gmt":"2019-08-11T07:19:14","slug":"putyin-az-ejszakai-farkasokkal-motorozott-a-krimben","status":"publish","type":"post","link":"https:\/\/gazdasagportal.hu\/index.php\/putyin-az-ejszakai-farkasokkal-motorozott-a-krimben\/","title":{"rendered":"Putyin az \u00c9jszakai Farkasokkal motorozott a Kr\u00edmben"},"content":{"rendered":"<p><strong>Felk\u00f6sz\u00f6nt\u00f6tte a Kreml ir\u00e1nyvonal\u00e1hoz h\u0171 \u00c9jszakai Farkasok motoros klubot Vlagyimir Putyin orosz eln\u00f6k szombaton Szevasztopolban, a csoportnak az Ukrajn\u00e1t\u00f3l elcsatolt Kr\u00edm f\u00e9lszigeten tartott els\u0151 bemutat\u00f3ja alkalm\u00e1b\u00f3l.<\/strong><!--more--><\/p>\n<div class=\"ads-in-post1\"><div id=\"gazdasagportal.hu_fullbanner_wideboard\"><\/div>\r\n<\/div>\n<p>    Putyin a kerek \u00e9vfordul\u00f3r\u00f3l megeml\u00e9kez\u0151 esem\u00e9nyre a motorosok vezet\u0151je, Alekszandr Zaldosztanov, a &#8222;Seb\u00e9sz&#8221; t\u00e1rsas\u00e1g\u00e1ban, fekete p\u00f3l\u00f3ban \u00e9s b\u0151rdzsekiben, egy Ural motor nyerg\u00e9ben \u00e9rkezett.<br \/>\n    &#8222;Figyelemre m\u00e9lt\u00f3 az \u00f6n\u00f6k hagyom\u00e1nya, amely \u00f6sszef\u00fcgg annak a legjobbnak a t\u00e1mogat\u00e1s\u00e1val, ami csak az orosz ember sz\u00edv\u00e9ben lehet, \u00e9s a nagyszer\u0171, h\u0151si t\u00f6rt\u00e9nelm\u00fcnkkel&#8221; &#8211; mondta k\u00f6sz\u00f6nt\u0151j\u00e9ben az orosz eln\u00f6k.<br \/>\n    M\u00e9ltatta, hogy &#8222;ilyen klassz sr\u00e1cok mutatnak p\u00e9ld\u00e1t a fiataloknak orsz\u00e1gunkban, \u00e9s megmutatj\u00e1k nekik, hogyan kell viszonyulni Oroszorsz\u00e1ghoz&#8221; &#8211; tette hozz\u00e1.<br \/>\n<div class=\"ads-in-post2\"><script async src=\"https:\/\/pagead2.googlesyndication.com\/pagead\/js\/adsbygoogle.js\"><\/script>\r\n<ins class=\"adsbygoogle\"\r\n     style=\"display:block\"\r\n     data-ad-format=\"fluid\"\r\n     data-ad-layout-key=\"-6t+ed+2i-1n-4w\"\r\n     data-ad-client=\"ca-pub-1959107119989764\"\r\n     data-ad-slot=\"4008251320\"><\/ins>\r\n<script>\r\n     (adsbygoogle = window.adsbygoogle || []).push({});\r\n<\/script><\/div>\n    A mag\u00e1t hazafias \u00e9s hagyom\u00e1ny\u0151rz\u0151 csoportk\u00e9nt pozicion\u00e1l\u00f3 motorosok 2014-ben szerepet j\u00e1tszottak a Kr\u00edm orosz elfoglal\u00e1s\u00e1ban. A klub a n\u00e1ci N\u00e9metorsz\u00e1g felett aratott gy\u0151zelem \u00e9vfordul\u00f3ja alkalm\u00e1b\u00f3l minden \u00e9vben igyekszik felkeresni az elesett szovjet katon\u00e1k temet\u0151it, ami fesz\u00fclts\u00e9gforr\u00e1s Moszkva \u00e9s t\u00f6bb, az \u00c9jszakai Farkasok \u00fatvonala \u00e1ltal \u00e9rintett orsz\u00e1g korm\u00e1nya k\u00f6z\u00f6tt.(MTI)<\/p>\n","protected":false},"excerpt":{"rendered":"<p>Felk\u00f6sz\u00f6nt\u00f6tte a Kreml ir\u00e1nyvonal\u00e1hoz h\u0171 \u00c9jszakai Farkasok motoros klubot Vlagyimir Putyin orosz eln\u00f6k szombaton Szevasztopolban, a csoportnak az Ukrajn\u00e1t\u00f3l elcsatolt Kr\u00edm f\u00e9lszigeten tartott els\u0151 bemutat\u00f3ja alkalm\u00e1b\u00f3l.<\/p>\n","protected":false},"author":1,"featured_media":0,"comment_status":"closed","ping_status":"open","sticky":false,"template":"","format":"standard","meta":[],"categories":[12],"tags":[],"_links":{"self":[{"href":"https:\/\/gazdasagportal.hu\/index.php\/wp-json\/wp\/v2\/posts\/118631"}],"collection":[{"href":"https:\/\/gazdasagportal.hu\/index.php\/wp-json\/wp\/v2\/posts"}],"about":[{"href":"https:\/\/gazdasagportal.hu\/index.php\/wp-json\/wp\/v2\/types\/post"}],"author":[{"embeddable":true,"href":"https:\/\/gazdasagportal.hu\/index.php\/wp-json\/wp\/v2\/users\/1"}],"replies":[{"embeddable":true,"href":"https:\/\/gazdasagportal.hu\/index.php\/wp-json\/wp\/v2\/comments?post=118631"}],"version-history":[{"count":1,"href":"https:\/\/gazdasagportal.hu\/index.php\/wp-json\/wp\/v2\/posts\/118631\/revisions"}],"predecessor-version":[{"id":118632,"href":"https:\/\/gazdasagportal.hu\/index.php\/wp-json\/wp\/v2\/posts\/118631\/revisions\/118632"}],"wp:attachment":[{"href":"https:\/\/gazdasagportal.hu\/index.php\/wp-json\/wp\/v2\/media?parent=118631"}],"wp:term":[{"taxonomy":"category","embeddable":true,"href":"https:\/\/gazdasagportal.hu\/index.php\/wp-json\/wp\/v2\/categories?post=118631"},{"taxonomy":"post_tag","embeddable":true,"href":"https:\/\/gazdasagportal.hu\/index.php\/wp-json\/wp\/v2\/tags?post=118631"}],"curies":[{"name":"wp","href":"https:\/\/api.w.org\/{rel}","templated":true}]}}