{"id":118605,"date":"2019-08-10T04:04:53","date_gmt":"2019-08-10T02:04:53","guid":{"rendered":"http:\/\/gazdasagportal.hu\/?p=118605"},"modified":"2019-08-09T21:08:48","modified_gmt":"2019-08-09T19:08:48","slug":"az-orszag-nagy-reszere-figyelmeztetest-adott-ki-a-meteorologiai-szolgalat","status":"publish","type":"post","link":"https:\/\/gazdasagportal.hu\/index.php\/az-orszag-nagy-reszere-figyelmeztetest-adott-ki-a-meteorologiai-szolgalat\/","title":{"rendered":"Az orsz\u00e1g nagy r\u00e9sz\u00e9re figyelmeztet\u00e9st adott ki a meteorol\u00f3giai szolg\u00e1lat"},"content":{"rendered":"<p><strong>A h\u0151s\u00e9g miatt csaknem az eg\u00e9sz orsz\u00e1gra els\u0151fok\u00fa figyelmeztet\u00e9st adott ki szombatra az Orsz\u00e1gos Meteorol\u00f3giai Szolg\u00e1lat.<\/strong><!--more--><\/p>\n<div class=\"ads-in-post1\"><div id=\"gazdasagportal.hu_fullbanner_wideboard\"><\/div>\r\n<\/div>\n<p>    Az MTI-hez eljuttatott vesz\u00e9lyjelz\u00e9s\u00fck szerint a f\u0151v\u00e1rosra, Pest, Baranya, B\u00e1cs-Kiskun, B\u00e9k\u00e9s, Csongr\u00e1d, Fej\u00e9r, Gy\u0151r-Moson-Sopron, Hajd\u00fa-Bihar, J\u00e1sz-Nagykun-Szolnok, Kom\u00e1rom-Esztergom, Somogy, Tolna, Vas, Veszpr\u00e9m \u00e9s Zala megy\u00e9re adt\u00e1k ki a figyelmeztet\u00e9st.<br \/>\n    Mint \u00edrt\u00e1k: a k\u00f6z\u00e9ph\u0151m\u00e9rs\u00e9klet szombaton az \u00e9szakkeleti t\u00e1jak kiv\u00e9tel\u00e9vel m\u00e1r nagyobb ter\u00fcleten emelkedhet 25 fok f\u00f6l\u00e9, n\u00e9hol 27 fok k\u00f6zel\u00e9be. Az el\u0151rejelz\u00e9s szerint a legalacsonyabb h\u0151m\u00e9rs\u00e9klet 12 \u00e9s 21 fok k\u00f6z\u00f6tt val\u00f3sz\u00edn\u0171, 15 fok alatti \u00e9rt\u00e9kek csak a hidegre \u00e9rz\u00e9keny helyeken lehetnek. A legmagasabb h\u0151m\u00e9rs\u00e9klet 31 \u00e9s 35 fok k\u00f6z\u00f6tt alakul.<br \/>\n<div class=\"ads-in-post2\"><script async src=\"https:\/\/pagead2.googlesyndication.com\/pagead\/js\/adsbygoogle.js\"><\/script>\r\n<ins class=\"adsbygoogle\"\r\n     style=\"display:block\"\r\n     data-ad-format=\"fluid\"\r\n     data-ad-layout-key=\"-6t+ed+2i-1n-4w\"\r\n     data-ad-client=\"ca-pub-1959107119989764\"\r\n     data-ad-slot=\"4008251320\"><\/ins>\r\n<script>\r\n     (adsbygoogle = window.adsbygoogle || []).push({});\r\n<\/script><\/div>\n    Kit\u00e9rtek arra is, hogy szombat est\u00e9t\u0151l, k\u00e9s\u0151 est\u00e9t\u0151l jobb es\u00e9llyel a Dun\u00e1nt\u00fal \u00e9szaki fel\u00e9n helyenk\u00e9nt kialakulhat zivatar er\u0151s vagy viharos sz\u00e9l \u00e9s felh\u0151szakad\u00e1s k\u00eds\u00e9ret\u00e9ben.<br \/>\n    A zivatarvesz\u00e9ly miatt Gy\u0151r-Moson-Sopron, Kom\u00e1rom-Esztergom, Vas, Veszpr\u00e9m \u00e9s Zala megy\u00e9re adtak ki els\u0151fok\u00fa figyelmeztet\u00e9st.<br \/>\n    Az Orsz\u00e1gos Meteorol\u00f3gia Szolg\u00e1lat, valamint a tisztif\u0151orvos h\u0151s\u00e9g miatti figyelmeztet\u00e9s\u00e9nek k\u00fcl\u00f6nb\u00f6z\u0151 krit\u00e9riumai vannak. Az orsz\u00e1gos tisztif\u0151orvos szombatt\u00f3l h\u00e9tf\u0151 \u00e9jf\u00e9lig m\u00e1sodfok\u00fa, h\u0151s\u00e9griaszt\u00e1st adott ki.(MTI)<\/p>\n","protected":false},"excerpt":{"rendered":"<p>A h\u0151s\u00e9g miatt csaknem az eg\u00e9sz orsz\u00e1gra els\u0151fok\u00fa figyelmeztet\u00e9st adott ki szombatra az Orsz\u00e1gos Meteorol\u00f3giai Szolg\u00e1lat.<\/p>\n","protected":false},"author":1,"featured_media":0,"comment_status":"closed","ping_status":"open","sticky":false,"template":"","format":"standard","meta":[],"categories":[4],"tags":[],"_links":{"self":[{"href":"https:\/\/gazdasagportal.hu\/index.php\/wp-json\/wp\/v2\/posts\/118605"}],"collection":[{"href":"https:\/\/gazdasagportal.hu\/index.php\/wp-json\/wp\/v2\/posts"}],"about":[{"href":"https:\/\/gazdasagportal.hu\/index.php\/wp-json\/wp\/v2\/types\/post"}],"author":[{"embeddable":true,"href":"https:\/\/gazdasagportal.hu\/index.php\/wp-json\/wp\/v2\/users\/1"}],"replies":[{"embeddable":true,"href":"https:\/\/gazdasagportal.hu\/index.php\/wp-json\/wp\/v2\/comments?post=118605"}],"version-history":[{"count":1,"href":"https:\/\/gazdasagportal.hu\/index.php\/wp-json\/wp\/v2\/posts\/118605\/revisions"}],"predecessor-version":[{"id":118606,"href":"https:\/\/gazdasagportal.hu\/index.php\/wp-json\/wp\/v2\/posts\/118605\/revisions\/118606"}],"wp:attachment":[{"href":"https:\/\/gazdasagportal.hu\/index.php\/wp-json\/wp\/v2\/media?parent=118605"}],"wp:term":[{"taxonomy":"category","embeddable":true,"href":"https:\/\/gazdasagportal.hu\/index.php\/wp-json\/wp\/v2\/categories?post=118605"},{"taxonomy":"post_tag","embeddable":true,"href":"https:\/\/gazdasagportal.hu\/index.php\/wp-json\/wp\/v2\/tags?post=118605"}],"curies":[{"name":"wp","href":"https:\/\/api.w.org\/{rel}","templated":true}]}}