{"id":118603,"date":"2019-08-10T04:44:16","date_gmt":"2019-08-10T02:44:16","guid":{"rendered":"http:\/\/gazdasagportal.hu\/?p=118603"},"modified":"2019-08-09T21:05:05","modified_gmt":"2019-08-09T19:05:05","slug":"megemelte-a-dinnye-arat-a-lidl","status":"publish","type":"post","link":"https:\/\/gazdasagportal.hu\/index.php\/megemelte-a-dinnye-arat-a-lidl\/","title":{"rendered":"Megemelte a dinnye \u00e1r\u00e1t a Lidl"},"content":{"rendered":"<p><strong>Megemelte a g\u00f6r\u00f6gdinnye kilogrammonk\u00e9nti \u00e1r\u00e1t 20 forinttal 119 forintra a Lidl, miut\u00e1n a Nemzeti Agr\u00e1rgazdas\u00e1gi Kamara (NAK) \u00e9s a Dinnyetermel\u0151k Egyes\u00fclete is tiltakozott, ami\u00e9rt az \u00e1ruh\u00e1zl\u00e1nc alacsony \u00e1ron k\u00edn\u00e1lta a gy\u00fcm\u00f6lcs\u00f6t.<\/strong><!--more--><\/p>\n<div class=\"ads-in-post1\"><div id=\"gazdasagportal.hu_fullbanner_wideboard\"><\/div>\r\n<\/div>\n<p>    A Lidl az \u00e1remel\u00e9ssel kapcsolatban az MTI \u00e9rdekl\u0151d\u00e9s\u00e9re nem adott inform\u00e1ci\u00f3t, a g\u00f6r\u00f6gdinnye \u00faj \u00e1ra p\u00e9ntekt\u0151l-vas\u00e1rnapig \u00e9rv\u00e9nyes az \u00e1ruh\u00e1z honlapja szerint.<br \/>\n    A Nemzeti Agr\u00e1rgazdas\u00e1gi Kamara (NAK) szerd\u00e1n k\u00f6z\u00f6lte az MTI-vel, hogy a Lidl Magyarorsz\u00e1g \u00e1ltal a magyar dinnyeszezon k\u00f6zep\u00e9n meghirdetett \u00e1rlet\u00f6r\u0151 akci\u00f3 k\u00e1rt okoz a magyar dinnyetermel\u0151knek. \u00c9rvel\u00e9s\u00fck szerint a Lidl \u00e1ltal alkalmazott 99 forintos kilogrammonk\u00e9nti \u00e1r mellett nem lehet j\u00f3 min\u0151s\u00e9g\u0171 dinny\u00e9t el\u0151\u00e1ll\u00edtani. A NAK szerint jelenleg a beker\u00fcl\u00e9si k\u00f6lts\u00e9geket is figyelembe v\u00e9ve kilogrammonk\u00e9nt 150 \u00e9s 200 forint k\u00f6z\u00f6tti fogyaszt\u00f3i \u00e1ron lenne \u00e1rus\u00edthat\u00f3 a gy\u00fcm\u00f6lcs.<br \/>\n<div class=\"ads-in-post2\"><script async src=\"https:\/\/pagead2.googlesyndication.com\/pagead\/js\/adsbygoogle.js\"><\/script>\r\n<ins class=\"adsbygoogle\"\r\n     style=\"display:block\"\r\n     data-ad-format=\"fluid\"\r\n     data-ad-layout-key=\"-6t+ed+2i-1n-4w\"\r\n     data-ad-client=\"ca-pub-1959107119989764\"\r\n     data-ad-slot=\"4008251320\"><\/ins>\r\n<script>\r\n     (adsbygoogle = window.adsbygoogle || []).push({});\r\n<\/script><\/div>\n    Az \u00e1rlet\u00f6r\u0151 akci\u00f3val a Lidl mindenkinek k\u00e1rt okoz: a v\u00e1s\u00e1rl\u00f3kat becsapja, mert nem kapnak min\u0151s\u00e9gi magyar dinny\u00e9t, a termel\u0151ket pedig ellehetetlen\u00edti, nem hagy n\u00e1luk el\u00e9g bev\u00e9telt a min\u0151s\u00e9gi dinnye termel\u00e9s\u00e9re &#8211; k\u00f6z\u00f6lte a NAK, hozz\u00e1t\u00e9ve, hogy tapasztalataik szerint egy ilyen l\u00e9p\u00e9s a t\u00f6bbi kiskereskedelmi l\u00e1ncot is \u00e1rcs\u00f6kkent\u00e9sre k\u00e9szteti.<br \/>\n    A Lidl cs\u00fct\u00f6rt\u00f6k\u00f6n k\u00f6z\u00f6lte: az\u00e9rt cs\u00f6kkentette a g\u00f6r\u00f6gdinnye kilogrammonk\u00e9nti \u00e1r\u00e1t 99 forintra, mert a besz\u00e1ll\u00edt\u00f3k t\u00e1mogat\u00e1st k\u00e9rtek a f\u00f6ldeken felhalmoz\u00f3dott dinnyefelesleg \u00e9rt\u00e9kes\u00edt\u00e9s\u00e9ben. Ugyanakkor a Magyar Dinnyetermel\u0151k Egyes\u00fclet\u00e9nek szint\u00e9n  cs\u00fct\u00f6rt\u00f6ki k\u00f6zlem\u00e9nye szerint a dinnyepiaci helyzet jelenleg nem indokolja a &#8222;felel\u0151tlen&#8221; \u00e1ruh\u00e1zi akci\u00f3kat \u00e9s c\u00e1folt\u00e1k azt, hogy a termel\u0151k \u00e9rdeke lenne az akci\u00f3z\u00e1s.(MTI)<\/p>\n","protected":false},"excerpt":{"rendered":"<p>Megemelte a g\u00f6r\u00f6gdinnye kilogrammonk\u00e9nti \u00e1r\u00e1t 20 forinttal 119 forintra a Lidl, miut\u00e1n a Nemzeti Agr\u00e1rgazdas\u00e1gi Kamara (NAK) \u00e9s a Dinnyetermel\u0151k Egyes\u00fclete is tiltakozott, ami\u00e9rt az \u00e1ruh\u00e1zl\u00e1nc alacsony \u00e1ron k\u00edn\u00e1lta a gy\u00fcm\u00f6lcs\u00f6t.<\/p>\n","protected":false},"author":1,"featured_media":0,"comment_status":"closed","ping_status":"open","sticky":false,"template":"","format":"standard","meta":[],"categories":[4,19],"tags":[],"_links":{"self":[{"href":"https:\/\/gazdasagportal.hu\/index.php\/wp-json\/wp\/v2\/posts\/118603"}],"collection":[{"href":"https:\/\/gazdasagportal.hu\/index.php\/wp-json\/wp\/v2\/posts"}],"about":[{"href":"https:\/\/gazdasagportal.hu\/index.php\/wp-json\/wp\/v2\/types\/post"}],"author":[{"embeddable":true,"href":"https:\/\/gazdasagportal.hu\/index.php\/wp-json\/wp\/v2\/users\/1"}],"replies":[{"embeddable":true,"href":"https:\/\/gazdasagportal.hu\/index.php\/wp-json\/wp\/v2\/comments?post=118603"}],"version-history":[{"count":1,"href":"https:\/\/gazdasagportal.hu\/index.php\/wp-json\/wp\/v2\/posts\/118603\/revisions"}],"predecessor-version":[{"id":118604,"href":"https:\/\/gazdasagportal.hu\/index.php\/wp-json\/wp\/v2\/posts\/118603\/revisions\/118604"}],"wp:attachment":[{"href":"https:\/\/gazdasagportal.hu\/index.php\/wp-json\/wp\/v2\/media?parent=118603"}],"wp:term":[{"taxonomy":"category","embeddable":true,"href":"https:\/\/gazdasagportal.hu\/index.php\/wp-json\/wp\/v2\/categories?post=118603"},{"taxonomy":"post_tag","embeddable":true,"href":"https:\/\/gazdasagportal.hu\/index.php\/wp-json\/wp\/v2\/tags?post=118603"}],"curies":[{"name":"wp","href":"https:\/\/api.w.org\/{rel}","templated":true}]}}