{"id":118593,"date":"2019-08-09T16:36:39","date_gmt":"2019-08-09T14:36:39","guid":{"rendered":"http:\/\/gazdasagportal.hu\/?p=118593"},"modified":"2019-08-09T08:37:33","modified_gmt":"2019-08-09T06:37:33","slug":"minden-otodik-nemetorszagi-regiot-fenyegeti-a-leszakadas","status":"publish","type":"post","link":"https:\/\/gazdasagportal.hu\/index.php\/minden-otodik-nemetorszagi-regiot-fenyegeti-a-leszakadas\/","title":{"rendered":"Minden \u00f6t\u00f6dik n\u00e9metorsz\u00e1gi r\u00e9gi\u00f3t fenyegeti a leszakad\u00e1s"},"content":{"rendered":"<p><strong>A gazdas\u00e1gi \u00e9s t\u00e1rsadalmi leszakad\u00e1s fenyegeti N\u00e9metorsz\u00e1g 96 t\u00e9rs\u00e9gfejleszt\u00e9si r\u00e9gi\u00f3ja k\u00f6z\u00fcl 19-et &#8211; mutatta ki egy cs\u00fct\u00f6rt\u00f6k\u00f6n ismertetett felm\u00e9r\u00e9s.<\/strong><!--more--><\/p>\n<div class=\"ads-in-post1\"><div id=\"gazdasagportal.hu_fullbanner_wideboard\"><\/div>\r\n<\/div>\n<p>    A k\u00f6lni n\u00e9met gazdas\u00e1gkutat\u00f3 int\u00e9zet (Institut der deutschen Wirtschaft K\u00f6ln &#8211; IW) vezet\u00e9s\u00e9vel folytatott vizsg\u00e1latban az orsz\u00e1g nyugati r\u00e9sz\u00e9n 8, keleti r\u00e9sz\u00e9n, a volt NDK ter\u00fclet\u00e9n pedig 11 r\u00e9gi\u00f3ban mutattak ki olyan probl\u00e9m\u00e1kat, amelyek s\u00fcrg\u0151s fejleszt\u00e9spolitikai l\u00e9p\u00e9sek n\u00e9lk\u00fcl a r\u00e9gi\u00f3 leszakad\u00e1s\u00e1hoz vezethetnek.<br \/>\n    A kutat\u00f3k h\u00e1rom ter\u00fcleten, 12 szempont alapj\u00e1n vetett\u00e9k \u00f6ssze a r\u00e9gi\u00f3k helyzet\u00e9t. A demogr\u00e1fia ter\u00fclet\u00e9n a sz\u00fclet\u00e9si ar\u00e1nysz\u00e1m, a v\u00e1rhat\u00f3 \u00e9lettartam, a lakoss\u00e1g l\u00e9tsz\u00e1ma \u00e9s \u00e1tlag\u00e9letkora, az infrastrukt\u00fara ter\u00fclet\u00e9n a sz\u00e9less\u00e1v\u00fa internettel ell\u00e1totts\u00e1g, az orvosok sz\u00e1ma, az \u00f6nkorm\u00e1nyzatok ad\u00f3ss\u00e1ga \u00e9s az ingatlan\u00e1rak, a gazdas\u00e1g ter\u00fclet\u00e9n pedig a munkan\u00e9lk\u00fclis\u00e9g, az egy f\u0151re jut\u00f3 hazai \u00f6sszterm\u00e9k (GDP), a v\u00e1s\u00e1rl\u00f3er\u0151 \u00e9s a h\u00e1ztart\u00e1sok elad\u00f3sodotts\u00e1ga alapj\u00e1n k\u00e9peztek mutat\u00f3kat, majd az \u00fagynevezett klasszikus konveregenciavizsg\u00e1lat m\u00f3dszer\u00e9vel elemezt\u00e9k a r\u00e9gi\u00f3k egym\u00e1s k\u00f6z\u00f6tti viszony\u00e1t.<br \/>\n<div class=\"ads-in-post2\"><script async src=\"https:\/\/pagead2.googlesyndication.com\/pagead\/js\/adsbygoogle.js\"><\/script>\r\n<ins class=\"adsbygoogle\"\r\n     style=\"display:block\"\r\n     data-ad-format=\"fluid\"\r\n     data-ad-layout-key=\"-6t+ed+2i-1n-4w\"\r\n     data-ad-client=\"ca-pub-1959107119989764\"\r\n     data-ad-slot=\"4008251320\"><\/ins>\r\n<script>\r\n     (adsbygoogle = window.adsbygoogle || []).push({});\r\n<\/script><\/div>\n    Meg\u00e1llap\u00edtott\u00e1k, hogy a leszakad\u00e1ssal fenyegetett nyugati t\u00e9rs\u00e9gekben &#8211; a t\u00f6bbi k\u00f6z\u00f6tt a Ruhr-vid\u00e9ken, Saar-vid\u00e9k tartom\u00e1nyban \u00e9s Schleswig-Holstein egyes r\u00e9szein &#8211; f\u0151leg gazdas\u00e1gi gondokat kell kezelni, m\u00edg a volt NDK ter\u00fclet\u00e9nek legrosszabb helyzet\u0171 r\u00e9gi\u00f3iban &#8211; egyebek mellett T\u00fcringia \u00e9s Sz\u00e1sz-Anhalt tartom\u00e1nyban &#8211; demogr\u00e1fiai kih\u00edv\u00e1sokra, els\u0151sorban a gyors el\u00f6reged\u00e9s probl\u00e9m\u00e1j\u00e1ra kell v\u00e1laszt adni. Az infrastruktur\u00e1t tekintve a v\u00e1ls\u00e1gjeleket mutat\u00f3 nyugati r\u00e9gi\u00f3kban f\u0151leg az \u00f6nkorm\u00e1nyzatok elad\u00f3sod\u00e1sa, keleten a digit\u00e1lis infrastrukt\u00fara hi\u00e1nyoss\u00e1ga v\u00e9szj\u00f3sl\u00f3.<br \/>\n     A kutat\u00e1s berlini bemutat\u00f3j\u00e1n kiemelt\u00e9k, hogy gyors politikai int\u00e9zked\u00e9sek n\u00e9lk\u00fcl s\u00falyos ter\u00fcleti egyenl\u0151tlens\u00e9gek fenyegetik N\u00e9metorsz\u00e1got, magas munkan\u00e9lk\u00fclis\u00e9ggel, t\u00e1rsadalmi fesz\u00fclts\u00e9gekkel s\u00fajtott &#8222;rozsda\u00f6vezetek&#8221; alakulhatnak ki, mint az Egyes\u00fclt \u00c1llamokban. Hangs\u00falyozt\u00e1k, hogy a gazdas\u00e1gi tev\u00e9kenys\u00e9g egyre ink\u00e1bb a nagyv\u00e1rosokban \u00e9s t\u00e9rs\u00e9g\u00fckben, az \u00fagynevezett metropolis r\u00e9gi\u00f3kban \u00f6sszpontosul, ez\u00e9rt az \u00f6nkorm\u00e1nyzatok ad\u00f3ss\u00e1g\u00e1nak enyh\u00edt\u00e9se, az oktat\u00e1si \u00e9s az eg\u00e9szs\u00e9g\u00fcgyi rendszer, valamint a k\u00f6zleked\u00e9si h\u00e1l\u00f3zat fejleszt\u00e9se mellett a digit\u00e1lis infrastrukt\u00fara tov\u00e1bb\u00e9p\u00edt\u00e9se is elengedhetetlen.<br \/>\n    A leg\u00fajabb gener\u00e1ci\u00f3s mobil t\u00e1vk\u00f6zl\u00e9si h\u00e1l\u00f3zat, az &#8222;5G n\u00e9lk\u00fcl nem lesznek automatiz\u00e1lt gy\u00e1rak vid\u00e9ken&#8221; &#8211; h\u00fazta al\u00e1 Jens S\u00fcdekum, a d\u00fcsseldorfi egyetem kutat\u00f3ja, a tanulm\u00e1ny t\u00e1rsszerz\u0151je.(MTI)<\/p>\n","protected":false},"excerpt":{"rendered":"<p>A gazdas\u00e1gi \u00e9s t\u00e1rsadalmi leszakad\u00e1s fenyegeti N\u00e9metorsz\u00e1g 96 t\u00e9rs\u00e9gfejleszt\u00e9si r\u00e9gi\u00f3ja k\u00f6z\u00fcl 19-et &#8211; mutatta ki egy cs\u00fct\u00f6rt\u00f6k\u00f6n ismertetett felm\u00e9r\u00e9s.<\/p>\n","protected":false},"author":1,"featured_media":0,"comment_status":"closed","ping_status":"open","sticky":false,"template":"","format":"standard","meta":[],"categories":[12],"tags":[],"_links":{"self":[{"href":"https:\/\/gazdasagportal.hu\/index.php\/wp-json\/wp\/v2\/posts\/118593"}],"collection":[{"href":"https:\/\/gazdasagportal.hu\/index.php\/wp-json\/wp\/v2\/posts"}],"about":[{"href":"https:\/\/gazdasagportal.hu\/index.php\/wp-json\/wp\/v2\/types\/post"}],"author":[{"embeddable":true,"href":"https:\/\/gazdasagportal.hu\/index.php\/wp-json\/wp\/v2\/users\/1"}],"replies":[{"embeddable":true,"href":"https:\/\/gazdasagportal.hu\/index.php\/wp-json\/wp\/v2\/comments?post=118593"}],"version-history":[{"count":1,"href":"https:\/\/gazdasagportal.hu\/index.php\/wp-json\/wp\/v2\/posts\/118593\/revisions"}],"predecessor-version":[{"id":118594,"href":"https:\/\/gazdasagportal.hu\/index.php\/wp-json\/wp\/v2\/posts\/118593\/revisions\/118594"}],"wp:attachment":[{"href":"https:\/\/gazdasagportal.hu\/index.php\/wp-json\/wp\/v2\/media?parent=118593"}],"wp:term":[{"taxonomy":"category","embeddable":true,"href":"https:\/\/gazdasagportal.hu\/index.php\/wp-json\/wp\/v2\/categories?post=118593"},{"taxonomy":"post_tag","embeddable":true,"href":"https:\/\/gazdasagportal.hu\/index.php\/wp-json\/wp\/v2\/tags?post=118593"}],"curies":[{"name":"wp","href":"https:\/\/api.w.org\/{rel}","templated":true}]}}