{"id":118585,"date":"2019-08-09T11:21:34","date_gmt":"2019-08-09T09:21:34","guid":{"rendered":"http:\/\/gazdasagportal.hu\/?p=118585"},"modified":"2019-08-09T08:23:11","modified_gmt":"2019-08-09T06:23:11","slug":"brexit-boris-johnson-gyorsitott-vizumrol-szolo-terveket-jelentett-be-a-legkivalobb-tehetsegek-szamara","status":"publish","type":"post","link":"https:\/\/gazdasagportal.hu\/index.php\/brexit-boris-johnson-gyorsitott-vizumrol-szolo-terveket-jelentett-be-a-legkivalobb-tehetsegek-szamara\/","title":{"rendered":"Brexit &#8211; Boris Johnson gyors\u00edtott v\u00edzumr\u00f3l sz\u00f3l\u00f3 terveket jelentett be a legkiv\u00e1l\u00f3bb tehets\u00e9gek sz\u00e1m\u00e1ra"},"content":{"rendered":"<p><strong>Gyors\u00edtott v\u00edzum bevezet\u00e9s\u00e9r\u0151l sz\u00f3l\u00f3 terveket jelentett be cs\u00fct\u00f6rt\u00f6k\u00f6n Boris Johnson brit korm\u00e1nyf\u0151 a &#8222;legkiv\u00e1l\u00f3bb \u00e9s legragyog\u00f3bb&#8221; elm\u00e9k sz\u00e1m\u00e1ra a brit eur\u00f3pai uni\u00f3s tags\u00e1g megsz\u0171n\u00e9s\u00e9t (Brexit) k\u00f6vet\u0151en.<\/strong><!--more--><\/p>\n<div class=\"ads-in-post1\"><div id=\"gazdasagportal.hu_fullbanner_wideboard\"><\/div>\r\n<\/div>\n<p>    A bev\u00e1ndorl\u00e1si szab\u00e1lyok \u00e1talak\u00edt\u00e1s\u00e1nak c\u00e9lja, hogy vezet\u0151 kutat\u00f3kat \u00e9s szakembereket vonzzanak vele Nagy-Britanni\u00e1ba a tudom\u00e1ny, a technika \u00e9s a technol\u00f3gia ter\u00fclet\u00e9r\u0151l.<br \/>\n    A korm\u00e1nyf\u0151 hivatal\u00e1nak k\u00f6zlem\u00e9nye szerint Boris Johnson hangs\u00falyozta: nemcsak a m\u00e1r Nagy-Britanni\u00e1ban l\u00e9v\u0151 tehets\u00e9geket t\u00e1mogatj\u00e1k, hanem biztos\u00edtani akarj\u00e1k, hogy a bev\u00e1ndorl\u00e1si rendszer a legkiv\u00e1l\u00f3bb elm\u00e9ket vonzza a szigetorsz\u00e1gba a vil\u00e1g minden t\u00e1j\u00e1r\u00f3l. A minisztereln\u00f6k \u00fagy fogalmazott, szeretn\u00e9, ha az Egyes\u00fclt Kir\u00e1lys\u00e1g tov\u00e1bbra is glob\u00e1lis tudom\u00e1nyos szuperhatalom lenne. Az EU-tags\u00e1g megsz\u0171n\u00e9se ut\u00e1n is t\u00e1mogatni fogj\u00e1k a tudom\u00e1nyt \u00e9s a kutat\u00e1st &#8211; f\u0171zte hozz\u00e1.<br \/>\n<div class=\"ads-in-post2\"><script async src=\"https:\/\/pagead2.googlesyndication.com\/pagead\/js\/adsbygoogle.js\"><\/script>\r\n<ins class=\"adsbygoogle\"\r\n     style=\"display:block\"\r\n     data-ad-format=\"fluid\"\r\n     data-ad-layout-key=\"-6t+ed+2i-1n-4w\"\r\n     data-ad-client=\"ca-pub-1959107119989764\"\r\n     data-ad-slot=\"4008251320\"><\/ins>\r\n<script>\r\n     (adsbygoogle = window.adsbygoogle || []).push({});\r\n<\/script><\/div>\n    A j\u00falius 24. \u00f3ta hivatalban l\u00e9v\u0151 korm\u00e1nyf\u0151, aki Theresa Mayt v\u00e1ltotta a tiszts\u00e9gben, t\u00f6bbsz\u00f6r is hangoztatta, hogy az okt\u00f3ber 31-\u00e9n esed\u00e9kes Brexitet k\u00f6vet\u0151en az ausztr\u00e1lhoz hasonl\u00f3 bev\u00e1ndorl\u00e1si rendszer bevezet\u00e9s\u00e9t akarja annak \u00e9rdek\u00e9ben, hogy magasabban k\u00e9pzett munkaer\u0151 \u00e9rkezzen Nagy-Britanni\u00e1ba. A korm\u00e1nyf\u0151i hivatal cs\u00fct\u00f6rt\u00f6ki t\u00e1j\u00e9koztat\u00e1sa szerint a bel\u00fcgyminiszt\u00e9rium \u00e9s az \u00fczleti \u00fcgyek\u00e9rt felel\u0151s t\u00e1rca a tudom\u00e1nyos k\u00f6z\u00f6ss\u00e9ggel egy\u00fcttm\u0171k\u00f6d\u00e9sben dolgozza majd ki az \u00faj rendszert, a tervek szerint m\u00e9g az id\u00e9n.<br \/>\n    Az elk\u00e9pzel\u00e9sek k\u00f6z\u00f6tt a k\u00fcl\u00f6nleges tehets\u00e9geknek fenntartott Tier 1 v\u00edzum sz\u00e1mb\u00e9li korl\u00e1toz\u00e1s\u00e1nak elt\u00f6rl\u00e9se, valamint a fogad\u00f3int\u00e9zm\u00e9nyek &#8211; kutat\u00f3int\u00e9zetek \u00e9s egyetemek &#8211; sz\u00e1m\u00e1nak b\u0151v\u00edt\u00e9se is szerepel. Vizsg\u00e1lj\u00e1k tov\u00e1bb\u00e1 annak lehet\u0151s\u00e9g\u00e9t is, hogy t\u00f6r\u00f6lj\u00e9k azt a k\u00f6telezetts\u00e9get, miszerint az ig\u00e9nyl\u0151nek \u00e1ll\u00e1saj\u00e1nlattal kell rendelkeznie az \u00e9rkez\u00e9st megel\u0151z\u0151en.(MTI)<\/p>\n","protected":false},"excerpt":{"rendered":"<p>Gyors\u00edtott v\u00edzum bevezet\u00e9s\u00e9r\u0151l sz\u00f3l\u00f3 terveket jelentett be cs\u00fct\u00f6rt\u00f6k\u00f6n Boris Johnson brit korm\u00e1nyf\u0151 a &#8222;legkiv\u00e1l\u00f3bb \u00e9s legragyog\u00f3bb&#8221; elm\u00e9k sz\u00e1m\u00e1ra a brit eur\u00f3pai uni\u00f3s tags\u00e1g megsz\u0171n\u00e9s\u00e9t (Brexit) k\u00f6vet\u0151en.<\/p>\n","protected":false},"author":1,"featured_media":0,"comment_status":"closed","ping_status":"open","sticky":false,"template":"","format":"standard","meta":[],"categories":[12],"tags":[],"_links":{"self":[{"href":"https:\/\/gazdasagportal.hu\/index.php\/wp-json\/wp\/v2\/posts\/118585"}],"collection":[{"href":"https:\/\/gazdasagportal.hu\/index.php\/wp-json\/wp\/v2\/posts"}],"about":[{"href":"https:\/\/gazdasagportal.hu\/index.php\/wp-json\/wp\/v2\/types\/post"}],"author":[{"embeddable":true,"href":"https:\/\/gazdasagportal.hu\/index.php\/wp-json\/wp\/v2\/users\/1"}],"replies":[{"embeddable":true,"href":"https:\/\/gazdasagportal.hu\/index.php\/wp-json\/wp\/v2\/comments?post=118585"}],"version-history":[{"count":1,"href":"https:\/\/gazdasagportal.hu\/index.php\/wp-json\/wp\/v2\/posts\/118585\/revisions"}],"predecessor-version":[{"id":118586,"href":"https:\/\/gazdasagportal.hu\/index.php\/wp-json\/wp\/v2\/posts\/118585\/revisions\/118586"}],"wp:attachment":[{"href":"https:\/\/gazdasagportal.hu\/index.php\/wp-json\/wp\/v2\/media?parent=118585"}],"wp:term":[{"taxonomy":"category","embeddable":true,"href":"https:\/\/gazdasagportal.hu\/index.php\/wp-json\/wp\/v2\/categories?post=118585"},{"taxonomy":"post_tag","embeddable":true,"href":"https:\/\/gazdasagportal.hu\/index.php\/wp-json\/wp\/v2\/tags?post=118585"}],"curies":[{"name":"wp","href":"https:\/\/api.w.org\/{rel}","templated":true}]}}