{"id":118573,"date":"2019-08-08T21:24:22","date_gmt":"2019-08-08T19:24:22","guid":{"rendered":"http:\/\/gazdasagportal.hu\/?p=118573"},"modified":"2019-08-08T21:24:22","modified_gmt":"2019-08-08T19:24:22","slug":"a-hetvegen-ismet-sok-lesz-a-napsutes","status":"publish","type":"post","link":"https:\/\/gazdasagportal.hu\/index.php\/a-hetvegen-ismet-sok-lesz-a-napsutes\/","title":{"rendered":"A h\u00e9tv\u00e9g\u00e9n ism\u00e9t sok lesz a naps\u00fct\u00e9s"},"content":{"rendered":"<p><strong>A h\u00e9tv\u00e9g\u00e9n ism\u00e9t visszat\u00e9r a naps\u00fct\u00e9ses, jellemz\u0151en sz\u00e1raz id\u0151. A h\u0151s\u00e9g is fokoz\u00f3dik, t\u00f6bbfel\u00e9 34 fok is lehet &#8211; der\u00fcl ki az Orsz\u00e1gos Meteorol\u00f3giai Szolg\u00e1lat orsz\u00e1gos, k\u00f6z\u00e9pt\u00e1v\u00fa el\u0151rejelz\u00e9s\u00e9b\u0151l, amelyet cs\u00fct\u00f6rt\u00f6k\u00f6n juttattak el az MTI-nek.<\/strong><!--more--><\/p>\n<div class=\"ads-in-post1\"><div id=\"gazdasagportal.hu_fullbanner_wideboard\"><\/div>\r\n<\/div>\n<p>    P\u00e9nteken napos id\u0151 v\u00e1rhat\u00f3 csapad\u00e9k n\u00e9lk\u00fcl. A leghidegebb \u00f3r\u00e1kban 14-20 fok lesz. Napk\u00f6zben 27-32 fokig melegszik a leveg\u0151.<br \/>\n    Szombaton \u00e1ltal\u00e1ban der\u00fclt lesz az \u00e9g, csapad\u00e9k nem val\u00f3sz\u00edn\u0171. A minimumh\u0151m\u00e9rs\u00e9klet 12-21, a maximumh\u0151m\u00e9rs\u00e9klet 30-34 fok k\u00f6z\u00f6tt v\u00e1rhat\u00f3.<br \/>\n<div class=\"ads-in-post2\"><script async src=\"https:\/\/pagead2.googlesyndication.com\/pagead\/js\/adsbygoogle.js\"><\/script>\r\n<ins class=\"adsbygoogle\"\r\n     style=\"display:block\"\r\n     data-ad-format=\"fluid\"\r\n     data-ad-layout-key=\"-6t+ed+2i-1n-4w\"\r\n     data-ad-client=\"ca-pub-1959107119989764\"\r\n     data-ad-slot=\"4008251320\"><\/ins>\r\n<script>\r\n     (adsbygoogle = window.adsbygoogle || []).push({});\r\n<\/script><\/div>\n    Vas\u00e1rnap is \u00e1ltal\u00e1ban der\u00fclt vagy gyeng\u00e9n felh\u0151s lesz az \u00e9g, \u00e9szakon k\u00e9pz\u0151dhet helyenk\u00e9nt t\u00f6bb gomolyfelh\u0151, \u00e9s arrafel\u00e9 egy-egy z\u00e1por, zivatar is el\u0151fordulhat. A legalacsonyabb h\u0151m\u00e9rs\u00e9klet 15-22, a legmagasabb 28-34 fok k\u00f6z\u00f6tt val\u00f3sz\u00edn\u0171 &#8211; olvashat\u00f3 az el\u0151rejelz\u00e9sben.(MTI)<\/p>\n","protected":false},"excerpt":{"rendered":"<p>A h\u00e9tv\u00e9g\u00e9n ism\u00e9t visszat\u00e9r a naps\u00fct\u00e9ses, jellemz\u0151en sz\u00e1raz id\u0151. A h\u0151s\u00e9g is fokoz\u00f3dik, t\u00f6bbfel\u00e9 34 fok is lehet &#8211; der\u00fcl ki az Orsz\u00e1gos Meteorol\u00f3giai Szolg\u00e1lat orsz\u00e1gos, k\u00f6z\u00e9pt\u00e1v\u00fa el\u0151rejelz\u00e9s\u00e9b\u0151l, amelyet cs\u00fct\u00f6rt\u00f6k\u00f6n juttattak el az MTI-nek.<\/p>\n","protected":false},"author":1,"featured_media":0,"comment_status":"closed","ping_status":"open","sticky":false,"template":"","format":"standard","meta":[],"categories":[4],"tags":[],"_links":{"self":[{"href":"https:\/\/gazdasagportal.hu\/index.php\/wp-json\/wp\/v2\/posts\/118573"}],"collection":[{"href":"https:\/\/gazdasagportal.hu\/index.php\/wp-json\/wp\/v2\/posts"}],"about":[{"href":"https:\/\/gazdasagportal.hu\/index.php\/wp-json\/wp\/v2\/types\/post"}],"author":[{"embeddable":true,"href":"https:\/\/gazdasagportal.hu\/index.php\/wp-json\/wp\/v2\/users\/1"}],"replies":[{"embeddable":true,"href":"https:\/\/gazdasagportal.hu\/index.php\/wp-json\/wp\/v2\/comments?post=118573"}],"version-history":[{"count":1,"href":"https:\/\/gazdasagportal.hu\/index.php\/wp-json\/wp\/v2\/posts\/118573\/revisions"}],"predecessor-version":[{"id":118574,"href":"https:\/\/gazdasagportal.hu\/index.php\/wp-json\/wp\/v2\/posts\/118573\/revisions\/118574"}],"wp:attachment":[{"href":"https:\/\/gazdasagportal.hu\/index.php\/wp-json\/wp\/v2\/media?parent=118573"}],"wp:term":[{"taxonomy":"category","embeddable":true,"href":"https:\/\/gazdasagportal.hu\/index.php\/wp-json\/wp\/v2\/categories?post=118573"},{"taxonomy":"post_tag","embeddable":true,"href":"https:\/\/gazdasagportal.hu\/index.php\/wp-json\/wp\/v2\/tags?post=118573"}],"curies":[{"name":"wp","href":"https:\/\/api.w.org\/{rel}","templated":true}]}}