{"id":118569,"date":"2019-08-08T15:17:13","date_gmt":"2019-08-08T13:17:13","guid":{"rendered":"http:\/\/gazdasagportal.hu\/?p=118569"},"modified":"2019-08-08T09:18:33","modified_gmt":"2019-08-08T07:18:33","slug":"az-aggodalmak-ellenere-juliusban-tovabb-not-kina-ritkafoldfem-exportja","status":"publish","type":"post","link":"https:\/\/gazdasagportal.hu\/index.php\/az-aggodalmak-ellenere-juliusban-tovabb-not-kina-ritkafoldfem-exportja\/","title":{"rendered":"Az aggodalmak ellen\u00e9re j\u00faliusban tov\u00e1bb n\u0151t K\u00edna ritkaf\u00f6ldf\u00e9m-exportja"},"content":{"rendered":"<p><strong>M\u00e1sodik h\u00f3napja mutatott emelked\u00e9st K\u00edna ritkaf\u00f6ldf\u00e9m-kivitele j\u00faliusban annak ellen\u00e9re, hogy Peking kil\u00e1t\u00e1sba helyezte b\u00e1ny\u00e1szati term\u00e9ke exportj\u00e1nak korl\u00e1toz\u00e1s\u00e1t az amerikai szankci\u00f3kra v\u00e1laszul.<\/strong><!--more--><\/p>\n<div class=\"ads-in-post1\"><div id=\"gazdasagportal.hu_fullbanner_wideboard\"><\/div>\r\n<\/div>\n<p>    Az els\u0151sorban elektronikai eszk\u00f6z\u00f6k gy\u00e1rt\u00e1s\u00e1hoz haszn\u00e1lt alapanyagok kivitele a k\u00ednai v\u00e1mhat\u00f3s\u00e1g cs\u00fct\u00f6rt\u00f6k\u00f6n k\u00f6z\u00f6lt adatai szerint a m\u00falt h\u00f3napban 5243 tonn\u00e1t \u00e9rt el, vagyis 32 sz\u00e1zal\u00e9kkal n\u0151tt a j\u00faniusi 3966 tonn\u00e1hoz k\u00e9pest. \u00c9ves \u00f6sszevet\u00e9sben a ritkaf\u00f6ldf\u00e9mek exportja ezzel 15,8 sz\u00e1zal\u00e9kkal emelkedett j\u00faliusban, \u00e9s a legmagasabb eredm\u00e9nyt produk\u00e1lta tavaly december \u00f3ta.<br \/>\n    A k\u00ednai Nemzeti Fejleszt\u00e9si \u00e9s Reform Bizotts\u00e1g m\u00e9g m\u00e1jus v\u00e9g\u00e9n, az amerikai-k\u00ednai kereskedelmi t\u00e1rgyal\u00e1sok elakad\u00e1sa ut\u00e1n azzal a bejelent\u00e9ssel \u00e1llt el\u0151, hogy K\u00edna a belf\u00f6ldi keresletet fogja el\u0151t\u00e9rbe helyezni a ritkaf\u00f6ldf\u00e9mek b\u00e1ny\u00e1szat\u00e1nak fejleszt\u00e9s\u00e9t szolg\u00e1l\u00f3 int\u00e9zked\u00e9seiben. Ez komoly \u00e9rv\u00e1g\u00e1st jelentene a k\u00ednai besz\u00e1ll\u00edt\u00f3kra t\u00e1maszkod\u00f3 gy\u00e1rt\u00f3knak vil\u00e1gszerte, K\u00edn\u00e1ban termelik ki ugyanis a legnagyobb mennyis\u00e9gben a ritkaf\u00f6ldf\u00e9meket a vil\u00e1gon, a glob\u00e1lis termel\u00e9s mintegy 85 sz\u00e1zal\u00e9ka onnan sz\u00e1rmazik. Az \u00e1sv\u00e1nyoknak ez az \u00f6sszesen 17 k\u00e9miai eleme kulcsfontoss\u00e1g\u00fa alapanyagnak sz\u00e1m\u00edt az elektronikai term\u00e9kek, f\u00e9lvezet\u0151k, valamint k\u00fcl\u00f6nf\u00e9le hadiipari felszerel\u00e9sek gy\u00e1rt\u00e1s\u00e1ban.<br \/>\n<div class=\"ads-in-post2\"><script async src=\"https:\/\/pagead2.googlesyndication.com\/pagead\/js\/adsbygoogle.js\"><\/script>\r\n<ins class=\"adsbygoogle\"\r\n     style=\"display:block\"\r\n     data-ad-format=\"fluid\"\r\n     data-ad-layout-key=\"-6t+ed+2i-1n-4w\"\r\n     data-ad-client=\"ca-pub-1959107119989764\"\r\n     data-ad-slot=\"4008251320\"><\/ins>\r\n<script>\r\n     (adsbygoogle = window.adsbygoogle || []).push({});\r\n<\/script><\/div>\n    A k\u00ednai vezet\u00e9s m\u00e1jus v\u00e9g\u00e9n kil\u00e1t\u00e1sba helyezte, hogy korl\u00e1tozni fogja az els\u0151sorban elektronikai \u00e9s katonai eszk\u00f6z\u00f6k gy\u00e1rt\u00e1s\u00e1hoz haszn\u00e1lt ritkaf\u00f6ldf\u00e9mek exportj\u00e1t az ut\u00e1n, hogy az amerikai kereskedelmi miniszt\u00e9rium  feltette a Huawei k\u00ednai telekommunik\u00e1ci\u00f3s \u00f3ri\u00e1sv\u00e1llalatot \u00e9s 68 le\u00e1nyv\u00e1llalat\u00e1t arra a feketelist\u00e1ra, amelyen az Egyes\u00fclt \u00c1llamok nemzetbiztons\u00e1g\u00e1ra vagy k\u00fclpolitikai \u00e9rdekeire potenci\u00e1lis vesz\u00e9lyt jelent\u0151 c\u00e9gek szerepelnek. Washington emellett nemzetbiztons\u00e1gi szempontokra hivatkozva kiz\u00e1rta a Huaweit az \u00f6t\u00f6dik gener\u00e1ci\u00f3s mobilh\u00e1l\u00f3zati fejleszt\u00e9sekb\u0151l.<br \/>\n    Peking az eddigi fenyeget\u00e9sei dac\u00e1ra egyel\u0151re nem vezetett be korl\u00e1toz\u00e1sokat a kivitelre vonatkoz\u00f3an, de az \u00e9rintett gazdas\u00e1gi szerepl\u0151k egyre nagyobb aggodalommal figyelik a helyzetet, hiszen a m\u00e1jusi szankci\u00f3k \u00f3ta az Egyes\u00fclt \u00c1llamok \u00fajabb p\u00f3tv\u00e1mok bevezet\u00e9s\u00e9t jelentette be a kor\u00e1bbi b\u00fcntet\u0151v\u00e1mok \u00e1ltal nem s\u00fajtott, 300 milli\u00e1rd doll\u00e1r \u00e9rt\u00e9k\u0171 k\u00ednai \u00e1rucikkekre szeptember 1-\u00e9t\u0151l, K\u00edna pedig ellenl\u00e9p\u00e9seket \u00edg\u00e9rt.<br \/>\n    A k\u00ednai ritkaf\u00f6ldf\u00e9mipar r\u00e9sztvev\u0151it t\u00f6m\u00f6r\u00edt\u0151 szervezet egy szerd\u00e1n kiadott nyilatkozatban \u00fagy foglalt \u00e1ll\u00e1st, hogy a k\u00ednai \u00e1rucikkeket s\u00fajt\u00f3 amerikai b\u00fcntet\u0151v\u00e1mok egyoldal\u00fa \u00e9s protekcionista eszk\u00f6z\u00f6k, \u00e9s el\u00edt\u00e9lte a K\u00edn\u00e1val szemben alkalmazott &#8222;zaklat\u00f3 magatart\u00e1st&#8221;. A szervezet szerint azonban a ritkaf\u00f6ldf\u00e9meket \u00e9rt\u00e9kes\u00edt\u0151 v\u00e1llalatoknak egyar\u00e1nt b\u0151v\u00edteni\u00fck kell a k\u00fclf\u00f6ldi \u00e9s a belf\u00f6ldi piacaikat.<br \/>\n     Az \u00e9v els\u0151 h\u00e9t h\u00f3napj\u00e1ban a k\u00ednai ritkaf\u00f6ldf\u00e9m-export 28476 tonn\u00e1s mennyis\u00e9get tett ki, a m\u00falt \u00e9v azonos id\u0151szak\u00e1hoz k\u00e9pest ezzel 7,3 sz\u00e1zal\u00e9kkal m\u00e9rs\u00e9kl\u0151d\u00f6tt.<br \/>\n    Peking az \u00e9v m\u00e1sodik fel\u00e9re vonatkoz\u00f3 ritkaf\u00f6ldf\u00e9m-kiviteli kv\u00f3t\u00e1kat egyel\u0151re nem jelentette be.(MTI)<\/p>\n","protected":false},"excerpt":{"rendered":"<p>M\u00e1sodik h\u00f3napja mutatott emelked\u00e9st K\u00edna ritkaf\u00f6ldf\u00e9m-kivitele j\u00faliusban annak ellen\u00e9re, hogy Peking kil\u00e1t\u00e1sba helyezte b\u00e1ny\u00e1szati term\u00e9ke exportj\u00e1nak korl\u00e1toz\u00e1s\u00e1t az amerikai szankci\u00f3kra v\u00e1laszul.<\/p>\n","protected":false},"author":1,"featured_media":0,"comment_status":"closed","ping_status":"open","sticky":false,"template":"","format":"standard","meta":[],"categories":[14,246],"tags":[],"_links":{"self":[{"href":"https:\/\/gazdasagportal.hu\/index.php\/wp-json\/wp\/v2\/posts\/118569"}],"collection":[{"href":"https:\/\/gazdasagportal.hu\/index.php\/wp-json\/wp\/v2\/posts"}],"about":[{"href":"https:\/\/gazdasagportal.hu\/index.php\/wp-json\/wp\/v2\/types\/post"}],"author":[{"embeddable":true,"href":"https:\/\/gazdasagportal.hu\/index.php\/wp-json\/wp\/v2\/users\/1"}],"replies":[{"embeddable":true,"href":"https:\/\/gazdasagportal.hu\/index.php\/wp-json\/wp\/v2\/comments?post=118569"}],"version-history":[{"count":1,"href":"https:\/\/gazdasagportal.hu\/index.php\/wp-json\/wp\/v2\/posts\/118569\/revisions"}],"predecessor-version":[{"id":118570,"href":"https:\/\/gazdasagportal.hu\/index.php\/wp-json\/wp\/v2\/posts\/118569\/revisions\/118570"}],"wp:attachment":[{"href":"https:\/\/gazdasagportal.hu\/index.php\/wp-json\/wp\/v2\/media?parent=118569"}],"wp:term":[{"taxonomy":"category","embeddable":true,"href":"https:\/\/gazdasagportal.hu\/index.php\/wp-json\/wp\/v2\/categories?post=118569"},{"taxonomy":"post_tag","embeddable":true,"href":"https:\/\/gazdasagportal.hu\/index.php\/wp-json\/wp\/v2\/tags?post=118569"}],"curies":[{"name":"wp","href":"https:\/\/api.w.org\/{rel}","templated":true}]}}