{"id":118557,"date":"2019-08-08T11:08:45","date_gmt":"2019-08-08T09:08:45","guid":{"rendered":"http:\/\/gazdasagportal.hu\/?p=118557"},"modified":"2019-08-08T08:29:53","modified_gmt":"2019-08-08T06:29:53","slug":"magyar-cegeknek-kedvezo-dontes-szuletett-az-europai-birosagon-a-kamionkartell-ugyben","status":"publish","type":"post","link":"https:\/\/gazdasagportal.hu\/index.php\/magyar-cegeknek-kedvezo-dontes-szuletett-az-europai-birosagon-a-kamionkartell-ugyben\/","title":{"rendered":"Magyar c\u00e9geknek kedvez\u0151 d\u00f6nt\u00e9s sz\u00fcletett az Eur\u00f3pai B\u00edr\u00f3s\u00e1gon a kamionkartell \u00fcgyben"},"content":{"rendered":"<p><strong>A kamionkartell \u00fcgyben a magyar c\u00e9geknek kedvez\u0151, precedens \u00e9rt\u00e9k\u0171 d\u00f6nt\u00e9s sz\u00fcletett az Eur\u00f3pai B\u00edr\u00f3s\u00e1gon (EB) &#8211; k\u00f6z\u00f6lte a Schmidt \u00dcgyv\u00e9di Iroda.<\/strong><!--more--><\/p>\n<div class=\"ads-in-post1\"><div id=\"gazdasagportal.hu_fullbanner_wideboard\"><\/div>\r\n<\/div>\n<p>    Az Eur\u00f3pai B\u00edr\u00f3s\u00e1g \u00edt\u00e9lete annak nyom\u00e1n sz\u00fcletett, hogy az \u00fcgyv\u00e9di iroda \u00e1ltal k\u00e9pviselt Tibor Trans Kft. keresetet terjesztett el\u0151 a Gy\u0151ri T\u00f6rv\u00e9nysz\u00e9ken szerz\u0151d\u00e9sen k\u00edv\u00fcl okozott k\u00e1r\u00e9rt val\u00f3 felel\u0151ss\u00e9g jogc\u00edm\u00e9n, a DAF Trucks N.V. kamiongy\u00e1rt\u00f3 c\u00e9g ellen. A kereset szerint a kartell miatt a Tibor Trans dr\u00e1g\u00e1bban tudott kamionokat v\u00e1s\u00e1rolni. Az \u00fcgyben a Gy\u0151ri \u00cdt\u00e9l\u0151t\u00e1bla fordult az Eur\u00f3pai B\u00edr\u00f3s\u00e1ghoz.<br \/>\n    Az EB \u00edt\u00e9lete meger\u0151s\u00edtette, hogy a k\u00e1rosultak \u00e9rv\u00e9nyes\u00edthetik ig\u00e9ny\u00fcket azon orsz\u00e1g b\u00edr\u00f3s\u00e1ga el\u0151tt, amely orsz\u00e1gban a torz\u00edtott piaci \u00e1rakat alkalmazt\u00e1k, \u00e9s ahol a k\u00e1r bek\u00f6vetkezett.<br \/>\n    A \u00edt\u00e9let szerint nincs jelent\u0151s\u00e9ge annak, hogy melyik kartelltagt\u00f3l vett\u00e9k a kamiont, b\u00e1rmelyik kartelltag perelhet\u0151. Annak sincs jelent\u0151s\u00e9ge, hogy milyen szerz\u0151d\u00e9ses konstrukci\u00f3ban v\u00e1s\u00e1rolt\u00e1k a kamionokat &#8211; gyakori v\u00e9dekez\u00e9s volt ugyanis, hogy a kamionokat l\u00edzingelt\u00e9k, \u00edgy jogilag nem a l\u00edzingbe vev\u0151 a tulajdonos, teh\u00e1t nem \u0151t \u00e9rte a k\u00e1r. A val\u00f3s\u00e1g ezzel szemben az, hogy a l\u00edzingbe vev\u0151t \u00e9rte a k\u00e1r, hiszen a l\u00edzingbe ad\u00f3 a kartellel megn\u00f6velt \u00e1rakra csak r\u00e1tette a saj\u00e1t haszn\u00e1t.<br \/>\n<div class=\"ads-in-post2\"><script async src=\"https:\/\/pagead2.googlesyndication.com\/pagead\/js\/adsbygoogle.js\"><\/script>\r\n<ins class=\"adsbygoogle\"\r\n     style=\"display:block\"\r\n     data-ad-format=\"fluid\"\r\n     data-ad-layout-key=\"-6t+ed+2i-1n-4w\"\r\n     data-ad-client=\"ca-pub-1959107119989764\"\r\n     data-ad-slot=\"4008251320\"><\/ins>\r\n<script>\r\n     (adsbygoogle = window.adsbygoogle || []).push({});\r\n<\/script><\/div>\n    Az Eur\u00f3pai Bizotts\u00e1g hat\u00e1rozat\u00e1ban kartellez\u00e9s\u00e9rt elmarasztalta a MAN, a Daimler, az Iveco, a Volvo \u00e9s a DAF kamiongy\u00e1rt\u00f3t, mivel 1997. janu\u00e1r 17-t\u0151l p\u00e9ld\u00e1ul a 6 \u00e9s 16 tonna k\u00f6z\u00f6tti t\u00f6meg\u0171 teherg\u00e9pj\u00e1rm\u0171vekre, valamint a 16 tonn\u00e1n\u00e1l nehezebb teherg\u00e9pj\u00e1rm\u0171vekre, a merev \u00e9s vontat\u00f3 teherg\u00e9pj\u00e1rm\u0171vekre az EGT-ben alkalmazott \u00e1raz\u00e1sra \u00e9s brutt\u00f3 \u00e1remel\u00e9sekre \u00f6sszehangolt meg\u00e1llapod\u00e1sokat k\u00f6t\u00f6ttek.<br \/>\n    Mivel az EB minden k\u00e9rd\u00e9sre egy\u00e9rtelm\u0171 v\u00e1laszt adott, a k\u00e1rt\u00e9r\u00edt\u00e9si perek folytat\u00f3dhatnak, a pereket ugyanis fel kellett f\u00fcggeszteni addig, am\u00edg nem sz\u00fcletik d\u00f6nt\u00e9s a Tibor Trans \u00fcgyben; ez t\u00f6rt\u00e9nt Magyarorsz\u00e1gon, Lettorsz\u00e1gban, Litv\u00e1ni\u00e1ban \u00e9s Lengyelorsz\u00e1gban is &#8211; \u00edrja k\u00f6zlem\u00e9ny\u00e9ben az \u00fcgyv\u00e9di iroda.(MTI)<\/p>\n","protected":false},"excerpt":{"rendered":"<p>A kamionkartell \u00fcgyben a magyar c\u00e9geknek kedvez\u0151, precedens \u00e9rt\u00e9k\u0171 d\u00f6nt\u00e9s sz\u00fcletett az Eur\u00f3pai B\u00edr\u00f3s\u00e1gon (EB) &#8211; k\u00f6z\u00f6lte a Schmidt \u00dcgyv\u00e9di Iroda.<\/p>\n","protected":false},"author":1,"featured_media":0,"comment_status":"closed","ping_status":"open","sticky":false,"template":"","format":"standard","meta":[],"categories":[19,7],"tags":[],"_links":{"self":[{"href":"https:\/\/gazdasagportal.hu\/index.php\/wp-json\/wp\/v2\/posts\/118557"}],"collection":[{"href":"https:\/\/gazdasagportal.hu\/index.php\/wp-json\/wp\/v2\/posts"}],"about":[{"href":"https:\/\/gazdasagportal.hu\/index.php\/wp-json\/wp\/v2\/types\/post"}],"author":[{"embeddable":true,"href":"https:\/\/gazdasagportal.hu\/index.php\/wp-json\/wp\/v2\/users\/1"}],"replies":[{"embeddable":true,"href":"https:\/\/gazdasagportal.hu\/index.php\/wp-json\/wp\/v2\/comments?post=118557"}],"version-history":[{"count":1,"href":"https:\/\/gazdasagportal.hu\/index.php\/wp-json\/wp\/v2\/posts\/118557\/revisions"}],"predecessor-version":[{"id":118558,"href":"https:\/\/gazdasagportal.hu\/index.php\/wp-json\/wp\/v2\/posts\/118557\/revisions\/118558"}],"wp:attachment":[{"href":"https:\/\/gazdasagportal.hu\/index.php\/wp-json\/wp\/v2\/media?parent=118557"}],"wp:term":[{"taxonomy":"category","embeddable":true,"href":"https:\/\/gazdasagportal.hu\/index.php\/wp-json\/wp\/v2\/categories?post=118557"},{"taxonomy":"post_tag","embeddable":true,"href":"https:\/\/gazdasagportal.hu\/index.php\/wp-json\/wp\/v2\/tags?post=118557"}],"curies":[{"name":"wp","href":"https:\/\/api.w.org\/{rel}","templated":true}]}}