{"id":118553,"date":"2019-08-08T16:52:04","date_gmt":"2019-08-08T14:52:04","guid":{"rendered":"http:\/\/gazdasagportal.hu\/?p=118553"},"modified":"2019-08-07T21:53:21","modified_gmt":"2019-08-07T19:53:21","slug":"washington-szabadkereskedelmi-megallapodasra-torekszik-londonnal-a-brexit-utan","status":"publish","type":"post","link":"https:\/\/gazdasagportal.hu\/index.php\/washington-szabadkereskedelmi-megallapodasra-torekszik-londonnal-a-brexit-utan\/","title":{"rendered":"Washington szabadkereskedelmi meg\u00e1llapod\u00e1sra t\u00f6rekszik Londonnal a Brexit ut\u00e1n"},"content":{"rendered":"<p><strong>Washington szabadkereskedelmi meg\u00e1llapod\u00e1sra t\u00f6rekszik Londonnal a Brexit ut\u00e1n &#8211; jelentette ki Mike Pompeo amerikai k\u00fcl\u00fcgyminiszter szerd\u00e1n, miut\u00e1n megbesz\u00e9l\u00e9st folytatott az \u00faj brit korm\u00e1ny k\u00fcl\u00fcgyminiszter\u00e9vel, Dominic Raabbal Washingtonban. <\/strong><!--more--><\/p>\n<div class=\"ads-in-post1\"><div id=\"gazdasagportal.hu_fullbanner_wideboard\"><\/div>\r\n<\/div>\n<p>    A k\u00f6z\u00f6sen tartott sajt\u00f3konferenci\u00e1n Pompeo megk\u00f6sz\u00f6nte Boris Johnson korm\u00e1ny\u00e1nak, hogy csatlakozott a Perzsa(Arab)-\u00f6b\u00f6l haj\u00f3z\u00e1s\u00e1nak biztons\u00e1g\u00e1t c\u00e9lz\u00f3 \u00faj kezdem\u00e9nyez\u00e9shez, majd lesz\u00f6gezte: b\u00e1rmi legyen is London v\u00e9gs\u0151 d\u00f6nt\u00e9se a Brexitr\u0151l, Washington tiszteletben tartja.<br \/>\n    &#8222;T\u00e1mogatjuk az Egyes\u00fclt Kir\u00e1lys\u00e1g szuver\u00e9n d\u00f6nt\u00e9s\u00e9t, \u00e9s b\u00e1rmilyen legyen is a d\u00f6nt\u00e9s a Brexitr\u0151l, mi tollal a kez\u00fcnkben ott lesz\u00fcnk az ajt\u00f3n\u00e1l, k\u00e9szen arra, hogy a lehet\u0151 legr\u00f6videbb id\u0151n bel\u00fcl al\u00e1\u00edrjuk az \u00faj szabadkereskedelmi meg\u00e1llapod\u00e1st&#8221; &#8211; hangoztatta az amerikai diplom\u00e1cia ir\u00e1ny\u00edt\u00f3ja.<br \/>\n<div class=\"ads-in-post2\"><script async src=\"https:\/\/pagead2.googlesyndication.com\/pagead\/js\/adsbygoogle.js\"><\/script>\r\n<ins class=\"adsbygoogle\"\r\n     style=\"display:block\"\r\n     data-ad-format=\"fluid\"\r\n     data-ad-layout-key=\"-6t+ed+2i-1n-4w\"\r\n     data-ad-client=\"ca-pub-1959107119989764\"\r\n     data-ad-slot=\"4008251320\"><\/ins>\r\n<script>\r\n     (adsbygoogle = window.adsbygoogle || []).push({});\r\n<\/script><\/div>\n    Dominic Raab azt hangs\u00falyozta, hogy Boris Johnson \u00e9s korm\u00e1nya &#8222;abszol\u00fat elt\u00f6k\u00e9lt, hat\u00e1rozott&#8221; abban, hogy okt\u00f3ber v\u00e9g\u00e9n &#8211; meg\u00e1llapod\u00e1ssal vagy an\u00e9lk\u00fcl, de &#8211; kil\u00e9pjen az Eur\u00f3pai Uni\u00f3b\u00f3l. Egyben rem\u00e9ny\u00e9t fejezte ki, hogy okt\u00f3ber 31. ut\u00e1n &#8222;a lehet\u0151 legr\u00f6videbb id\u0151n bel\u00fcl&#8221; a Johnson-korm\u00e1ny al\u00e1\u00edrja a kereskedelmi meg\u00e1llapod\u00e1st a Trump-adminisztr\u00e1ci\u00f3val.<br \/>\n    A sajt\u00f3t\u00e1j\u00e9koztat\u00f3n \u00fajs\u00e1g\u00edr\u00f3i k\u00e9rd\u00e9sre v\u00e1laszolva Pompeo optimist\u00e1nak mondta mag\u00e1t az amerikai-\u00e9szak-koreai t\u00e1rgyal\u00e1sok j\u00f6v\u0151j\u00e9t illet\u0151en. Mint fogalmazott: az amerikai korm\u00e1nyzat \u00fagy tervezi, hogy &#8222;n\u00e9h\u00e1ny h\u00e9ten bel\u00fcl&#8221; folyat\u00f3dnak a munkacsoportok k\u00f6z\u00f6tti t\u00e1rgyal\u00e1sok.(MTI)<\/p>\n","protected":false},"excerpt":{"rendered":"<p>Washington szabadkereskedelmi meg\u00e1llapod\u00e1sra t\u00f6rekszik Londonnal a Brexit ut\u00e1n &#8211; jelentette ki Mike Pompeo amerikai k\u00fcl\u00fcgyminiszter szerd\u00e1n, miut\u00e1n megbesz\u00e9l\u00e9st folytatott az \u00faj brit korm\u00e1ny k\u00fcl\u00fcgyminiszter\u00e9vel, Dominic Raabbal Washingtonban.<\/p>\n","protected":false},"author":1,"featured_media":0,"comment_status":"closed","ping_status":"open","sticky":false,"template":"","format":"standard","meta":[],"categories":[13,12],"tags":[],"_links":{"self":[{"href":"https:\/\/gazdasagportal.hu\/index.php\/wp-json\/wp\/v2\/posts\/118553"}],"collection":[{"href":"https:\/\/gazdasagportal.hu\/index.php\/wp-json\/wp\/v2\/posts"}],"about":[{"href":"https:\/\/gazdasagportal.hu\/index.php\/wp-json\/wp\/v2\/types\/post"}],"author":[{"embeddable":true,"href":"https:\/\/gazdasagportal.hu\/index.php\/wp-json\/wp\/v2\/users\/1"}],"replies":[{"embeddable":true,"href":"https:\/\/gazdasagportal.hu\/index.php\/wp-json\/wp\/v2\/comments?post=118553"}],"version-history":[{"count":1,"href":"https:\/\/gazdasagportal.hu\/index.php\/wp-json\/wp\/v2\/posts\/118553\/revisions"}],"predecessor-version":[{"id":118554,"href":"https:\/\/gazdasagportal.hu\/index.php\/wp-json\/wp\/v2\/posts\/118553\/revisions\/118554"}],"wp:attachment":[{"href":"https:\/\/gazdasagportal.hu\/index.php\/wp-json\/wp\/v2\/media?parent=118553"}],"wp:term":[{"taxonomy":"category","embeddable":true,"href":"https:\/\/gazdasagportal.hu\/index.php\/wp-json\/wp\/v2\/categories?post=118553"},{"taxonomy":"post_tag","embeddable":true,"href":"https:\/\/gazdasagportal.hu\/index.php\/wp-json\/wp\/v2\/tags?post=118553"}],"curies":[{"name":"wp","href":"https:\/\/api.w.org\/{rel}","templated":true}]}}