{"id":118551,"date":"2019-08-08T15:50:04","date_gmt":"2019-08-08T13:50:04","guid":{"rendered":"http:\/\/gazdasagportal.hu\/?p=118551"},"modified":"2019-08-07T21:51:15","modified_gmt":"2019-08-07T19:51:15","slug":"az-olasz-felsohaz-tamogatasarol-biztositotta-a-torino-lyon-kozotti-nagysebessegu-vasutvonalat","status":"publish","type":"post","link":"https:\/\/gazdasagportal.hu\/index.php\/az-olasz-felsohaz-tamogatasarol-biztositotta-a-torino-lyon-kozotti-nagysebessegu-vasutvonalat\/","title":{"rendered":"Az olasz fels\u0151h\u00e1z t\u00e1mogat\u00e1s\u00e1r\u00f3l biztos\u00edtotta a Torino-Lyon k\u00f6z\u00f6tti nagysebess\u00e9g\u0171 vas\u00fatvonalat"},"content":{"rendered":"<p><strong>Az olasz fels\u0151h\u00e1z (szen\u00e1tus) szerd\u00e1n elutas\u00edtotta a korm\u00e1nykoal\u00edci\u00f3 egyik tagp\u00e1rtja, az \u00d6t Csillag Mozgalom (M5S) \u00e1ltal beny\u00fajtott ind\u00edtv\u00e1nyt, amely le\u00e1ll\u00edtotta volna a Torino-Lyon k\u00f6z\u00f6tti nagysebess\u00e9g\u0171 vas\u00fatvonal \u00e9p\u00edt\u00e9s\u00e9t. A m\u00e1sik korm\u00e1nyp\u00e1rt, a Liga t\u00f6bb ellenz\u00e9ki p\u00e1rttal egy\u00fctt az M5S ind\u00edtv\u00e1nya ellen szavazott, n\u00f6velve a koal\u00edci\u00f3s szakad\u00e9kot.<\/strong><!--more--><\/p>\n<div class=\"ads-in-post1\"><div id=\"gazdasagportal.hu_fullbanner_wideboard\"><\/div>\r\n<\/div>\n<p>    A szen\u00e1tus 181-110 szavazati ar\u00e1nyban utas\u00edtotta el az M5S ind\u00edtv\u00e1ny\u00e1t. B\u00e1r a parlamentben az M5S a legnagyobb p\u00e1rt, koal\u00edci\u00f3s t\u00e1rsa, a Liga t\u00f6bb bal- \u00e9s jobboldali ellenz\u00e9ki p\u00e1rttal egy\u00fctt leszavazta beterjeszt\u00e9s\u00e9t.<br \/>\n    A szen\u00e1tus ezzel egy\u00fctt 180-109 ar\u00e1nyban j\u00f3v\u00e1hagyta a nagysebess\u00e9g\u0171 vas\u00fatvonal (TAV) melletti \u00e1ll\u00e1sfoglal\u00e1sra ir\u00e1nyul\u00f3 ind\u00edtv\u00e1nyt, amelyet az ellenz\u00e9ki, balk\u00f6z\u00e9p Demokrata P\u00e1rt (PD) ny\u00fajtott be.<br \/>\n    Az eml\u00edtett tervezett vas\u00fatvonalban szerepel egy 58 kilom\u00e9teres alag\u00fat ki\u00e9p\u00edt\u00e9se az Alpokon kereszt\u00fcl. Az M5S szerint azonban ez \u00e1rtana a k\u00f6rnyezetnek. A korm\u00e1nyp\u00e1rt azzal \u00e9rvel tov\u00e1bb\u00e1, hogy a terv pazarl\u00e1s, az arra sz\u00e1nt p\u00e9nzt ugyanis ink\u00e1bb a m\u00e1r megl\u00e9v\u0151 k\u00f6zleked\u00e9si h\u00e1l\u00f3zat fejleszt\u00e9s\u00e9re kellene ford\u00edtani. Danilo Toninelli k\u00f6zleked\u00e9si \u00e9s infrastruktur\u00e1lis miniszter, az M5S politikusa p\u00e9ld\u00e1ul &#8222;haszontalannak&#8221; nevezte a vonalat.<br \/>\n    A Liga szerint azonban a beruh\u00e1z\u00e1s munkahelyeket teremtene, \u00e9s el\u0151seg\u00edten\u00e9 a n\u00f6veked\u00e9st, valamint &#8211; \u00e9rvel\u00e9se szerint &#8211; az \u00e1rusz\u00e1ll\u00edt\u00e1s k\u00f6z\u00fatr\u00f3l vas\u00fatra val\u00f3 \u00e1tterel\u00e9se k\u00f6rnyezetbar\u00e1tnak min\u0151s\u00fcl.<br \/>\n    Giuseppe Conte olasz minisztereln\u00f6k az elm\u00falt h\u00f3napban azt mondta: az Eur\u00f3pai Uni\u00f3t\u00f3l (EU) \u00e9s Franciaorsz\u00e1gt\u00f3l \u00e9rkezett \u00fajabb p\u00e9nz\u00fcgyi aj\u00e1nlatok \u00e1ltal a TAV kev\u00e9sb\u00e9 lenne k\u00f6lts\u00e9ges Olaszorsz\u00e1gnak, illetve imm\u00e1r dr\u00e1g\u00e1bb lenne le\u00e1ll\u00edtani a projektet, mint befejezni.<br \/>\n<div class=\"ads-in-post2\"><script async src=\"https:\/\/pagead2.googlesyndication.com\/pagead\/js\/adsbygoogle.js\"><\/script>\r\n<ins class=\"adsbygoogle\"\r\n     style=\"display:block\"\r\n     data-ad-format=\"fluid\"\r\n     data-ad-layout-key=\"-6t+ed+2i-1n-4w\"\r\n     data-ad-client=\"ca-pub-1959107119989764\"\r\n     data-ad-slot=\"4008251320\"><\/ins>\r\n<script>\r\n     (adsbygoogle = window.adsbygoogle || []).push({});\r\n<\/script><\/div>\n    Az augusztus 8-t\u00f3l ny\u00e1ri szabads\u00e1gon lev\u0151 r\u00f3mai parlament legut\u00f3bbi \u00fcl\u00e9sein feler\u0151s\u00f6dtek a korm\u00e1nyp\u00e1rtok k\u00f6zti ellent\u00e9tek. Az M5S-frakci\u00f3 h\u00e9tf\u0151n nem egys\u00e9gesen t\u00e1mogatta a Liga vezet\u0151je, Matteo Salvini bel\u00fcgyminiszter nev\u00e9vel f\u00e9mjelzett migr\u00e1ci\u00f3s t\u00f6rv\u00e9nycsomagot, ez\u00fattal pedig a jelent\u0151s k\u00f6zleked\u00e9si folyos\u00f3 ki\u00e9p\u00edt\u00e9se osztotta meg a k\u00e9t korm\u00e1nyp\u00e1rtot, ami a szavaz\u00e1st megel\u0151z\u0151 parlamenti vit\u00e1ban is \u00e9rz\u00e9kelhet\u0151 volt.<br \/>\n    Elemz\u0151k szerint m\u00e1r csak id\u0151 k\u00e9rd\u00e9se, hogy mikor bomlik fel a tavaly j\u00fanius elsej\u00e9n megalakult Liga-M5S korm\u00e1nykoal\u00edci\u00f3. A m\u00e1jusi eur\u00f3pai parlamenti v\u00e1laszt\u00e1sokon a legnagyobb olasz p\u00e1rtt\u00e1 el\u0151l\u00e9pett Liga (amelynek t\u00e1mogatotts\u00e1ga a jelenlegi felm\u00e9r\u00e9sek szerint meghaladja a 36 sz\u00e1zal\u00e9kot) mintegy \u00e1tvette a korm\u00e1ny ir\u00e1ny\u00edt\u00e1s\u00e1t az M5S-t\u0151l, amelynek kor\u00e1bbi t\u00e1mogatotts\u00e1ga a fel\u00e9re, mintegy 17 sz\u00e1zal\u00e9kra cs\u00f6kkent.<br \/>\n    Olasz sajt\u00f3elemz\u00e9sek szerint Salvini &#8222;felzab\u00e1lta&#8221; az M5S-t, amely &#8222;k\u00e9nytelen volt elfogadni&#8221; a Liga migr\u00e1ci\u00f3s szigor\u00edt\u00e1s\u00e1t, valamint eredetileg k\u00f6rnyezetv\u00e9d\u0151 mozgalomk\u00e9nt nem tudja megakad\u00e1lyozni a hegyeket letarol\u00f3 vas\u00fatvonal \u00e9p\u00edt\u00e9s\u00e9t sem. Ha azonban az M5S fell\u00e1zad, a korm\u00e1ny megbukik, \u00e9s a Liga megnyeri a k\u00f6vetkez\u0151 v\u00e1laszt\u00e1st, az M5S-t pedig az elt\u0171n\u00e9s fenyegeti.<br \/>\n    Megfigyel\u0151k szerint a Liga vezet\u0151je a szeptemberben kezd\u0151d\u0151 k\u00f6lts\u00e9gvet\u00e9si t\u00e1rgyal\u00e1sok alatt bor\u00edthatja fel a korm\u00e1nyt. Ha ez \u00edgy t\u00f6rt\u00e9nne, az \u00e1llamf\u0151 nem szak\u00e9rt\u0151i korm\u00e1nyt nevezne ki, hanem el\u0151rehozott v\u00e1laszt\u00e1sokat \u00edrna ki, ak\u00e1r m\u00e1r febru\u00e1rra.<br \/>\n    Az Il Messaggero c\u00edm\u0171 napilap szerint az olasz bel\u00fcgyminiszter az\u00e9rt v\u00e1r szeptemberig, mivel akkor der\u00fcl ki, hogy Ursula von der Leyen, az Eur\u00f3pai Bizotts\u00e1g (EB) megv\u00e1lasztott eln\u00f6ke &#8222;helyet biztos\u00edt-e&#8221; a Liga jel\u00f6ltj\u00e9nek a br\u00fcsszeli uni\u00f3s test\u00fcletben vagy sem.(MTI)<\/p>\n","protected":false},"excerpt":{"rendered":"<p>Az olasz fels\u0151h\u00e1z (szen\u00e1tus) szerd\u00e1n elutas\u00edtotta a korm\u00e1nykoal\u00edci\u00f3 egyik tagp\u00e1rtja, az \u00d6t Csillag Mozgalom (M5S) \u00e1ltal beny\u00fajtott ind\u00edtv\u00e1nyt, amely le\u00e1ll\u00edtotta volna a Torino-Lyon k\u00f6z\u00f6tti nagysebess\u00e9g\u0171 vas\u00fatvonal \u00e9p\u00edt\u00e9s\u00e9t. A m\u00e1sik korm\u00e1nyp\u00e1rt, a Liga t\u00f6bb ellenz\u00e9ki p\u00e1rttal egy\u00fctt az M5S ind\u00edtv\u00e1nya ellen szavazott, n\u00f6velve a koal\u00edci\u00f3s szakad\u00e9kot.<\/p>\n","protected":false},"author":1,"featured_media":0,"comment_status":"closed","ping_status":"open","sticky":false,"template":"","format":"standard","meta":[],"categories":[12],"tags":[],"_links":{"self":[{"href":"https:\/\/gazdasagportal.hu\/index.php\/wp-json\/wp\/v2\/posts\/118551"}],"collection":[{"href":"https:\/\/gazdasagportal.hu\/index.php\/wp-json\/wp\/v2\/posts"}],"about":[{"href":"https:\/\/gazdasagportal.hu\/index.php\/wp-json\/wp\/v2\/types\/post"}],"author":[{"embeddable":true,"href":"https:\/\/gazdasagportal.hu\/index.php\/wp-json\/wp\/v2\/users\/1"}],"replies":[{"embeddable":true,"href":"https:\/\/gazdasagportal.hu\/index.php\/wp-json\/wp\/v2\/comments?post=118551"}],"version-history":[{"count":1,"href":"https:\/\/gazdasagportal.hu\/index.php\/wp-json\/wp\/v2\/posts\/118551\/revisions"}],"predecessor-version":[{"id":118552,"href":"https:\/\/gazdasagportal.hu\/index.php\/wp-json\/wp\/v2\/posts\/118551\/revisions\/118552"}],"wp:attachment":[{"href":"https:\/\/gazdasagportal.hu\/index.php\/wp-json\/wp\/v2\/media?parent=118551"}],"wp:term":[{"taxonomy":"category","embeddable":true,"href":"https:\/\/gazdasagportal.hu\/index.php\/wp-json\/wp\/v2\/categories?post=118551"},{"taxonomy":"post_tag","embeddable":true,"href":"https:\/\/gazdasagportal.hu\/index.php\/wp-json\/wp\/v2\/tags?post=118551"}],"curies":[{"name":"wp","href":"https:\/\/api.w.org\/{rel}","templated":true}]}}