{"id":118549,"date":"2019-08-08T14:48:08","date_gmt":"2019-08-08T12:48:08","guid":{"rendered":"http:\/\/gazdasagportal.hu\/?p=118549"},"modified":"2019-08-07T21:49:33","modified_gmt":"2019-08-07T19:49:33","slug":"ukran-valsag-zelenszkij-felhivta-putyint-az-ukran-katonak-halala-miatt","status":"publish","type":"post","link":"https:\/\/gazdasagportal.hu\/index.php\/ukran-valsag-zelenszkij-felhivta-putyint-az-ukran-katonak-halala-miatt\/","title":{"rendered":"Ukr\u00e1n v\u00e1ls\u00e1g &#8211; Zelenszkij felh\u00edvta Putyint az ukr\u00e1n katon\u00e1k hal\u00e1la miatt"},"content":{"rendered":"<p><strong>Volodimir Zelenszkij ukr\u00e1n eln\u00f6k felh\u00edvta telefonon szerd\u00e1n Vlagyimir Putyin orosz eln\u00f6k\u00f6t a Donyec-medencei v\u00e1ls\u00e1g\u00f6vezetben el\u0151z\u0151 nap meg\u00f6lt n\u00e9gy ukr\u00e1n katona \u00fcgy\u00e9ben, \u00e9s arra k\u00e9rte \u0151t, hasson a szakad\u00e1rokra, hogy ne gyilkoljanak meg ukr\u00e1n katon\u00e1kat.<\/strong><!--more--><\/p>\n<div class=\"ads-in-post1\"><div id=\"gazdasagportal.hu_fullbanner_wideboard\"><\/div>\r\n<\/div>\n<p>    Ez volt a nemr\u00e9g megv\u00e1lasztott ukr\u00e1n eln\u00f6k m\u00e1sodik telefonbesz\u00e9lget\u00e9se orosz koll\u00e9g\u00e1j\u00e1val.<br \/>\n    &#8222;S\u00fcrg\u0151sen felh\u00edvtam, azt mondtam, hogy ez nem hoz minket k\u00f6zelebb a b\u00e9k\u00e9hez. Arra k\u00e9rtem, hasson arra az oldalra (a szakad\u00e1rokra), hogy vessenek v\u00e9get embereink meggyilkol\u00e1s\u00e1nak&#8221; &#8211; ismertette Zelenszkij a sajt\u00f3t\u00e1j\u00e9koztat\u00f3n.<br \/>\n        Az ukr\u00e1n \u00e1llamf\u0151 szerint Putyin felpanaszolta, hogy &#8222;\u00f6lik az embereiket&#8221;.<br \/>\n        &#8222;Azt mondj\u00e1k nekem (a Kremlben), hogy vannak ott valamilyen r\u00e9szletek, amelyek szerint az embereink l\u00f6vik a polg\u00e1ri szem\u00e9lyeket&#8221; &#8211; mondta Zelenszkij.<br \/>\n        &#8222;Mindenki arr\u00f3l besz\u00e9l, hogy b\u00e9k\u00e9t akar. Mindenki err\u0151l besz\u00e9l, de a szavakon t\u00fal tettekre lenne sz\u00fcks\u00e9g, nagyon is s\u00fcrg\u0151s m\u00e9rt\u00e9k\u0171ekre. Nagyon szorgalmaztam \u00e9s nagyon k\u00e9rtem az orosz eln\u00f6k\u00f6t arra, hogy ma s\u00fcrg\u0151sen hasson oda, hogy az az oldal (szakad\u00e1rok) vessen v\u00e9get a cselekm\u00e9nyeknek. Ez nem j\u00e1t\u00e9k&#8221; &#8211; hangs\u00falyozta Zelenszkij.<br \/>\n        Az ukr\u00e1n eln\u00f6k el\u0151z\u0151leg a vez\u00e9rkari f\u0151n\u00f6kkel, a nemzetbiztons\u00e1gi tan\u00e1cs vezet\u0151j\u00e9vel \u00e9s a harcol\u00f3 katonai egys\u00e9gek parancsnokaival is t\u00e1rgyalt az incidensekr\u0151l.<br \/>\n<div class=\"ads-in-post2\"><script async src=\"https:\/\/pagead2.googlesyndication.com\/pagead\/js\/adsbygoogle.js\"><\/script>\r\n<ins class=\"adsbygoogle\"\r\n     style=\"display:block\"\r\n     data-ad-format=\"fluid\"\r\n     data-ad-layout-key=\"-6t+ed+2i-1n-4w\"\r\n     data-ad-client=\"ca-pub-1959107119989764\"\r\n     data-ad-slot=\"4008251320\"><\/ins>\r\n<script>\r\n     (adsbygoogle = window.adsbygoogle || []).push({});\r\n<\/script><\/div>\n        Ruszlan Homcsak vez\u00e9rkari f\u0151n\u00f6k ezen a tal\u00e1lkoz\u00f3n &#8211; az UNIAN helyi h\u00edr\u00fcgyn\u00f6ks\u00e9g jelent\u00e9se szerint &#8211; besz\u00e1molt arr\u00f3l, hogy n\u00e9gy ukr\u00e1n katona kedden meghalt, amikor az ellens\u00e9ges er\u0151k t\u00fczet nyitottak r\u00e1juk a v\u00e1ls\u00e1g\u00f6vezetben.<br \/>\n        Egy aknagr\u00e1n\u00e1t csap\u00f3dott abba az \u00e1ll\u00e1sba, amelynek kialak\u00edt\u00e1s\u00e1t a katon\u00e1k v\u00e9gezt\u00e9k. Az ukr\u00e1n hadsereg k\u00e9sz lett volna a v\u00e1laszcsap\u00e1sra, de &#8211; a felder\u00edt\u0151kt\u0151l kapott \u00e9rtes\u00fcl\u00e9sek szerint &#8211; addigra a t\u00e1mad\u00f3k megv\u00e1ltoztatt\u00e1k helyzet\u00fcket, \u00e9s feladt\u00e1k addigi \u00e1ll\u00e1sukat. A t\u00e9rs\u00e9gben jelenleg viszonylagos nyugalom honol.<br \/>\n    K\u00f6zben Leonyid Paszecsnyik, az \u00f6nk\u00e9nyesen kiki\u00e1ltott szakad\u00e1r luhanszki &#8222;n\u00e9pk\u00f6zt\u00e1rsas\u00e1g&#8221; vezet\u0151je szerd\u00e1n a Twitteren k\u00f6zz\u00e9tett bejegyz\u00e9s\u00e9ben megh\u00edvta Zelenszkijt k\u00f6zvetlen t\u00e1rgyal\u00e1sokra a szakad\u00e1r ellen\u0151rz\u00e9s alatti Luhanszk v\u00e1ros\u00e1ba. Hozz\u00e1tette, hogy a l\u00e1togat\u00e1s alatt garant\u00e1lja az ukr\u00e1n eln\u00f6k biztons\u00e1g\u00e1t.(MTI)<\/p>\n","protected":false},"excerpt":{"rendered":"<p>Volodimir Zelenszkij ukr\u00e1n eln\u00f6k felh\u00edvta telefonon szerd\u00e1n Vlagyimir Putyin orosz eln\u00f6k\u00f6t a Donyec-medencei v\u00e1ls\u00e1g\u00f6vezetben el\u0151z\u0151 nap meg\u00f6lt n\u00e9gy ukr\u00e1n katona \u00fcgy\u00e9ben, \u00e9s arra k\u00e9rte \u0151t, hasson a szakad\u00e1rokra, hogy ne gyilkoljanak meg ukr\u00e1n katon\u00e1kat.<\/p>\n","protected":false},"author":1,"featured_media":0,"comment_status":"closed","ping_status":"open","sticky":false,"template":"","format":"standard","meta":[],"categories":[12,139],"tags":[],"_links":{"self":[{"href":"https:\/\/gazdasagportal.hu\/index.php\/wp-json\/wp\/v2\/posts\/118549"}],"collection":[{"href":"https:\/\/gazdasagportal.hu\/index.php\/wp-json\/wp\/v2\/posts"}],"about":[{"href":"https:\/\/gazdasagportal.hu\/index.php\/wp-json\/wp\/v2\/types\/post"}],"author":[{"embeddable":true,"href":"https:\/\/gazdasagportal.hu\/index.php\/wp-json\/wp\/v2\/users\/1"}],"replies":[{"embeddable":true,"href":"https:\/\/gazdasagportal.hu\/index.php\/wp-json\/wp\/v2\/comments?post=118549"}],"version-history":[{"count":1,"href":"https:\/\/gazdasagportal.hu\/index.php\/wp-json\/wp\/v2\/posts\/118549\/revisions"}],"predecessor-version":[{"id":118550,"href":"https:\/\/gazdasagportal.hu\/index.php\/wp-json\/wp\/v2\/posts\/118549\/revisions\/118550"}],"wp:attachment":[{"href":"https:\/\/gazdasagportal.hu\/index.php\/wp-json\/wp\/v2\/media?parent=118549"}],"wp:term":[{"taxonomy":"category","embeddable":true,"href":"https:\/\/gazdasagportal.hu\/index.php\/wp-json\/wp\/v2\/categories?post=118549"},{"taxonomy":"post_tag","embeddable":true,"href":"https:\/\/gazdasagportal.hu\/index.php\/wp-json\/wp\/v2\/tags?post=118549"}],"curies":[{"name":"wp","href":"https:\/\/api.w.org\/{rel}","templated":true}]}}