{"id":118545,"date":"2019-08-08T12:42:33","date_gmt":"2019-08-08T10:42:33","guid":{"rendered":"http:\/\/gazdasagportal.hu\/?p=118545"},"modified":"2019-08-07T21:43:29","modified_gmt":"2019-08-07T19:43:29","slug":"donald-trump-targyalasok-kezdodtek-del-koreaval-a-vedelmi-koltsegekrol","status":"publish","type":"post","link":"https:\/\/gazdasagportal.hu\/index.php\/donald-trump-targyalasok-kezdodtek-del-koreaval-a-vedelmi-koltsegekrol\/","title":{"rendered":"Donald Trump: t\u00e1rgyal\u00e1sok kezd\u0151dtek D\u00e9l-Kore\u00e1val a v\u00e9delmi k\u00f6lts\u00e9gekr\u0151l"},"content":{"rendered":"<p><strong>T\u00e1rgyal\u00e1sokat kezdett az Egyes\u00fclt \u00c1llamok D\u00e9l-Kore\u00e1val a v\u00e9delmi k\u00f6lts\u00e9gekr\u0151l &#8211; k\u00f6z\u00f6lte szerd\u00e1n Twitter-\u00fczenetben Donald Trump amerikai eln\u00f6k. <\/strong><br \/>\n<div class=\"ads-in-post1\"><div id=\"gazdasagportal.hu_fullbanner_wideboard\"><\/div>\r\n<\/div>\n<p>    &#8222;Megkezd\u0151dtek a megbesz\u00e9l\u00e9sek D\u00e9l-Kore\u00e1val az Egyes\u00fclt \u00c1llamoknak fizetend\u0151 hozz\u00e1j\u00e1rul\u00e1s tov\u00e1bbi n\u00f6vel\u00e9s\u00e9r\u0151l. D\u00e9l-Korea nagyon gazdag nemzet, amely most \u00e9rzi, hogy k\u00f6teless\u00e9ge a hozz\u00e1j\u00e1rul\u00e1s az Amerikai Egyes\u00fclt \u00c1llamok \u00e1ltal biztos\u00edtott katonai v\u00e9delemhez&#8221; &#8211; fogalmazott mikroblogj\u00e1ban az amerikai eln\u00f6k.<br \/>\n    John Bolton amerikai nemzetbiztons\u00e1gi tan\u00e1csad\u00f3 egy h\u00f3nappal ezel\u0151tt tett l\u00e1togat\u00e1st D\u00e9l-Kore\u00e1ban, \u00e9s akkor bejelentette, hogy a k\u00e9t orsz\u00e1g megvitatta a v\u00e9delmi k\u00f6lts\u00e9gek &#8211; Bolton megfogalmaz\u00e1s\u00e1ban &#8211; &#8222;\u00e9sszer\u0171 \u00e9s korrekt&#8221; m\u00f3don t\u00f6rt\u00e9n\u0151 megoszt\u00e1s\u00e1t.<br \/>\n<div class=\"ads-in-post2\"><script async src=\"https:\/\/pagead2.googlesyndication.com\/pagead\/js\/adsbygoogle.js\"><\/script>\r\n<ins class=\"adsbygoogle\"\r\n     style=\"display:block\"\r\n     data-ad-format=\"fluid\"\r\n     data-ad-layout-key=\"-6t+ed+2i-1n-4w\"\r\n     data-ad-client=\"ca-pub-1959107119989764\"\r\n     data-ad-slot=\"4008251320\"><\/ins>\r\n<script>\r\n     (adsbygoogle = window.adsbygoogle || []).push({});\r\n<\/script><\/div>\n    Washington \u00e9s Sz\u00f6ul id\u00e9n febru\u00e1rban meg\u00e1llapod\u00e1st \u00edrt al\u00e1 arr\u00f3l, hogy Sz\u00f6ul 70,3 milli\u00f3 doll\u00e1rral n\u00f6velve 927 milli\u00f3 doll\u00e1rra emeli hozz\u00e1j\u00e1rul\u00e1s\u00e1t a t\u00e9rs\u00e9gben tart\u00f3zkod\u00f3 amerikai csapatok k\u00f6lts\u00e9geinek fedez\u00e9s\u00e9hez. Az egyezm\u00e9ny \u00e1tmeneti id\u0151re, egy esztend\u0151re sz\u00f3l.<br \/>\n    Amerikai elemz\u0151k megjegyzik: az eln\u00f6k Mark Esper amerikai v\u00e9delmi miniszter most kezd\u0151d\u0151 sz\u00f6uli l\u00e1togat\u00e1sa el\u0151tt tette k\u00f6zz\u00e9 bejegyz\u00e9s\u00e9t.(MTI)<\/p>\n","protected":false},"excerpt":{"rendered":"<p>T\u00e1rgyal\u00e1sokat kezdett az Egyes\u00fclt \u00c1llamok D\u00e9l-Kore\u00e1val a v\u00e9delmi k\u00f6lts\u00e9gekr\u0151l &#8211; k\u00f6z\u00f6lte szerd\u00e1n Twitter-\u00fczenetben Donald Trump amerikai eln\u00f6k. &#8222;Megkezd\u0151dtek a megbesz\u00e9l\u00e9sek D\u00e9l-Kore\u00e1val az Egyes\u00fclt \u00c1llamoknak fizetend\u0151 hozz\u00e1j\u00e1rul\u00e1s tov\u00e1bbi n\u00f6vel\u00e9s\u00e9r\u0151l. D\u00e9l-Korea nagyon gazdag nemzet, amely most \u00e9rzi, hogy k\u00f6teless\u00e9ge a hozz\u00e1j\u00e1rul\u00e1s az Amerikai Egyes\u00fclt \u00c1llamok \u00e1ltal biztos\u00edtott katonai v\u00e9delemhez&#8221; &#8211; fogalmazott mikroblogj\u00e1ban az amerikai eln\u00f6k. John Bolton &#8230;<\/p>\n","protected":false},"author":1,"featured_media":0,"comment_status":"closed","ping_status":"open","sticky":false,"template":"","format":"standard","meta":[],"categories":[13,14],"tags":[],"_links":{"self":[{"href":"https:\/\/gazdasagportal.hu\/index.php\/wp-json\/wp\/v2\/posts\/118545"}],"collection":[{"href":"https:\/\/gazdasagportal.hu\/index.php\/wp-json\/wp\/v2\/posts"}],"about":[{"href":"https:\/\/gazdasagportal.hu\/index.php\/wp-json\/wp\/v2\/types\/post"}],"author":[{"embeddable":true,"href":"https:\/\/gazdasagportal.hu\/index.php\/wp-json\/wp\/v2\/users\/1"}],"replies":[{"embeddable":true,"href":"https:\/\/gazdasagportal.hu\/index.php\/wp-json\/wp\/v2\/comments?post=118545"}],"version-history":[{"count":1,"href":"https:\/\/gazdasagportal.hu\/index.php\/wp-json\/wp\/v2\/posts\/118545\/revisions"}],"predecessor-version":[{"id":118546,"href":"https:\/\/gazdasagportal.hu\/index.php\/wp-json\/wp\/v2\/posts\/118545\/revisions\/118546"}],"wp:attachment":[{"href":"https:\/\/gazdasagportal.hu\/index.php\/wp-json\/wp\/v2\/media?parent=118545"}],"wp:term":[{"taxonomy":"category","embeddable":true,"href":"https:\/\/gazdasagportal.hu\/index.php\/wp-json\/wp\/v2\/categories?post=118545"},{"taxonomy":"post_tag","embeddable":true,"href":"https:\/\/gazdasagportal.hu\/index.php\/wp-json\/wp\/v2\/tags?post=118545"}],"curies":[{"name":"wp","href":"https:\/\/api.w.org\/{rel}","templated":true}]}}