{"id":118487,"date":"2019-08-06T12:26:14","date_gmt":"2019-08-06T10:26:14","guid":{"rendered":"http:\/\/gazdasagportal.hu\/?p=118487"},"modified":"2019-08-05T21:27:12","modified_gmt":"2019-08-05T19:27:12","slug":"ot-eve-a-legpesszimistabb-befektetoi-hangulat-uralkodik-az-euroovezetben-augusztusra-vonatkozoan","status":"publish","type":"post","link":"https:\/\/gazdasagportal.hu\/index.php\/ot-eve-a-legpesszimistabb-befektetoi-hangulat-uralkodik-az-euroovezetben-augusztusra-vonatkozoan\/","title":{"rendered":"\u00d6t \u00e9ve a legpesszimist\u00e1bb befektet\u0151i hangulat uralkodik az eur\u00f3\u00f6vezetben augusztusra vonatkoz\u00f3an"},"content":{"rendered":"<p><strong>A v\u00e1rn\u00e1l nagyobb m\u00e9rt\u00e9k\u0171 cs\u00f6kken\u00e9ssel \u00f6t \u00e9ve a legalacsonyabbra esett a befektet\u0151i hangulat az eur\u00f6vezetben a berlini Sentix gazdas\u00e1gkutat\u00f3 int\u00e9zet h\u00e9tf\u0151n publik\u00e1lt felm\u00e9r\u00e9se szerint.<\/strong><!--more--><\/p>\n<div class=\"ads-in-post1\"><div id=\"gazdasagportal.hu_fullbanner_wideboard\"><\/div>\r\n<\/div>\n<p>A Sentix mintegy 930 befektet\u0151 \u00e9s p\u00e9nz\u00fcgyi elemz\u0151 bevon\u00e1s\u00e1val havi rendszeress\u00e9ggel v\u00e9gzett felm\u00e9r\u00e9s\u00e9ben az eur\u00f3\u00f6vezeti befektet\u0151i hangulatindex augusztusra vonatkoz\u00f3an m\u00ednusz 13,7 pontra, k\u00f6zel \u00f6t \u00e9ve, 2014 okt\u00f3bere \u00f3ta a legalacsonyabbra cs\u00f6kkent az el\u0151z\u0151 havi 5,8 pontr\u00f3l.<br \/>\nElemz\u0151k k\u00f6r\u00e9ben az augusztusra v\u00e1rt \u00e9rt\u00e9k m\u00ednusz 7,0 pont volt.<br \/>\nAz index mindk\u00e9t \u00f6sszetev\u0151je, az aktu\u00e1lis helyzetet \u00e9s a kil\u00e1t\u00e1sokat t\u00fckr\u00f6z\u0151 mutat\u00f3 cs\u00f6kkent.<br \/>\n<div class=\"ads-in-post2\"><script async src=\"https:\/\/pagead2.googlesyndication.com\/pagead\/js\/adsbygoogle.js\"><\/script>\r\n<ins class=\"adsbygoogle\"\r\n     style=\"display:block\"\r\n     data-ad-format=\"fluid\"\r\n     data-ad-layout-key=\"-6t+ed+2i-1n-4w\"\r\n     data-ad-client=\"ca-pub-1959107119989764\"\r\n     data-ad-slot=\"4008251320\"><\/ins>\r\n<script>\r\n     (adsbygoogle = window.adsbygoogle || []).push({});\r\n<\/script><\/div>\nA felm\u00e9r\u00e9sbe bevont befektet\u00e9si szakembereknek az aktu\u00e1lis gazdas\u00e1gi k\u00f6rnyezetr\u0151l alkotott v\u00e9lem\u00e9ny\u00e9t sz\u00e1mszer\u0171s\u00edt\u0151 mutat\u00f3 augusztusra vonatkoz\u00f3an m\u00ednusz 7,3 pontra, 2015 janu\u00e1rja \u00f3ta a legalacsonyabbra cs\u00f6kkent az el\u0151z\u0151 havi 1,8 pontr\u00f3l.<br \/>\nA hat h\u00f3napra el\u0151re tekint\u0151 konjunktur\u00e1lis v\u00e1rakoz\u00e1sokat sz\u00e1mszer\u0171s\u00edt\u0151 mutat\u00f3 \u00e9rt\u00e9ke az el\u0151z\u0151 havi m\u00ednusz 13,0 pontr\u00f3l augusztusra vonatkoz\u00f3an m\u00ednusz 20,0 pontra cs\u00f6kkent, 2012 augusztusa \u00f3ta a legalacsonyabbra.<br \/>\n<a title=\"Hely megnyit\u00e1sa\" href=\"https:\/\/www.sentix.de\/\" target=\"_blank\" rel=\"noopener noreferrer\">https:\/\/www.sentix.de\/<\/a><\/p>\n<p>&nbsp;<br \/>\n(MTI)<\/p><div id=\"gazda-984042097\" class=\"gazda-tartalomban gazda-entity-placement\"><script async src=\"https:\/\/pagead2.googlesyndication.com\/pagead\/js\/adsbygoogle.js\"><\/script>\r\n<ins class=\"adsbygoogle\"\r\n     style=\"display:block\"\r\n     data-ad-format=\"fluid\"\r\n     data-ad-layout-key=\"-6t+ed+2i-1n-4w\"\r\n     data-ad-client=\"ca-pub-1959107119989764\"\r\n     data-ad-slot=\"4008251320\"><\/ins>\r\n<script>\r\n     (adsbygoogle = window.adsbygoogle || []).push({});\r\n<\/script><\/div>\n","protected":false},"excerpt":{"rendered":"<p>A v\u00e1rn\u00e1l nagyobb m\u00e9rt\u00e9k\u0171 cs\u00f6kken\u00e9ssel \u00f6t \u00e9ve a legalacsonyabbra esett a befektet\u0151i hangulat az eur\u00f6vezetben a berlini Sentix gazdas\u00e1gkutat\u00f3 int\u00e9zet h\u00e9tf\u0151n publik\u00e1lt felm\u00e9r\u00e9se szerint.<\/p>\n","protected":false},"author":1,"featured_media":0,"comment_status":"closed","ping_status":"open","sticky":false,"template":"","format":"standard","meta":[],"categories":[246],"tags":[],"_links":{"self":[{"href":"https:\/\/gazdasagportal.hu\/index.php\/wp-json\/wp\/v2\/posts\/118487"}],"collection":[{"href":"https:\/\/gazdasagportal.hu\/index.php\/wp-json\/wp\/v2\/posts"}],"about":[{"href":"https:\/\/gazdasagportal.hu\/index.php\/wp-json\/wp\/v2\/types\/post"}],"author":[{"embeddable":true,"href":"https:\/\/gazdasagportal.hu\/index.php\/wp-json\/wp\/v2\/users\/1"}],"replies":[{"embeddable":true,"href":"https:\/\/gazdasagportal.hu\/index.php\/wp-json\/wp\/v2\/comments?post=118487"}],"version-history":[{"count":1,"href":"https:\/\/gazdasagportal.hu\/index.php\/wp-json\/wp\/v2\/posts\/118487\/revisions"}],"predecessor-version":[{"id":118488,"href":"https:\/\/gazdasagportal.hu\/index.php\/wp-json\/wp\/v2\/posts\/118487\/revisions\/118488"}],"wp:attachment":[{"href":"https:\/\/gazdasagportal.hu\/index.php\/wp-json\/wp\/v2\/media?parent=118487"}],"wp:term":[{"taxonomy":"category","embeddable":true,"href":"https:\/\/gazdasagportal.hu\/index.php\/wp-json\/wp\/v2\/categories?post=118487"},{"taxonomy":"post_tag","embeddable":true,"href":"https:\/\/gazdasagportal.hu\/index.php\/wp-json\/wp\/v2\/tags?post=118487"}],"curies":[{"name":"wp","href":"https:\/\/api.w.org\/{rel}","templated":true}]}}