{"id":118477,"date":"2019-08-06T08:13:23","date_gmt":"2019-08-06T06:13:23","guid":{"rendered":"http:\/\/gazdasagportal.hu\/?p=118477"},"modified":"2019-08-05T21:14:55","modified_gmt":"2019-08-05T19:14:55","slug":"tovabbra-is-tobb-a-tisztazatlan-kerdes-az-est-media-korul","status":"publish","type":"post","link":"https:\/\/gazdasagportal.hu\/index.php\/tovabbra-is-tobb-a-tisztazatlan-kerdes-az-est-media-korul\/","title":{"rendered":"Tov\u00e1bbra is t\u00f6bb a tiszt\u00e1zatlan k\u00e9rd\u00e9s az Est Media k\u00f6r\u00fcl"},"content":{"rendered":"<p><strong>A T\u0151zsdei Egy\u00e9ni Befektet\u0151k \u00c9rdekv\u00e9delmi Sz\u00f6vets\u00e9g\u00e9nek (TEB\u00c9SZ) eln\u00f6ke, Di\u00f3slaki G\u00e1bor szerint az Est Media r\u00e9szv\u00e9nyeseinek jogukban \u00e1ll tudni, hogy minek alapj\u00e1n \u00e9rt\u00e9kelt\u00e9k 28,6 milli\u00e1rd forintra a megv\u00e1s\u00e1rolt Delta Systems t\u00e1rsas\u00e1got, ugyanakkor Bal\u00e1zs Csab\u00e1nak, az Est Media nagytulajdonos\u00e1nak az \u00e1ll\u00e1spontja az, hogy ez \u00fczleti titoknak min\u0151s\u00fcl &#8211; \u00edrta a Vil\u00e1ggazdas\u00e1g h\u00e9tf\u0151i sz\u00e1m\u00e1ban.<\/strong><!--more--><\/p>\n<div class=\"ads-in-post1\"><div id=\"gazdasagportal.hu_fullbanner_wideboard\"><\/div>\r\n<\/div>\n<p>    A TEB\u00c9SZ eln\u00f6ke a lapnak elmondta, hogy hivatalosan is k\u00e9rik majd a t\u00e1rsas\u00e1g menedzsmentj\u00e9t\u0151l, hogy tegy\u00e9k nyilv\u00e1noss\u00e1 a dokumentumot, vagy legal\u00e1bb a c\u00e9g\u00e9rt\u00e9kel\u00e9sre vonatkoz\u00f3 r\u00e9sz\u00e9t.<br \/>\n    Bal\u00e1zs Csaba a Vil\u00e1ggazdas\u00e1gnak nyilatkozva \u00fagy fogalmazott: &#8222;egy \u00fczletr\u00e9sz v\u00e9tel\u00e1r\u00e1t a felek a szabad bel\u00e1t\u00e1suk alapj\u00e1n \u00e1llap\u00edtj\u00e1k meg, \u00e9s nem k\u00f6tik m\u00e1sok orr\u00e1ra, hiszen \u00fczleti titoknak min\u0151s\u00fcl, amelyet m\u00e9g a r\u00e9szv\u00e9nyeseknek sem \u00e1ll m\u00f3djukban megismerni&#8221;.<br \/>\n    Szerinte a t\u00e1rsas\u00e1g egyel\u0151re nem k\u00e9sz\u00fcl arra, hogy k\u00f6telez\u0151 v\u00e9teli aj\u00e1nlatott kell majd tenni a r\u00e9szv\u00e9nyeseknek.<br \/>\n<div class=\"ads-in-post2\"><script async src=\"https:\/\/pagead2.googlesyndication.com\/pagead\/js\/adsbygoogle.js\"><\/script>\r\n<ins class=\"adsbygoogle\"\r\n     style=\"display:block\"\r\n     data-ad-format=\"fluid\"\r\n     data-ad-layout-key=\"-6t+ed+2i-1n-4w\"\r\n     data-ad-client=\"ca-pub-1959107119989764\"\r\n     data-ad-slot=\"4008251320\"><\/ins>\r\n<script>\r\n     (adsbygoogle = window.adsbygoogle || []).push({});\r\n<\/script><\/div>\n    A Vil\u00e1ggazdas\u00e1g \u00edrt arr\u00f3l is, hogy a h\u00edresztel\u00e9sek szerint a h\u00e1tt\u00e9rben jelenleg is zajlanak egyeztet\u00e9sek a 4iG-vel az Est Media \u00e9s vele egy\u00fctt a Delta Systems megszerz\u00e9s\u00e9re.<br \/>\n    A 4iG ugyanakkor arr\u00f3l t\u00e1j\u00e9koztatta a lapot, hogy nem tett \u00e9s a j\u00f6v\u0151ben sem tesz aj\u00e1nlatott a Delta Kft. vagy az Est Media t\u00e1rsas\u00e1gokra. Meger\u0151s\u00edtett\u00e9k azt is, hogy potenci\u00e1lis partnerk\u00e9nt sem sz\u00e1molnak a Delta Systemsszel.(MTI)<\/p>\n","protected":false},"excerpt":{"rendered":"<p>A T\u0151zsdei Egy\u00e9ni Befektet\u0151k \u00c9rdekv\u00e9delmi Sz\u00f6vets\u00e9g\u00e9nek (TEB\u00c9SZ) eln\u00f6ke, Di\u00f3slaki G\u00e1bor szerint az Est Media r\u00e9szv\u00e9nyeseinek jogukban \u00e1ll tudni, hogy minek alapj\u00e1n \u00e9rt\u00e9kelt\u00e9k 28,6 milli\u00e1rd forintra a megv\u00e1s\u00e1rolt Delta Systems t\u00e1rsas\u00e1got, ugyanakkor Bal\u00e1zs Csab\u00e1nak, az Est Media nagytulajdonos\u00e1nak az \u00e1ll\u00e1spontja az, hogy ez \u00fczleti titoknak min\u0151s\u00fcl &#8211; \u00edrta a Vil\u00e1ggazdas\u00e1g h\u00e9tf\u0151i sz\u00e1m\u00e1ban.<\/p>\n","protected":false},"author":1,"featured_media":0,"comment_status":"closed","ping_status":"open","sticky":false,"template":"","format":"standard","meta":[],"categories":[7],"tags":[],"_links":{"self":[{"href":"https:\/\/gazdasagportal.hu\/index.php\/wp-json\/wp\/v2\/posts\/118477"}],"collection":[{"href":"https:\/\/gazdasagportal.hu\/index.php\/wp-json\/wp\/v2\/posts"}],"about":[{"href":"https:\/\/gazdasagportal.hu\/index.php\/wp-json\/wp\/v2\/types\/post"}],"author":[{"embeddable":true,"href":"https:\/\/gazdasagportal.hu\/index.php\/wp-json\/wp\/v2\/users\/1"}],"replies":[{"embeddable":true,"href":"https:\/\/gazdasagportal.hu\/index.php\/wp-json\/wp\/v2\/comments?post=118477"}],"version-history":[{"count":1,"href":"https:\/\/gazdasagportal.hu\/index.php\/wp-json\/wp\/v2\/posts\/118477\/revisions"}],"predecessor-version":[{"id":118478,"href":"https:\/\/gazdasagportal.hu\/index.php\/wp-json\/wp\/v2\/posts\/118477\/revisions\/118478"}],"wp:attachment":[{"href":"https:\/\/gazdasagportal.hu\/index.php\/wp-json\/wp\/v2\/media?parent=118477"}],"wp:term":[{"taxonomy":"category","embeddable":true,"href":"https:\/\/gazdasagportal.hu\/index.php\/wp-json\/wp\/v2\/categories?post=118477"},{"taxonomy":"post_tag","embeddable":true,"href":"https:\/\/gazdasagportal.hu\/index.php\/wp-json\/wp\/v2\/tags?post=118477"}],"curies":[{"name":"wp","href":"https:\/\/api.w.org\/{rel}","templated":true}]}}