{"id":118465,"date":"2019-08-05T17:24:28","date_gmt":"2019-08-05T15:24:28","guid":{"rendered":"http:\/\/gazdasagportal.hu\/?p=118465"},"modified":"2019-08-04T22:25:13","modified_gmt":"2019-08-04T20:25:13","slug":"onkormanyzat-2019-az-atjelentkezok-a-tartozkodasi-helyukon-a-koltozok-mar-az-uj-lakohelyukon-szavazhatnak","status":"publish","type":"post","link":"https:\/\/gazdasagportal.hu\/index.php\/onkormanyzat-2019-az-atjelentkezok-a-tartozkodasi-helyukon-a-koltozok-mar-az-uj-lakohelyukon-szavazhatnak\/","title":{"rendered":"\u00d6nkorm\u00e1nyzat 2019 &#8211; Az \u00e1tjelentkez\u0151k a tart\u00f3zkod\u00e1si hely\u00fck\u00f6n, a k\u00f6lt\u00f6z\u0151k m\u00e1r az \u00faj lak\u00f3hely\u00fck\u00f6n szavazhatnak"},"content":{"rendered":"<p><strong>Az okt\u00f3beri \u00f6nkorm\u00e1nyzati v\u00e1laszt\u00e1son a v\u00e1laszt\u00f3polg\u00e1rok &#8211; k\u00e9r\u00e9s\u00fckre &#8211; \u00e1tjelentkez\u00e9ssel szavazhatnak a bejelentett tart\u00f3zkod\u00e1si hely\u00fck szerinti telep\u00fcl\u00e9sen is, m\u00edg azok, akik elk\u00f6lt\u00f6znek m\u00e9g a v\u00e1laszt\u00e1s el\u0151tt, m\u00e1r csak az \u00faj lak\u00f3hely\u00fck jel\u00f6ltjeire voksolhatnak.  <\/strong><!--more--><\/p>\n<div class=\"ads-in-post1\"><div id=\"gazdasagportal.hu_fullbanner_wideboard\"><\/div>\r\n<\/div>\n<p>    Ha valaki a helyi \u00f6nkorm\u00e1nyzati k\u00e9pvisel\u0151k \u00e9s polg\u00e1rmesterek okt\u00f3ber 13-i v\u00e1laszt\u00e1s\u00e1n nem tart\u00f3zkodik a lak\u00f3hely\u00e9n (kor\u00e1bbi elnevez\u00e9ssel \u00e1lland\u00f3 lakc\u00edm\u00e9n), az szavazhat a tart\u00f3zkod\u00e1si helye (kor\u00e1bbi elnevez\u00e9s szerint ideiglenes lakhelye) szerinti jel\u00f6ltekre is, ha ezt kezdem\u00e9nyezi. Ezzel a lehet\u0151s\u00e9ggel azonban csak akkor \u00e9lhet a v\u00e1laszt\u00f3polg\u00e1r, ha a tart\u00f3zkod\u00e1si hely\u00e9t a v\u00e1laszt\u00e1s kit\u0171z\u00e9se el\u0151tt legal\u00e1bb egy h\u00f3nappal, azaz j\u00fanius 26-\u00e1ig l\u00e9tes\u00edtette, \u00e9s a v\u00e1laszt\u00e1s napj\u00e1ig azt nem sz\u00fcnteti meg.<br \/>\n<div class=\"ads-in-post2\"><script async src=\"https:\/\/pagead2.googlesyndication.com\/pagead\/js\/adsbygoogle.js\"><\/script>\r\n<ins class=\"adsbygoogle\"\r\n     style=\"display:block\"\r\n     data-ad-format=\"fluid\"\r\n     data-ad-layout-key=\"-6t+ed+2i-1n-4w\"\r\n     data-ad-client=\"ca-pub-1959107119989764\"\r\n     data-ad-slot=\"4008251320\"><\/ins>\r\n<script>\r\n     (adsbygoogle = window.adsbygoogle || []).push({});\r\n<\/script><\/div>\n    A v\u00e1laszt\u00f3polg\u00e1rnak a lak\u00f3helye szerinti telep\u00fcl\u00e9s jegyz\u0151j\u00e9t\u0151l kell k\u00e9rnie, hogy v\u00e1laszt\u00f3jog\u00e1t a tart\u00f3zkod\u00e1si helye szerinti telep\u00fcl\u00e9sen gyakorolhassa. A k\u00e9relmet augusztus 8-t\u00f3l okt\u00f3ber 9-\u00e9n 16 \u00f3r\u00e1ig lehet beny\u00fajtani.<br \/>\n    Ha azonban a v\u00e1laszt\u00f3polg\u00e1r elk\u00f6lt\u00f6zik, \u00e9s egy m\u00e1sik telep\u00fcl\u00e9sen l\u00e9tes\u00edt lak\u00f3helyet, \u00fagy automatikusan felker\u00fcl az &#8222;\u00faj&#8221; telep\u00fcl\u00e9s n\u00e9vjegyz\u00e9k\u00e9be, f\u00fcggetlen\u00fcl att\u00f3l, hogy lak\u00f3hely\u00e9t a v\u00e1laszt\u00e1s kit\u0171z\u00e9s\u00e9t k\u00f6vet\u0151en l\u00e9tes\u00edtette. Ebben az esetben nem kell k\u00e9relmet beny\u00fajtani \u00e9s nem vonatkozik a szavaz\u00f3ra az egy h\u00f3napos korl\u00e1toz\u00e1s.(MTI)<\/p>\n","protected":false},"excerpt":{"rendered":"<p>Az okt\u00f3beri \u00f6nkorm\u00e1nyzati v\u00e1laszt\u00e1son a v\u00e1laszt\u00f3polg\u00e1rok &#8211; k\u00e9r\u00e9s\u00fckre &#8211; \u00e1tjelentkez\u00e9ssel szavazhatnak a bejelentett tart\u00f3zkod\u00e1si hely\u00fck szerinti telep\u00fcl\u00e9sen is, m\u00edg azok, akik elk\u00f6lt\u00f6znek m\u00e9g a v\u00e1laszt\u00e1s el\u0151tt, m\u00e1r csak az \u00faj lak\u00f3hely\u00fck jel\u00f6ltjeire voksolhatnak.<\/p>\n","protected":false},"author":1,"featured_media":0,"comment_status":"closed","ping_status":"open","sticky":false,"template":"","format":"standard","meta":[],"categories":[4],"tags":[],"_links":{"self":[{"href":"https:\/\/gazdasagportal.hu\/index.php\/wp-json\/wp\/v2\/posts\/118465"}],"collection":[{"href":"https:\/\/gazdasagportal.hu\/index.php\/wp-json\/wp\/v2\/posts"}],"about":[{"href":"https:\/\/gazdasagportal.hu\/index.php\/wp-json\/wp\/v2\/types\/post"}],"author":[{"embeddable":true,"href":"https:\/\/gazdasagportal.hu\/index.php\/wp-json\/wp\/v2\/users\/1"}],"replies":[{"embeddable":true,"href":"https:\/\/gazdasagportal.hu\/index.php\/wp-json\/wp\/v2\/comments?post=118465"}],"version-history":[{"count":1,"href":"https:\/\/gazdasagportal.hu\/index.php\/wp-json\/wp\/v2\/posts\/118465\/revisions"}],"predecessor-version":[{"id":118466,"href":"https:\/\/gazdasagportal.hu\/index.php\/wp-json\/wp\/v2\/posts\/118465\/revisions\/118466"}],"wp:attachment":[{"href":"https:\/\/gazdasagportal.hu\/index.php\/wp-json\/wp\/v2\/media?parent=118465"}],"wp:term":[{"taxonomy":"category","embeddable":true,"href":"https:\/\/gazdasagportal.hu\/index.php\/wp-json\/wp\/v2\/categories?post=118465"},{"taxonomy":"post_tag","embeddable":true,"href":"https:\/\/gazdasagportal.hu\/index.php\/wp-json\/wp\/v2\/tags?post=118465"}],"curies":[{"name":"wp","href":"https:\/\/api.w.org\/{rel}","templated":true}]}}