{"id":11843,"date":"2013-07-18T16:38:58","date_gmt":"2013-07-18T14:38:58","guid":{"rendered":"http:\/\/stockportal.hu\/?p=11843"},"modified":"2013-07-18T16:38:58","modified_gmt":"2013-07-18T14:38:58","slug":"londoni-elemzok-tuljuthatott-a-nehezen-a-magyar-gazdasag","status":"publish","type":"post","link":"https:\/\/gazdasagportal.hu\/index.php\/londoni-elemzok-tuljuthatott-a-nehezen-a-magyar-gazdasag\/","title":{"rendered":"Londoni elemz\u0151k: t\u00faljuthatott a nehez\u00e9n a magyar gazdas\u00e1g"},"content":{"rendered":"<p><strong>T\u00faljuthatott a legnehezebb id\u0151szakon a magyar gazdas\u00e1g, \u00e9s val\u00f3sz\u00edn\u0171, hogy a m\u00e1sodik negyed\u00e9vben m\u00e1r \u00e9ves \u00f6sszevet\u00e9s\u0171 n\u00f6veked\u00e9st produk\u00e1lt &#8211; j\u00f3solt\u00e1k cs\u00fct\u00f6rt\u00f6ki progn\u00f3zisukban londoni p\u00e9nz\u00fcgyi elemz\u0151k.<!--more--><\/strong><\/p>\n<p>Az egyik legnagyobb citybeli p\u00e9nz\u00fcgyi-gazdas\u00e1gi elemz\u0151h\u00e1z, a Capital Economics felz\u00e1rk\u00f3z\u00f3 piacokra szakosodott elemz\u0151st\u00e1bja a magyar gazdas\u00e1gr\u00f3l \u00f6ssze\u00e1ll\u00edtott \u00e1tfog\u00f3 helyzet\u00e9rt\u00e9kel\u00e9s\u00e9ben hangs\u00falyozta ugyanakkor azt a v\u00e9lem\u00e9ny\u00e9t is, hogy az alapmutat\u00f3k javul\u00e1sa r\u00e9szben olyan korm\u00e1nyzati int\u00e9zked\u00e9sek &#8211; p\u00e9ld\u00e1ul ad hoc jelleg\u0171 ad\u00f3kivet\u00e9sek \u00e9s hat\u00f3s\u00e1gilag elrendelt h\u00e1ztart\u00e1si energia-\u00e1rcs\u00f6kkent\u00e9sek &#8211; eredm\u00e9nye, amelyek k\u00e1ros\u00edtott\u00e1k az \u00fczleti k\u00f6rnyezetet.<br \/>\nA h\u00e1z londoni elemz\u0151i mindazon\u00e1ltal k\u00f6z\u00f6lt\u00e9k: az \u00e1ltaluk haszn\u00e1lt n\u00f6veked\u00e9sk\u00f6vet\u0151 m\u00e9r\u00e9si modell &#8211; GDP tracker &#8211; azt jelzi, hogy a magyar gazdas\u00e1g teljes\u00edtm\u00e9nye az idei m\u00e1sodik negyed\u00e9vben, \u00e9ves \u00f6sszevet\u00e9sben 0,3 sz\u00e1zal\u00e9k k\u00f6r\u00fcli \u00fctemben n\u00f6vekedhetett. Ez 2011 utols\u00f3 negyed\u00e9ve \u00f3ta a leggyorsabb \u00e9ves n\u00f6veked\u00e9s lenne &#8211; hangs\u00falyozt\u00e1k a Capital Economics szak\u00e9rt\u0151i.<br \/>\nA h\u00e1z elemz\u0151i szerint a legut\u00f3bbi er\u0151s aktivit\u00e1si adatok arra vallanak, hogy a magyar gazdas\u00e1g idei eg\u00e9sz \u00e9ves n\u00f6veked\u00e9si teljes\u00edtm\u00e9nye is jobb lehet a Capital Economics \u00e1ltal j\u00f3soltn\u00e1l. A c\u00e9g jelenleg \u00e9rv\u00e9nyes el\u0151rejelz\u00e9se az, hogy a magyar GDP-\u00e9rt\u00e9k 2013 eg\u00e9sz\u00e9ben 0,5 sz\u00e1zal\u00e9kkal visszaesik.<br \/>\nCs\u00fct\u00f6rt\u00f6ki elemz\u00e9s\u00fckben a h\u00e1z k\u00f6zgazd\u00e1szai k\u00f6z\u00f6lt\u00e9k, hogy ezt a progn\u00f3zisukat a m\u00e1sodik negyed\u00e9vi GDP-adatok augusztusi ismertet\u00e9se ut\u00e1n megvizsg\u00e1lj\u00e1k.<br \/>\nAz idei eg\u00e9sz \u00e9ves magyar recesszi\u00f3s el\u0151rejelz\u00e9ssel a Capital Economics m\u00e9lyen a londoni konszenzus alatt j\u00e1r; a citybeli t\u00f6bbs\u00e9gi elemz\u0151i v\u00e9lem\u00e9ny az, hogy Magyarorsz\u00e1gon az id\u00e9n n\u00f6veked\u00e9s v\u00e1rhat\u00f3.<br \/>\nA JP Morgan glob\u00e1lis p\u00e9nz\u00fcgyi szolg\u00e1ltat\u00f3 csoport londoni befektet\u00e9si r\u00e9szleg\u00e9nek felz\u00e1rk\u00f3z\u00f3 piacokra szakosodott k\u00f6zgazd\u00e1szai, akik a minap t\u00e1j\u00e9koz\u00f3d\u00f3 l\u00e1togat\u00e1st tettek Budapesten, t\u00e1rgyal\u00e1saikr\u00f3l \u00f6ssze\u00e1ll\u00edtott, e h\u00e9ten Londonban ismertetett besz\u00e1mol\u00f3jukban\u00a0\u00a0k\u00f6z\u00f6lt\u00e9k: a magyar gazdas\u00e1g idei teljes\u00edtm\u00e9ny\u00e9re adott konszenzusos el\u0151rejelz\u00e9si \u00e1tlag jelenleg 0,3 sz\u00e1zal\u00e9kos eg\u00e9sz \u00e9vi n\u00f6veked\u00e9st val\u00f3sz\u00edn\u0171s\u00edt. A m\u00e1rciusi konszenzusos \u00e1tlag m\u00e9g 0,1 sz\u00e1zal\u00e9kos visszaes\u00e9st prognosztiz\u00e1lt. A konszenzus javul\u00e1s\u00e1nak el\u0151zm\u00e9nye a h\u00e1z szerint a v\u00e1rtn\u00e1l gyorsabb idei els\u0151 negyed\u00e9vi n\u00f6veked\u00e9s.<br \/>\nA JP Morgan szak\u00e9rt\u0151i meger\u0151s\u00edtett\u00e9k, hogy a maguk r\u00e9sz\u00e9r\u0151l 0,5 sz\u00e1zal\u00e9kos idei eg\u00e9sz \u00e9ves GDP-n\u00f6veked\u00e9st v\u00e1rnak a magyar gazdas\u00e1gban.<br \/>\nA Capital Economics k\u00f6zgazd\u00e1szai cs\u00fct\u00f6rt\u00f6ki elemz\u00e9s\u00fckben k\u00f6z\u00f6lt\u00e9k: saj\u00e1t sz\u00e1m\u00edt\u00e1saik szerint a k\u00f6zm\u0171d\u00edjak janu\u00e1rt\u00f3l \u00e9rv\u00e9nyes\u00edtett 10 sz\u00e1zal\u00e9kos\u00a0\u00a0cs\u00f6kkent\u00e9s\u00e9nek hat\u00e1sa a h\u00e1ztart\u00e1soknak ny\u00fajtott 0,4 sz\u00e1zal\u00e9kos GDP-ar\u00e1nyos \u00e1rt\u00e1mogat\u00e1ssal egyenl\u0151, csak ezt a helyi szolg\u00e1ltat\u00f3 c\u00e9gek fizetik, nem a korm\u00e1ny. Ezek az int\u00e9zked\u00e9sek hoznak ugyan r\u00f6vid t\u00e1v\u00fa el\u0151ny\u00f6ket, \u00e1m a magyar gazdas\u00e1gpolitikai d\u00f6nt\u00e9shozatalt er\u0151sen kisz\u00e1m\u00edthatatlann\u00e1 teszik, \u00e9s \u00edgy k\u00e1ros\u00edtj\u00e1k az \u00fczleti k\u00f6rnyezetet. A jelek szerint ez is a beruh\u00e1z\u00e1sok folyamatos cs\u00f6kken\u00e9s\u00e9nek t\u00e9nyez\u0151i k\u00f6z\u00f6tt van &#8211; \u00e1ll a Capital Economics cs\u00fct\u00f6rt\u00f6ki elemz\u00e9s\u00e9ben.<br \/>\nA c\u00e9g londoni szak\u00e9rt\u0151i szerint a GDP-\u00e9rt\u00e9khez m\u00e9rt beruh\u00e1z\u00e1si r\u00e1ta legal\u00e1bb 1996 \u00f3ta nem volt olyan alacsony a magyar gazdas\u00e1gban, mint most.<br \/>\nA h\u00e1z elemz\u0151i kiemelt\u00e9k azt is, hogy sz\u00e1m\u00edt\u00e1saik szerint az idei els\u0151 f\u00e9l\u00e9vi \u00e1llamh\u00e1ztart\u00e1si hi\u00e1ny 40 sz\u00e1zal\u00e9kkal volt magasabb a tavalyi azonos id\u0151szakban m\u00e9rt deficitn\u00e9l. A Capital Economics elemz\u00e9se szerint ez az els\u0151 jele lehet annak, hogy a magyar gazdas\u00e1gban az elm\u00falt negyed\u00e9vben tapasztalt n\u00f6veked\u00e9si fordulat a k\u00f6lts\u00e9gvet\u00e9si szigor laz\u00edt\u00e1s\u00e1nak eredm\u00e9nye volt.<br \/>\nA c\u00e9g londoni elemz\u0151i k\u00f6z\u00f6lt\u00e9k: v\u00e1rakoz\u00e1suk szerint a GDP-ar\u00e1nyos \u00e1llamh\u00e1ztart\u00e1si hi\u00e1ny az id\u00e9n 3 sz\u00e1zal\u00e9k k\u00f6rny\u00e9k\u00e9re, j\u00f6v\u0151re 4 sz\u00e1zal\u00e9kra n\u0151het.<br \/>\nA Capital Ecomomics szak\u00e9rt\u0151i hangs\u00falyozt\u00e1k azt a v\u00e9lem\u00e9ny\u00fcket is, hogy ilyen m\u00e9rt\u00e9k\u0171 deficitek mellett sem indulna n\u00f6veked\u00e9snek az \u00e1llamad\u00f3ss\u00e1g-r\u00e1ta. Felt\u00e9telezve, hogy a korm\u00e1ny nem kezd nagyszab\u00e1s\u00fa k\u00f6ltekez\u00e9sbe a v\u00e1laszt\u00e1sok k\u00f6zeledt\u00e9vel, val\u00f3sz\u00edn\u0171tlen, hogy ez az \u00e1llamad\u00f3ss\u00e1g-mutat\u00f3 ism\u00e9t emelkedni kezdene &#8211; \u00e1ll a c\u00e9g cs\u00fct\u00f6rt\u00f6ki elemz\u00e9s\u00e9ben.<br \/>\nBudapesti t\u00e1rgyal\u00e1saikr\u00f3l \u00f6ssze\u00e1ll\u00edtott besz\u00e1mol\u00f3jukban a JP Morgan londoni elemz\u0151i is azt j\u00f3solt\u00e1k, hogy a korm\u00e1ny v\u00e1rhat\u00f3an korl\u00e1tok k\u00f6z\u00f6tt tartja a k\u00f6zfinansz\u00edroz\u00e1st, annak ellen\u00e9re is, hogy az EU megsz\u00fcntette a Magyarorsz\u00e1ggal szembeni t\u00falzottdeficit-elj\u00e1r\u00e1st. M\u00e1lta p\u00e9ld\u00e1ja mutatja ugyanis, hogy ezt az elj\u00e1r\u00e1st ak\u00e1r hat h\u00f3nap ut\u00e1n \u00fajra lehet kezdeni, \u00e9s ez val\u00f3sz\u00edn\u0171leg az \u00e1llamh\u00e1ztart\u00e1si hi\u00e1ny ellen\u0151rz\u00e9s alatt tart\u00e1s\u00e1ra \u00f6szt\u00f6nzi a magyar korm\u00e1nyt &#8211; \u00e1ll a JP Morgan elemz\u00e9s\u00e9ben.(MTI)<\/p>\n","protected":false},"excerpt":{"rendered":"<p>T\u00faljuthatott a legnehezebb id\u0151szakon a magyar gazdas\u00e1g, \u00e9s val\u00f3sz\u00edn\u0171, hogy a m\u00e1sodik negyed\u00e9vben m\u00e1r \u00e9ves \u00f6sszevet\u00e9s\u0171 n\u00f6veked\u00e9st produk\u00e1lt &#8211; j\u00f3solt\u00e1k cs\u00fct\u00f6rt\u00f6ki progn\u00f3zisukban londoni p\u00e9nz\u00fcgyi elemz\u0151k.<\/p>\n","protected":false},"author":1,"featured_media":0,"comment_status":"open","ping_status":"closed","sticky":false,"template":"","format":"standard","meta":[],"categories":[19],"tags":[],"_links":{"self":[{"href":"https:\/\/gazdasagportal.hu\/index.php\/wp-json\/wp\/v2\/posts\/11843"}],"collection":[{"href":"https:\/\/gazdasagportal.hu\/index.php\/wp-json\/wp\/v2\/posts"}],"about":[{"href":"https:\/\/gazdasagportal.hu\/index.php\/wp-json\/wp\/v2\/types\/post"}],"author":[{"embeddable":true,"href":"https:\/\/gazdasagportal.hu\/index.php\/wp-json\/wp\/v2\/users\/1"}],"replies":[{"embeddable":true,"href":"https:\/\/gazdasagportal.hu\/index.php\/wp-json\/wp\/v2\/comments?post=11843"}],"version-history":[{"count":1,"href":"https:\/\/gazdasagportal.hu\/index.php\/wp-json\/wp\/v2\/posts\/11843\/revisions"}],"predecessor-version":[{"id":11844,"href":"https:\/\/gazdasagportal.hu\/index.php\/wp-json\/wp\/v2\/posts\/11843\/revisions\/11844"}],"wp:attachment":[{"href":"https:\/\/gazdasagportal.hu\/index.php\/wp-json\/wp\/v2\/media?parent=11843"}],"wp:term":[{"taxonomy":"category","embeddable":true,"href":"https:\/\/gazdasagportal.hu\/index.php\/wp-json\/wp\/v2\/categories?post=11843"},{"taxonomy":"post_tag","embeddable":true,"href":"https:\/\/gazdasagportal.hu\/index.php\/wp-json\/wp\/v2\/tags?post=11843"}],"curies":[{"name":"wp","href":"https:\/\/api.w.org\/{rel}","templated":true}]}}