{"id":118412,"date":"2019-08-03T10:33:51","date_gmt":"2019-08-03T08:33:51","guid":{"rendered":"http:\/\/gazdasagportal.hu\/?p=118412"},"modified":"2019-08-03T09:34:42","modified_gmt":"2019-08-03T07:34:42","slug":"a-wizz-air-kilatasba-helyezte-a-malev-ground-handlinggel-kotott-szerzodese-felmondasat","status":"publish","type":"post","link":"https:\/\/gazdasagportal.hu\/index.php\/a-wizz-air-kilatasba-helyezte-a-malev-ground-handlinggel-kotott-szerzodese-felmondasat\/","title":{"rendered":"A Wizz Air kil\u00e1t\u00e1sba helyezte a Mal\u00e9v Ground Handlinggel k\u00f6t\u00f6tt szerz\u0151d\u00e9se felmond\u00e1s\u00e1t"},"content":{"rendered":"<p><strong>Kil\u00e1t\u00e1sba helyezte a magyar k\u00f6t\u0151d\u00e9s\u0171 Wizz Air diszkont l\u00e9git\u00e1rsas\u00e1g a j\u00e1ratok f\u00f6ldi kiszolg\u00e1l\u00e1s\u00e1ra k\u00f6t\u00f6tt szerz\u0151d\u00e9s\u00e9nek felmond\u00e1s\u00e1t a Mal\u00e9v Ground Handlinggel &#8211; der\u00fcl ki a l\u00e9git\u00e1rsas\u00e1g p\u00e9nteki, MTI-hez eljuttatott k\u00f6zlem\u00e9ny\u00e9b\u0151l.<\/strong><!--more--><\/p>\n<div class=\"ads-in-post1\"><div id=\"gazdasagportal.hu_fullbanner_wideboard\"><\/div>\r\n<\/div>\n<p>    Diederik Pen, a Wizz Air \u00fcgyvezet\u0151 aleln\u00f6ke \u00e9s \u00fczemeltet\u00e9si igazgat\u00f3ja a Mal\u00e9v Ground Handling elj\u00e1r\u00e1s\u00e1val kapcsolatos fogyaszt\u00f3v\u00e9delmi vizsg\u00e1lattal kapcsolatban k\u00f6zlem\u00e9ny\u00e9ben lesz\u00f6gezte: jelenlegi m\u0171k\u00f6d\u00e9s\u00e9vel a Mal\u00e9v Ground Handling megs\u00e9rti jogi k\u00f6telezetts\u00e9geit, amikor a kihirdetettn\u00e9l magasabb \u00e1rat sz\u00e1m\u00edt fel az utasoknak, illetve a Wizz Air k\u00edn\u00e1lat\u00e1ban nem szerepl\u0151 szolg\u00e1ltat\u00e1sokat \u00e9rt\u00e9kes\u00edt sz\u00e1mukra. &#8222;A helyzet megold\u00e1s\u00e1nak \u00e9rdek\u00e9ben minden lehet\u0151s\u00e9get megvizsg\u00e1lunk, bele\u00e9rtve a szerz\u0151d\u00e9s felmond\u00e1s\u00e1t is&#8221; &#8211; olvashat\u00f3 a k\u00f6zlem\u00e9nyben.<br \/>\n<div class=\"ads-in-post2\"><script async src=\"https:\/\/pagead2.googlesyndication.com\/pagead\/js\/adsbygoogle.js\"><\/script>\r\n<ins class=\"adsbygoogle\"\r\n     style=\"display:block\"\r\n     data-ad-format=\"fluid\"\r\n     data-ad-layout-key=\"-6t+ed+2i-1n-4w\"\r\n     data-ad-client=\"ca-pub-1959107119989764\"\r\n     data-ad-slot=\"4008251320\"><\/ins>\r\n<script>\r\n     (adsbygoogle = window.adsbygoogle || []).push({});\r\n<\/script><\/div>\n    K\u00f6z\u00f6lte tov\u00e1bb\u00e1: a Wizz Air szigor\u00fa k\u00f6vetelm\u00e9nyeket szab az utaskezel\u00e9s ter\u00fclet\u00e9n, \u00e9s elv\u00e1rja, hogy kiterjedt h\u00e1l\u00f3zat\u00e1n bel\u00fcl minden partnere eleget tegyen ezeknek. Ha b\u00e1rmely partner\u00fck megszegi k\u00f6telezetts\u00e9geit, \u00e9s f\u00e9lrevezeti a Wizz Air utasait, akkor alapos vizsg\u00e1lattal, illetve sz\u00fcks\u00e9g eset\u00e9n jogi l\u00e9p\u00e9sekkel kell szemben\u00e9znie &#8211; olvashat\u00f3 a vezet\u0151 \u00e1ltal al\u00e1\u00edrt k\u00f6zlem\u00e9nyben.<br \/>\n    Az Innov\u00e1ci\u00f3s \u00e9s Technol\u00f3giai Miniszt\u00e9rium kedden tudatta az MTI-vel, hogy Kara \u00c1kos infokommunik\u00e1ci\u00f3\u00e9rt \u00e9s fogyaszt\u00f3v\u00e9delem\u00e9rt felel\u0151s \u00e1llamtitk\u00e1r fogyaszt\u00f3v\u00e9delmi elj\u00e1r\u00e1st kezdem\u00e9nyezett a Mal\u00e9v Ground Handlinggel szemben, mert sajt\u00f3h\u00edrek szerint a f\u00f6ldi kiszolg\u00e1l\u00f3 a rep\u00fcl\u0151t\u00e9ri szolg\u00e1ltat\u00e1sokat  &#8211; p\u00e9ld\u00e1ul a rep\u00fcl\u0151t\u00e9ri utasfelv\u00e9telt &#8211; az el\u0151zetes t\u00e1j\u00e9koztat\u00e1sban szerepl\u0151n\u00e9l magasabb \u00e1ron \u00e9rt\u00e9kes\u00edti az utasoknak.(MTI) <\/p>\n","protected":false},"excerpt":{"rendered":"<p>Kil\u00e1t\u00e1sba helyezte a magyar k\u00f6t\u0151d\u00e9s\u0171 Wizz Air diszkont l\u00e9git\u00e1rsas\u00e1g a j\u00e1ratok f\u00f6ldi kiszolg\u00e1l\u00e1s\u00e1ra k\u00f6t\u00f6tt szerz\u0151d\u00e9s\u00e9nek felmond\u00e1s\u00e1t a Mal\u00e9v Ground Handlinggel &#8211; der\u00fcl ki a l\u00e9git\u00e1rsas\u00e1g p\u00e9nteki, MTI-hez eljuttatott k\u00f6zlem\u00e9ny\u00e9b\u0151l.<\/p>\n","protected":false},"author":1001003,"featured_media":0,"comment_status":"closed","ping_status":"open","sticky":false,"template":"","format":"standard","meta":[],"categories":[19],"tags":[],"_links":{"self":[{"href":"https:\/\/gazdasagportal.hu\/index.php\/wp-json\/wp\/v2\/posts\/118412"}],"collection":[{"href":"https:\/\/gazdasagportal.hu\/index.php\/wp-json\/wp\/v2\/posts"}],"about":[{"href":"https:\/\/gazdasagportal.hu\/index.php\/wp-json\/wp\/v2\/types\/post"}],"author":[{"embeddable":true,"href":"https:\/\/gazdasagportal.hu\/index.php\/wp-json\/wp\/v2\/users\/1001003"}],"replies":[{"embeddable":true,"href":"https:\/\/gazdasagportal.hu\/index.php\/wp-json\/wp\/v2\/comments?post=118412"}],"version-history":[{"count":1,"href":"https:\/\/gazdasagportal.hu\/index.php\/wp-json\/wp\/v2\/posts\/118412\/revisions"}],"predecessor-version":[{"id":118413,"href":"https:\/\/gazdasagportal.hu\/index.php\/wp-json\/wp\/v2\/posts\/118412\/revisions\/118413"}],"wp:attachment":[{"href":"https:\/\/gazdasagportal.hu\/index.php\/wp-json\/wp\/v2\/media?parent=118412"}],"wp:term":[{"taxonomy":"category","embeddable":true,"href":"https:\/\/gazdasagportal.hu\/index.php\/wp-json\/wp\/v2\/categories?post=118412"},{"taxonomy":"post_tag","embeddable":true,"href":"https:\/\/gazdasagportal.hu\/index.php\/wp-json\/wp\/v2\/tags?post=118412"}],"curies":[{"name":"wp","href":"https:\/\/api.w.org\/{rel}","templated":true}]}}