{"id":118406,"date":"2019-08-02T16:51:17","date_gmt":"2019-08-02T14:51:17","guid":{"rendered":"http:\/\/gazdasagportal.hu\/?p=118406"},"modified":"2019-08-02T16:51:17","modified_gmt":"2019-08-02T14:51:17","slug":"paksi-atomeromu-nem-jelent-biztonsagi-kockazatot-a-duna-vizhomerseklete-az-atomeromuben","status":"publish","type":"post","link":"https:\/\/gazdasagportal.hu\/index.php\/paksi-atomeromu-nem-jelent-biztonsagi-kockazatot-a-duna-vizhomerseklete-az-atomeromuben\/","title":{"rendered":"Paksi Atomer\u0151m\u0171: nem jelent biztons\u00e1gi kock\u00e1zatot a Duna v\u00edzh\u0151m\u00e9rs\u00e9klete az atomer\u0151m\u0171ben"},"content":{"rendered":"<p><strong>Nem jelent biztons\u00e1gi kock\u00e1zatot a Duna meleged\u00e9se az atomer\u0151m\u0171 m\u0171k\u00f6d\u00e9s\u00e9ben, a v\u00edzh\u0151m\u00e9rs\u00e9klet ugyanis a m\u00e9r\u00e9si eredm\u00e9nyek szerint nem \u00e9rte el azt a szintet, amelyn\u00e9l a termel\u00e9st cs\u00f6kkenteni kellene, jelenleg 24,2 Celsius-fok  &#8211; k\u00f6z\u00f6lte az MVM Paksi Atomer\u0151m\u0171 Zrt. p\u00e9nteken az MTI \u00e9rdekl\u0151d\u00e9s\u00e9re.<\/strong><!--more--><\/p>\n<div class=\"ads-in-post1\"><div id=\"gazdasagportal.hu_fullbanner_wideboard\"><\/div>\r\n<\/div>\n<p>    Hangs\u00falyozz\u00e1k, az atomer\u0151m\u0171 m\u00e1r a jogszab\u00e1lyokban \u00e9s a nemzetk\u00f6zi sztenderdekben meghat\u00e1rozott h\u0151m\u00e9rs\u00e9kleti k\u00fcsz\u00f6b (25 Celsius-fok) alatt, 23 Celsius-fokos v\u00edzh\u0151m\u00e9rs\u00e9kletn\u00e9l megkezdte a folyamatos m\u00e9r\u00e9seket a Duna \u00e9rintett r\u00e9sz\u00e9n.<br \/>\n    Az atomer\u0151m\u0171 \u00e1ltal monitorozott, 500 m\u00e9teres Duna-szakasz h\u0151m\u00e9rs\u00e9klet\u00e9nek m\u00e9r\u00e9se a hat\u00f3s\u00e1g \u00e1ltal j\u00f3v\u00e1hagyott, a Budapesti M\u0171szaki \u00e9s Gazdas\u00e1gtudom\u00e1nyi Egyetem \u00e1ltal kidolgozott m\u00f3dszertan alapj\u00e1n zajlik, transzparens, b\u00e1rki \u00e1ltal megtekinthet\u0151 m\u00f3don, az adatok teljes nyilv\u00e1noss\u00e1ga mellett. A nemzetk\u00f6zi sztenderdeken alapul\u00f3 biztons\u00e1gi el\u0151\u00edr\u00e1sok meghat\u00e1rozz\u00e1k, hogy amennyiben ezen a szakaszon bel\u00fcl a v\u00edz h\u0151m\u00e9rs\u00e9klete el\u00e9ri a 30 Celsius-fokot, milyen m\u00e9rt\u00e9kben kell visszaterhelni az atomer\u0151m\u0171 villamosenergia-termel\u00e9s\u00e9t &#8211; \u00edrt\u00e1k<br \/>\n<div class=\"ads-in-post2\"><script async src=\"https:\/\/pagead2.googlesyndication.com\/pagead\/js\/adsbygoogle.js\"><\/script>\r\n<ins class=\"adsbygoogle\"\r\n     style=\"display:block\"\r\n     data-ad-format=\"fluid\"\r\n     data-ad-layout-key=\"-6t+ed+2i-1n-4w\"\r\n     data-ad-client=\"ca-pub-1959107119989764\"\r\n     data-ad-slot=\"4008251320\"><\/ins>\r\n<script>\r\n     (adsbygoogle = window.adsbygoogle || []).push({});\r\n<\/script><\/div>\n    Az atomer\u0151m\u0171 h\u0171t\u00e9se m\u00e1sodpercenk\u00e9nt 100 k\u00f6bm\u00e9ter v\u00edz kiv\u00e9tel\u00e9t ig\u00e9nyli a foly\u00f3b\u00f3l, ez a valaha m\u00e9rt legalacsonyabb v\u00edz\u00e1ll\u00e1sn\u00e1l (900 k\u00f6bm\u00e9ter m\u00e1sodpercenk\u00e9nt) is csup\u00e1n alig t\u00edz sz\u00e1zal\u00e9k feletti m\u00e9rt\u00e9ket jelentett, a mostani, k\u00f6zepes v\u00edz\u00e1ll\u00e1sn\u00e1l (2200 k\u00f6bm\u00e9ter m\u00e1sodpercenk\u00e9nt) pedig kevesebb, mint 5 sz\u00e1zal\u00e9kot. A Paksi Atomer\u0151m\u0171 h\u0171t\u00e9s\u00e9nek mindezek alapj\u00e1n semmilyen negat\u00edv hat\u00e1sa nincs \u00e9s nem is lehet a k\u00f6rnyezetre, illetve ezen bel\u00fcl az \u00e9l\u0151vil\u00e1gra. Harminc Celsius-fok feletti v\u00edzh\u0151m\u00e9rs\u00e9klet term\u00e9szetes m\u00f3don, pang\u00f3 vizekben, alacsonyabb \u00e1raml\u00e1s\u00fa foly\u00f3r\u00e9szeken is kialakulhat id\u0151szakosan.<br \/>\n    Megjegyezt\u00e9k, az atomer\u0151m\u0171 villamosenergia-termel\u00e9s\u00e9nek, vagyis az \u00fagynevezett g\u0151z k\u00f6rfolyamatnak a hat\u00e1sfoka f\u00fcgg att\u00f3l, hogy a folyamat v\u00e9g\u00e9n milyen h\u0151m\u00e9rs\u00e9klet\u0171 v\u00edz \u00e1ll rendelkez\u00e9sre a kondenz\u00e1ci\u00f3 sor\u00e1n. Ez\u00e9rt fordul el\u0151, hogy t\u00e9len valamivel 2000 megawatt feletti teljes\u00edtm\u00e9nnyel k\u00e9pes termelni a l\u00e9tes\u00edtm\u00e9ny, m\u00edg ny\u00e1ron hasonl\u00f3, elhanyagolhat\u00f3 m\u00e9rt\u00e9k\u0171 cs\u00f6kken\u00e9sre is van p\u00e9lda, hiszen a h\u0171t\u00e9sre haszn\u00e1lt v\u00edz h\u0151foka v\u00e1ltozik. A k\u00e9t eset ugyanakkor gyakorlatilag kiegyenl\u00edti egym\u00e1st, \u00edgy ennek, az \u00e9ves villamosenergia-termel\u00e9sre gyakorolt hat\u00e1sa elhanyagolhat\u00f3, r\u00e1ad\u00e1sul a teljes er\u0151m\u0171vi hat\u00e1sfokot n\u00e9zve a Pakson is alkalmazott frissvizes h\u0171t\u00e9s 1,5-2 sz\u00e1zal\u00e9kkal jobb megold\u00e1st jelent a h\u0171t\u0151tornyos h\u0171t\u00e9sn\u00e9l.<br \/>\n    Felid\u00e9zik, a Paksi Atomer\u0151m\u0171 m\u0171k\u00f6d\u00e9s\u00e9t szigor\u00fa szab\u00e1lyok, el\u0151\u00edr\u00e1sok hat\u00e1rozz\u00e1k meg, amelyeknek a l\u00e9tes\u00edtm\u00e9ny minden esetben megfelel. Az atomer\u0151m\u0171 m\u0171k\u00f6d\u00e9s\u00e9nek legfontosabb alappill\u00e9re, hogy k\u00f6rnyezet\u00e9re a lehet\u0151 legkisebb negat\u00edv hat\u00e1st gyakorolja, \u00f6sszes kibocs\u00e1t\u00e1sa ennek megfelel\u0151en az egy\u00e9bk\u00e9nt is nagyon szigor\u00fa hat\u00f3s\u00e1gi el\u0151\u00edr\u00e1sok t\u00f6red\u00e9k\u00e9t, 3 ezred r\u00e9sz\u00e9t teszi ki, a biztons\u00e1got pedig t\u00f6bbsz\u00f6r\u00f6sen biztos\u00edtott rendszerek szavatolj\u00e1k.(MTI)<\/p>\n","protected":false},"excerpt":{"rendered":"<p>Nem jelent biztons\u00e1gi kock\u00e1zatot a Duna meleged\u00e9se az atomer\u0151m\u0171 m\u0171k\u00f6d\u00e9s\u00e9ben, a v\u00edzh\u0151m\u00e9rs\u00e9klet ugyanis a m\u00e9r\u00e9si eredm\u00e9nyek szerint nem \u00e9rte el azt a szintet, amelyn\u00e9l a termel\u00e9st cs\u00f6kkenteni kellene, jelenleg 24,2 Celsius-fok &#8211; k\u00f6z\u00f6lte az MVM Paksi Atomer\u0151m\u0171 Zrt. p\u00e9nteken az MTI \u00e9rdekl\u0151d\u00e9s\u00e9re.<\/p>\n","protected":false},"author":1,"featured_media":0,"comment_status":"closed","ping_status":"open","sticky":false,"template":"","format":"standard","meta":[],"categories":[4,19],"tags":[],"_links":{"self":[{"href":"https:\/\/gazdasagportal.hu\/index.php\/wp-json\/wp\/v2\/posts\/118406"}],"collection":[{"href":"https:\/\/gazdasagportal.hu\/index.php\/wp-json\/wp\/v2\/posts"}],"about":[{"href":"https:\/\/gazdasagportal.hu\/index.php\/wp-json\/wp\/v2\/types\/post"}],"author":[{"embeddable":true,"href":"https:\/\/gazdasagportal.hu\/index.php\/wp-json\/wp\/v2\/users\/1"}],"replies":[{"embeddable":true,"href":"https:\/\/gazdasagportal.hu\/index.php\/wp-json\/wp\/v2\/comments?post=118406"}],"version-history":[{"count":1,"href":"https:\/\/gazdasagportal.hu\/index.php\/wp-json\/wp\/v2\/posts\/118406\/revisions"}],"predecessor-version":[{"id":118407,"href":"https:\/\/gazdasagportal.hu\/index.php\/wp-json\/wp\/v2\/posts\/118406\/revisions\/118407"}],"wp:attachment":[{"href":"https:\/\/gazdasagportal.hu\/index.php\/wp-json\/wp\/v2\/media?parent=118406"}],"wp:term":[{"taxonomy":"category","embeddable":true,"href":"https:\/\/gazdasagportal.hu\/index.php\/wp-json\/wp\/v2\/categories?post=118406"},{"taxonomy":"post_tag","embeddable":true,"href":"https:\/\/gazdasagportal.hu\/index.php\/wp-json\/wp\/v2\/tags?post=118406"}],"curies":[{"name":"wp","href":"https:\/\/api.w.org\/{rel}","templated":true}]}}