{"id":118402,"date":"2019-08-02T14:13:24","date_gmt":"2019-08-02T12:13:24","guid":{"rendered":"http:\/\/gazdasagportal.hu\/?p=118402"},"modified":"2019-08-02T14:13:24","modified_gmt":"2019-08-02T12:13:24","slug":"inf-szerzodes-nato-fotitkar-hatalyba-lepett-az-inf-szerzodes-felmondasa","status":"publish","type":"post","link":"https:\/\/gazdasagportal.hu\/index.php\/inf-szerzodes-nato-fotitkar-hatalyba-lepett-az-inf-szerzodes-felmondasa\/","title":{"rendered":"INF-szerz\u0151d\u00e9s &#8211; NATO-f\u0151titk\u00e1r: hat\u00e1lyba l\u00e9pett az INF-szerz\u0151d\u00e9s felmond\u00e1sa"},"content":{"rendered":"<p><strong>Jens Stoltenberg NATO-f\u0151titk\u00e1r bejelentette p\u00e9nteken Br\u00fcsszelben: ezzel a nappal hat\u00e1lyos lett az Egyes\u00fclt \u00c1llamok azon d\u00f6nt\u00e9se, hogy kil\u00e9p a k\u00f6zepes \u00e9s r\u00f6vid hat\u00f3t\u00e1vols\u00e1g\u00fa nukle\u00e1ris eszk\u00f6z\u00f6k felsz\u00e1mol\u00e1s\u00e1r\u00f3l sz\u00f3l\u00f3 szerz\u0151d\u00e9sb\u0151l (INF).<\/strong><!--more--><\/p>\n<div class=\"ads-in-post1\"><div id=\"gazdasagportal.hu_fullbanner_wideboard\"><\/div>\r\n<\/div>\n<p>    Ennek oka, hogy az Egyes\u00fclt \u00c1llamok \u00e9s sz\u00f6vets\u00e9gesei f\u00e9l \u00e9vvel ezel\u0151tti figyelmeztet\u00e9se ellen\u00e9re Oroszorsz\u00e1g tov\u00e1bbra is megs\u00e9rti a szerz\u0151d\u00e9st &#8211; tette hozz\u00e1.<br \/>\n    A f\u0151titk\u00e1r sajt\u00f3t\u00e1j\u00e9koztat\u00f3j\u00e1n sajn\u00e1latosnak nevezte, hogy Oroszorsz\u00e1g nem mutatott semmif\u00e9le hajland\u00f3s\u00e1got, illetve nem tett l\u00e9p\u00e9seket arra, hogy visszat\u00e9rjen a szerz\u0151d\u00e9sben r\u00f6gz\u00edtett k\u00f6telezetts\u00e9gei teljes\u00edt\u00e9s\u00e9hez.<br \/>\n    Oroszorsz\u00e1gnak azt a legfrissebb javaslat\u00e1t, hogy Moszkv\u00e1hoz hasonl\u00f3an Washington \u00e9s a NATO is hirdessen morat\u00f3riumot a k\u00f6zepes hat\u00f3t\u00e1vols\u00e1g\u00fa nukle\u00e1ris rak\u00e9t\u00e1k telep\u00edt\u00e9s\u00e9re, &#8222;minden hiteless\u00e9get n\u00e9lk\u00fcl\u00f6z\u0151&#8221; aj\u00e1nlatnak nevezte a f\u0151titk\u00e1r. Az Egyes\u00fclt \u00c1llamoknak vagy a NATO-nak nincs egyetlenegy robotrep\u00fcl\u0151g\u00e9pe sem Eur\u00f3p\u00e1ban, Oroszorsz\u00e1gnak viszont egyre t\u00f6bb van &#8211; mondta. Ha Oroszorsz\u00e1g val\u00f3ban nem akar k\u00f6zepes hat\u00f3t\u00e1vols\u00e1g\u00fa atomrak\u00e9t\u00e1kat l\u00e1tni Eur\u00f3p\u00e1ban, fel kell v\u00e9gre hagynia azzal, hogy saj\u00e1t maga ilyeneket telep\u00edtsen &#8211; hangs\u00falyozta Stoltenberg. Ez\u00e9rt Oroszorsz\u00e1gnak meg kellene semmis\u00edtenie a m\u00e1r l\u00e9tez\u0151 ilyen rak\u00e9tarendszereket &#8211; tette hozz\u00e1.<br \/>\n    A szerz\u0151d\u00e9s felmond\u00e1s\u00e1nak minden k\u00f6vetkezm\u00e9ny\u00e9\u00e9rt Oroszorsz\u00e1got terheli a felel\u0151ss\u00e9g, a szerz\u0151d\u00e9s minden pontj\u00e1t betart\u00f3 Egyes\u00fclt \u00c1llamok d\u00f6nt\u00e9se pedig a sz\u00f6vets\u00e9gesek teljes t\u00e1mogat\u00e1s\u00e1t \u00e9lvezi &#8211; tette hozz\u00e1.<br \/>\n<div class=\"ads-in-post2\"><script async src=\"https:\/\/pagead2.googlesyndication.com\/pagead\/js\/adsbygoogle.js\"><\/script>\r\n<ins class=\"adsbygoogle\"\r\n     style=\"display:block\"\r\n     data-ad-format=\"fluid\"\r\n     data-ad-layout-key=\"-6t+ed+2i-1n-4w\"\r\n     data-ad-client=\"ca-pub-1959107119989764\"\r\n     data-ad-slot=\"4008251320\"><\/ins>\r\n<script>\r\n     (adsbygoogle = window.adsbygoogle || []).push({});\r\n<\/script><\/div>\n    A szerz\u0151d\u00e9s csak akkor lehet eredm\u00e9nyes, ha minden f\u00e9l eleget tesz az abban foglaltaknak &#8211; emelte ki.<br \/>\n    A sorozatos figyelmeztet\u00e9sek ellen\u00e9re tov\u00e1bbfejlesztett \u00e9s el\u0151\u00e1ll\u00edtott orosz rak\u00e9t\u00e1k, a rak\u00e9tarendszer titkos tesztel\u00e9se, gy\u00e1rt\u00e1sa \u00e9s telep\u00edt\u00e9se k\u00f6nnyen fegyveres konfliktusokhoz vezethet, jelent\u0151s fenyeget\u00e9st jelentve az euroatlanti t\u00e9rs\u00e9g biztons\u00e1gra &#8211; mondta.<br \/>\n    Hangs\u00falyozta: a NATO nem akar \u00fajabb hidegh\u00e1bor\u00fat, \u00e9s minden eszk\u00f6zzel el k\u00edv\u00e1n ker\u00fclni egy \u00fajabb fegyverkez\u00e9si versenyt. Ennek \u00e9rdek\u00e9ben a sz\u00f6vets\u00e9g kiegyens\u00falyozott, ellen\u0151rizhet\u0151 \u00e9s felel\u0151ss\u00e9gteljes m\u00f3don reag\u00e1l az orosz 9M729 rak\u00e9tarendszernek a sz\u00f6vets\u00e9ges orsz\u00e1gok biztons\u00e1g\u00e1ra gyakorolt jelent\u0151s kock\u00e1zataira. A NATO v\u00e1lasza kiz\u00e1r\u00f3lag v\u00e9dekez\u0151 jelleg\u0171, \u00e9s b\u00e9k\u00e9s c\u00e9lokat szolg\u00e1l. A sz\u00f6vets\u00e9g k\u00e9szen \u00e1ll, hogy t\u00e1rgyal\u00e1sok \u00fatj\u00e1n folytassa a megold\u00e1skeres\u00e9st a szerz\u0151d\u00e9sben foglaltak \u00fajb\u00f3li betart\u00e1sa \u00e9rdek\u00e9ben:<br \/>\n    &#8222;A sz\u00f6vets\u00e9gesek elk\u00f6telezettek, ez\u00e9rt tov\u00e1bbra is fenntartj\u00e1k, t\u00e1mogatj\u00e1k \u00e9s tov\u00e1bb er\u0151s\u00edtik a hat\u00e9kony nemzetk\u00f6zi fegyverzetellen\u0151rz\u00e9s \u00e9s -leszerel\u00e9s \u00e9rdek\u00e9ben kifejtett er\u0151sfesz\u00edt\u00e9seket mint az euro-atlanti biztons\u00e1g kulcsfontoss\u00e1g\u00fa elem\u00e9t&#8221; &#8211; fogalmazott.<br \/>\n    A NATO &#8211; amellett, hogy tov\u00e1bbra is konstrukt\u00edv kapcsolatra t\u00f6rekszik Oroszorsz\u00e1ggal &#8211; tov\u00e1bbra is azt v\u00e1rja Moszkv\u00e1t\u00f3l, hogy tegye \u00e1tl\u00e1that\u00f3v\u00e1 a fegyvereinek esetleges fejleszt\u00e9s\u00e9r\u0151l \u00e9s gy\u00e1rt\u00e1s\u00e1r\u00f3l sz\u00f3l\u00f3 dokumentumokat, valamint teljes \u00e9s ellen\u0151rizhet\u0151 m\u00f3don t\u00e9rjen vissza \u00e9s feleljen meg k\u00f6telezetts\u00e9gv\u00e1llal\u00e1sainak &#8211; h\u00fazta al\u00e1 Stoltenberg.<br \/>\n    Az Eur\u00f3pai Bizotts\u00e1g illet\u00e9kes sz\u00f3viv\u0151je, Carlos Martin Ruiz De Gordejuela a test\u00fclet szok\u00e1sos d\u00e9li sajt\u00f3t\u00e1j\u00e9koztat\u00f3j\u00e1n \u00fajs\u00e1g\u00edr\u00f3i k\u00e9rd\u00e9sre v\u00e1laszolva kijelentette: a b\u00e9ke meg\u0151rz\u00e9s\u00e9nek fontos eszk\u00f6z\u00e9t jelent\u0151 meg\u00e1llapod\u00e1s felmond\u00e1s\u00e1val Eur\u00f3pa biztons\u00e1ga ker\u00fcl vesz\u00e9lybe. Az Eur\u00f3pai Uni\u00f3 ez\u00e9rt tov\u00e1bbra is hangs\u00falyozza az INF-szerz\u0151d\u00e9sben foglaltak fontoss\u00e1g\u00e1t.<br \/>\n    Az uni\u00f3 rem\u00e9li, hogy a meg\u00e1llapod\u00e1sb\u00f3l val\u00f3 kil\u00e9p\u00e9s vagy annak felsz\u00e1mol\u00e1sa ellen\u00e9re van lehet\u0151s\u00e9g az egyezm\u00e9ny megment\u00e9s\u00e9re \u00fajb\u00f3li t\u00e1rgyal\u00e1sok \u00fatj\u00e1n. Az uni\u00f3 tov\u00e1bbra is elk\u00f6telezetten t\u00e1mogatja a felel\u0151ss\u00e9gteljes, \u00e1tl\u00e1that\u00f3 fegyverzetellen\u0151rz\u00e9st, \u00e9s -leszerel\u00e9st az INF-szerz\u0151d\u00e9sben foglaltak szerint. A m\u00e1sodik vil\u00e1gh\u00e1bor\u00fa ut\u00e1n el\u00e9rt b\u00e9ke meg\u0151rz\u00e9se \u00e9rdek\u00e9ben el kell ker\u00fclni egy \u00fajabb fegyverkez\u00e9si verseny kialakul\u00e1s\u00e1t &#8211; tette hozz\u00e1 a bizotts\u00e1gi sz\u00f3viv\u0151.<br \/>\n    Az Egyes\u00fclt \u00c1llamok febru\u00e1r 1-j\u00e9n jelentette be, hogy felmondja r\u00e9szv\u00e9tel\u00e9t az INF-szerz\u0151d\u00e9sben, ha Oroszorsz\u00e1g tov\u00e1bbra sem tartja tiszteletben azt. P\u00e9nteken Washington hivatalosan is felmondta a szerz\u0151d\u00e9st, azzal indokolva d\u00f6nt\u00e9s\u00e9t, hogy meg\u00edt\u00e9l\u00e9se szerint Moszkva megs\u00e9rtette az abban foglaltakat.<br \/>\n    Vlagyimir Putyin orosz eln\u00f6k j\u00falius elej\u00e9n \u00edrta al\u00e1 a szerz\u0151d\u00e9s hat\u00e1ly\u00e1nak felf\u00fcggeszt\u00e9s\u00e9r\u0151l rendelkez\u0151 t\u00f6rv\u00e9nyt.<br \/>\n    Az INF-szerz\u0151d\u00e9s, amelyet 1987. december 8-\u00e1n Washingtonban \u00edrt al\u00e1 Ronald Reagan amerikai eln\u00f6k \u00e9s Mihail Gorbacsov szovjet \u00e1llamf\u0151, a kommunista p\u00e1rt f\u0151titk\u00e1ra, 1988. j\u00fanius 1-j\u00e9n l\u00e9pett hat\u00e1lyba. A paktum a sz\u00e1razf\u00f6ldi ind\u00edt\u00e1s\u00fa, hagyom\u00e1nyos \u00e9s nukle\u00e1ris robban\u00f3t\u00f6ltetekkel felszerelt k\u00f6zepes \u00e9s kisebb (500-5500 kilom\u00e9teres) hat\u00f3t\u00e1vols\u00e1g\u00fa ballisztikus rak\u00e9t\u00e1k \u00e9s man\u0151verez\u0151 robotrep\u00fcl\u0151g\u00e9pek megsemmis\u00edt\u00e9s\u00e9r\u0151l rendelkezett. Az egyezm\u00e9ny, amely m\u00e9rf\u00f6ldk\u0151 volt a hidegh\u00e1bor\u00fa lez\u00e1r\u00e1s\u00e1ban, megtiltotta az ilyen eszk\u00f6z\u00f6k gy\u00e1rt\u00e1s\u00e1t, birtokl\u00e1s\u00e1t \u00e9s tesztel\u00e9s\u00e9t.(MTI)<\/p>\n","protected":false},"excerpt":{"rendered":"<p>Jens Stoltenberg NATO-f\u0151titk\u00e1r bejelentette p\u00e9nteken Br\u00fcsszelben: ezzel a nappal hat\u00e1lyos lett az Egyes\u00fclt \u00c1llamok azon d\u00f6nt\u00e9se, hogy kil\u00e9p a k\u00f6zepes \u00e9s r\u00f6vid hat\u00f3t\u00e1vols\u00e1g\u00fa nukle\u00e1ris eszk\u00f6z\u00f6k felsz\u00e1mol\u00e1s\u00e1r\u00f3l sz\u00f3l\u00f3 szerz\u0151d\u00e9sb\u0151l (INF).<\/p>\n","protected":false},"author":1,"featured_media":0,"comment_status":"closed","ping_status":"open","sticky":false,"template":"","format":"standard","meta":[],"categories":[12,246],"tags":[],"_links":{"self":[{"href":"https:\/\/gazdasagportal.hu\/index.php\/wp-json\/wp\/v2\/posts\/118402"}],"collection":[{"href":"https:\/\/gazdasagportal.hu\/index.php\/wp-json\/wp\/v2\/posts"}],"about":[{"href":"https:\/\/gazdasagportal.hu\/index.php\/wp-json\/wp\/v2\/types\/post"}],"author":[{"embeddable":true,"href":"https:\/\/gazdasagportal.hu\/index.php\/wp-json\/wp\/v2\/users\/1"}],"replies":[{"embeddable":true,"href":"https:\/\/gazdasagportal.hu\/index.php\/wp-json\/wp\/v2\/comments?post=118402"}],"version-history":[{"count":1,"href":"https:\/\/gazdasagportal.hu\/index.php\/wp-json\/wp\/v2\/posts\/118402\/revisions"}],"predecessor-version":[{"id":118403,"href":"https:\/\/gazdasagportal.hu\/index.php\/wp-json\/wp\/v2\/posts\/118402\/revisions\/118403"}],"wp:attachment":[{"href":"https:\/\/gazdasagportal.hu\/index.php\/wp-json\/wp\/v2\/media?parent=118402"}],"wp:term":[{"taxonomy":"category","embeddable":true,"href":"https:\/\/gazdasagportal.hu\/index.php\/wp-json\/wp\/v2\/categories?post=118402"},{"taxonomy":"post_tag","embeddable":true,"href":"https:\/\/gazdasagportal.hu\/index.php\/wp-json\/wp\/v2\/tags?post=118402"}],"curies":[{"name":"wp","href":"https:\/\/api.w.org\/{rel}","templated":true}]}}