{"id":118395,"date":"2019-08-02T12:16:02","date_gmt":"2019-08-02T10:16:02","guid":{"rendered":"http:\/\/gazdasagportal.hu\/?p=118395"},"modified":"2019-08-02T12:28:31","modified_gmt":"2019-08-02T10:28:31","slug":"kina-ellenlepeseket-igert-az-ujabb-amerikai-potvamok-bevezetese-eseten","status":"publish","type":"post","link":"https:\/\/gazdasagportal.hu\/index.php\/kina-ellenlepeseket-igert-az-ujabb-amerikai-potvamok-bevezetese-eseten\/","title":{"rendered":"K\u00edna ellenl\u00e9p\u00e9seket \u00edg\u00e9rt az \u00fajabb amerikai p\u00f3tv\u00e1mok bevezet\u00e9se eset\u00e9n"},"content":{"rendered":"<p><strong>K\u00edna k\u00e9nytelen lesz ellenl\u00e9p\u00e9seket tenni abban az esetben, ha az Egyes\u00fclt \u00c1llamok ragaszkodik az \u00fajabb p\u00f3tv\u00e1mok bevezet\u00e9s\u00e9hez &#8211; k\u00f6z\u00f6lte Hua Csun-jing k\u00ednai k\u00fcl\u00fcgyi sz\u00f3viv\u0151 p\u00e9nteki sajt\u00f3t\u00e1j\u00e9koztat\u00f3j\u00e1n.<\/strong><!--more--><\/p>\n<div class=\"ads-in-post1\"><div id=\"gazdasagportal.hu_fullbanner_wideboard\"><\/div>\r\n<\/div>\n<p>    Az amerikai f\u00e9l nem tartotta mag\u00e1t a k\u00e9t \u00e1llamf\u0151 j\u00faniusi, oszakai tal\u00e1lkoz\u00f3j\u00e1n sz\u00fcletett meg\u00e1llapod\u00e1shoz &#8211; mutatott r\u00e1 a sz\u00f3viv\u0151 annak kapcs\u00e1n, hogy Donald Trump amerikai eln\u00f6k cs\u00fct\u00f6rt\u00f6k\u00f6n 10 sz\u00e1zal\u00e9kos v\u00e1mtarifa bevezet\u00e9s\u00e9t jelentette be mintegy 300 milli\u00e1rd doll\u00e1r \u00e9rt\u00e9k\u0171 k\u00ednai \u00e1rucikkre szeptember 1-j\u00e9t\u0151l, r\u00e1ad\u00e1sul a 10 sz\u00e1zal\u00e9kos b\u00fcntet\u0151v\u00e1m tov\u00e1bbi, ak\u00e1r 25 sz\u00e1zal\u00e9kra emel\u00e9s\u00e9t is kil\u00e1t\u00e1sba helyezte.<br \/>\n    A G20-as orsz\u00e1gcsoport j\u00faniusban, Oszak\u00e1ban tartott cs\u00facstal\u00e1lkoz\u00f3j\u00e1nak idej\u00e9n Trump eln\u00f6k azt az \u00edg\u00e9retet tette Hszi Csin-ping k\u00ednai eln\u00f6knek, hogy a m\u00e1jusban elakadt kereskedelmi t\u00e1rgyal\u00e1sok folytat\u00e1s\u00e1nak \u00e9rdek\u00e9ben egyel\u0151re nem vezet be tov\u00e1bbi b\u00fcntet\u0151v\u00e1mokat.<br \/>\n    Az amerikai sajt\u00f3nak adott nyilatkozatai alapj\u00e1n azonban \u00fagy t\u0171nik, Donald Trump el\u00e9gedetlen volt a t\u00e1rgyal\u00e1sok el\u0151rehalad\u00e1s\u00e1nak \u00fctem\u00e9vel azt k\u00f6vet\u0151en, hogy az amerikai t\u00e1rgyal\u00f3k szerd\u00e1n Sanghajban egyeztettek ism\u00e9t a k\u00ednai deleg\u00e1ci\u00f3val.<br \/>\n    A k\u00ednai k\u00fcl\u00fcgyi sz\u00f3viv\u0151 szerint Peking \u00e1ll\u00e1spontja konzisztens maradt a t\u00e1rgyal\u00e1sok sor\u00e1n, az amerikai f\u00e9l az, aki kisz\u00e1m\u00edthatatlan l\u00e9p\u00e9seket tesz. &#8222;K\u00edna tapodtat sem fog engedni&#8221; &#8211; fogalmazott Hua, \u00e9s hozz\u00e1tette: Washingtonnak v\u00e1llalnia kell a tettei k\u00f6vetkezm\u00e9nyeit.<br \/>\n<div class=\"ads-in-post2\"><script async src=\"https:\/\/pagead2.googlesyndication.com\/pagead\/js\/adsbygoogle.js\"><\/script>\r\n<ins class=\"adsbygoogle\"\r\n     style=\"display:block\"\r\n     data-ad-format=\"fluid\"\r\n     data-ad-layout-key=\"-6t+ed+2i-1n-4w\"\r\n     data-ad-client=\"ca-pub-1959107119989764\"\r\n     data-ad-slot=\"4008251320\"><\/ins>\r\n<script>\r\n     (adsbygoogle = window.adsbygoogle || []).push({});\r\n<\/script><\/div>\n    &#8222;A labda most az amerikai t\u00e9rf\u00e9len van&#8221; &#8211; mondta a sz\u00f3viv\u0151, aki szerint az Egyes\u00fclt \u00c1llamokon a sor, hogy bebizony\u00edtsa, k\u00e9pes megb\u00edzhat\u00f3 partner lenni a kereskedelmi egyeztet\u00e9sekben.<br \/>\n    A sz\u00f3viv\u0151 nem adott egy\u00e9rtelm\u0171 v\u00e1laszt arra a k\u00e9rd\u00e9sre, hogy az amerikai bejelent\u00e9s ut\u00e1n tov\u00e1bbra is lehet-e sz\u00e1m\u00edtani arra, hogy a szerd\u00e1n sz\u00fcletett meg\u00e1llapod\u00e1snak megfelel\u0151en a t\u00e1rgyal\u00f3k szeptemberben az Egyes\u00fclt \u00c1llamokban \u00fajabb egyeztet\u00e9sre \u00fcljenek \u00f6ssze.<br \/>\n     A k\u00ednai sajt\u00f3 Trump bejelent\u00e9s\u00e9vel kapcsolatban megsz\u00f3laltatta a Thaif\u00f6ld\u00f6n, a D\u00e9lkelet-\u00e1zsiai Orsz\u00e1gok Sz\u00f6vets\u00e9ge (ASEAN) \u00e9s az Egyes\u00fclt \u00c1llamok k\u00fcl\u00fcgyminiszteri tal\u00e1lkoz\u00f3j\u00e1n r\u00e9sztvev\u0151 Vang Ji k\u00ednai k\u00fcl\u00fcgyminisztert is, aki \u00fagy reag\u00e1lt: a b\u00fcntet\u0151v\u00e1mok nem jelentenek megold\u00e1st a kereskedelmi konfliktusra.(MTI)<\/p>\n","protected":false},"excerpt":{"rendered":"<p>K\u00edna k\u00e9nytelen lesz ellenl\u00e9p\u00e9seket tenni abban az esetben, ha az Egyes\u00fclt \u00c1llamok ragaszkodik az \u00fajabb p\u00f3tv\u00e1mok bevezet\u00e9s\u00e9hez &#8211; k\u00f6z\u00f6lte Hua Csun-jing k\u00ednai k\u00fcl\u00fcgyi sz\u00f3viv\u0151 p\u00e9nteki sajt\u00f3t\u00e1j\u00e9koztat\u00f3j\u00e1n.<\/p>\n","protected":false},"author":1,"featured_media":59804,"comment_status":"closed","ping_status":"open","sticky":false,"template":"","format":"standard","meta":[],"categories":[146,246],"tags":[],"_links":{"self":[{"href":"https:\/\/gazdasagportal.hu\/index.php\/wp-json\/wp\/v2\/posts\/118395"}],"collection":[{"href":"https:\/\/gazdasagportal.hu\/index.php\/wp-json\/wp\/v2\/posts"}],"about":[{"href":"https:\/\/gazdasagportal.hu\/index.php\/wp-json\/wp\/v2\/types\/post"}],"author":[{"embeddable":true,"href":"https:\/\/gazdasagportal.hu\/index.php\/wp-json\/wp\/v2\/users\/1"}],"replies":[{"embeddable":true,"href":"https:\/\/gazdasagportal.hu\/index.php\/wp-json\/wp\/v2\/comments?post=118395"}],"version-history":[{"count":1,"href":"https:\/\/gazdasagportal.hu\/index.php\/wp-json\/wp\/v2\/posts\/118395\/revisions"}],"predecessor-version":[{"id":118396,"href":"https:\/\/gazdasagportal.hu\/index.php\/wp-json\/wp\/v2\/posts\/118395\/revisions\/118396"}],"wp:featuredmedia":[{"embeddable":true,"href":"https:\/\/gazdasagportal.hu\/index.php\/wp-json\/wp\/v2\/media\/59804"}],"wp:attachment":[{"href":"https:\/\/gazdasagportal.hu\/index.php\/wp-json\/wp\/v2\/media?parent=118395"}],"wp:term":[{"taxonomy":"category","embeddable":true,"href":"https:\/\/gazdasagportal.hu\/index.php\/wp-json\/wp\/v2\/categories?post=118395"},{"taxonomy":"post_tag","embeddable":true,"href":"https:\/\/gazdasagportal.hu\/index.php\/wp-json\/wp\/v2\/tags?post=118395"}],"curies":[{"name":"wp","href":"https:\/\/api.w.org\/{rel}","templated":true}]}}