{"id":118393,"date":"2019-08-02T11:59:32","date_gmt":"2019-08-02T09:59:32","guid":{"rendered":"http:\/\/gazdasagportal.hu\/?p=118393"},"modified":"2019-08-02T11:59:32","modified_gmt":"2019-08-02T09:59:32","slug":"lassult-az-ipari-termeloi-arak-novekedesi-uteme-az-euroovezetben-juniusban","status":"publish","type":"post","link":"https:\/\/gazdasagportal.hu\/index.php\/lassult-az-ipari-termeloi-arak-novekedesi-uteme-az-euroovezetben-juniusban\/","title":{"rendered":"Lassult az ipari termel\u0151i \u00e1rak n\u00f6veked\u00e9si \u00fcteme az eur\u00f3\u00f6vezetben j\u00faniusban"},"content":{"rendered":"<p><strong>T\u00f6bb mint m\u00e1sf\u00e9l \u00e9ves m\u00e9lypontra lassult az ipari termel\u0151i \u00e1rak n\u00f6veked\u00e9s\u00e9nek \u00e9ves \u00fcteme j\u00faniusban az eur\u00f3\u00f6vezetben.<\/strong><!--more--><\/p>\n<div class=\"ads-in-post1\"><div id=\"gazdasagportal.hu_fullbanner_wideboard\"><\/div>\r\n<\/div>\n<p>    Az uni\u00f3s statisztikai hivatal (Eurostat) p\u00e9nteken k\u00f6z\u00f6lte, hogy az eur\u00f3\u00f6vezetben, \u00e9ves \u00f6sszehasonl\u00edt\u00e1sban, 0,7 sz\u00e1zal\u00e9kkal n\u0151ttek a termel\u0151i \u00e1rak. Elemz\u0151k 0,8 sz\u00e1zal\u00e9kos emelked\u00e9sre sz\u00e1m\u00edtottak a m\u00e1jusi 1,6 sz\u00e1zal\u00e9kos n\u00f6veked\u00e9s ut\u00e1n.<br \/>\n    Havi \u00f6sszevet\u00e9sben 0,6 sz\u00e1zal\u00e9kkal cs\u00f6kkentek az ipari termel\u0151i \u00e1rak j\u00faniusban. Az el\u0151z\u0151 h\u00f3napban m\u00e9rt 0,1 sz\u00e1zal\u00e9kos visszaes\u00e9s ut\u00e1n elemz\u0151k 0,3 sz\u00e1zal\u00e9kos cs\u00f6kken\u00e9st v\u00e1rtak.<br \/>\n    Az Eur\u00f3pai Uni\u00f3ban ugyancsak 0,6 sz\u00e1zal\u00e9kkal estek az ipari termel\u0151i \u00e1rak az el\u0151z\u0151 h\u00f3naphoz k\u00e9pest, \u00e9ves \u00f6sszevet\u00e9sben viszont 0,9 sz\u00e1zal\u00e9kos volt az emelked\u00e9s j\u00faniusban. M\u00e1jusban havi szinten stagn\u00e1ltak, \u00e9ves szinten pedig 1,9 sz\u00e1zal\u00e9kkal n\u0151ttek a termel\u0151i \u00e1rak.<br \/>\n    A termel\u0151i \u00e1rakat f\u0151leg az energia\u00e1rak cs\u00f6kken\u00e9se h\u00fazta lefel\u00e9 j\u00faniusban. A gyakran v\u00e1ltoz\u00e9kony energia\u00e1rakat nem sz\u00e1molva, a termel\u0151i \u00e1rak m\u00e1jushoz k\u00e9pest stagn\u00e1ltak mindk\u00e9t blokkban, m\u00edg \u00e9ves \u00f6sszevet\u00e9sben 0,8 sz\u00e1zal\u00e9kkal n\u0151ttek az eur\u00f3\u00f6vezetben, az uni\u00f3ban pedig 1,1 sz\u00e1zal\u00e9kkal.<br \/>\n    \u00c9ves \u00f6sszevet\u00e9sben Lettorsz\u00e1gban (5,6 sz\u00e1zal\u00e9k), Rom\u00e1ni\u00e1ban (4,7 sz\u00e1zal\u00e9k) \u00e9s Cipruson (4,2 sz\u00e1zal\u00e9k) n\u0151ttek a legnagyobb m\u00e9rt\u00e9kben a termel\u0151i \u00e1rak, m\u00edg a legnagyobb cs\u00f6kken\u00e9st D\u00e1ni\u00e1ban (2,6 sz\u00e1zal\u00e9k), G\u00f6r\u00f6g\u00f6rsz\u00e1gban (1,2 sz\u00e1zal\u00e9k) \u00e9s Portug\u00e1li\u00e1ban (1,1 sz\u00e1zal\u00e9k) m\u00e9rt\u00e9k.<br \/>\n<div class=\"ads-in-post2\"><script async src=\"https:\/\/pagead2.googlesyndication.com\/pagead\/js\/adsbygoogle.js\"><\/script>\r\n<ins class=\"adsbygoogle\"\r\n     style=\"display:block\"\r\n     data-ad-format=\"fluid\"\r\n     data-ad-layout-key=\"-6t+ed+2i-1n-4w\"\r\n     data-ad-client=\"ca-pub-1959107119989764\"\r\n     data-ad-slot=\"4008251320\"><\/ins>\r\n<script>\r\n     (adsbygoogle = window.adsbygoogle || []).push({});\r\n<\/script><\/div>\n    Havi szinten Litv\u00e1ni\u00e1ban (2,0 sz\u00e1zal\u00e9k), G\u00f6r\u00f6gorsz\u00e1gban (1,9 sz\u00e1zal\u00e9k) \u00e9s D\u00e1ni\u00e1ban (1,7 sz\u00e1zal\u00e9k) estek vissza legnagyobb m\u00e9rt\u00e9kben az ipari termel\u0151i \u00e1rak. Emelked\u00e9st regisztr\u00e1ltak Lettorsz\u00e1gban (1,7 sz\u00e1zal\u00e9k), valamint \u00c9sztorsz\u00e1gban \u00e9s Cipruson (mindkett\u0151 0,3 sz\u00e1zal\u00e9k).<br \/>\n    Magyarorsz\u00e1gon havi szinten 0,7 sz\u00e1zal\u00e9kkal cs\u00f6kkentek, \u00e9ves \u00f6sszevet\u00e9sben viszont 3,0 sz\u00e1zal\u00e9kkal emelkedtek az ipari termel\u0151i \u00e1rak j\u00faniusban az Eurostat adatai szerint.<br \/>\n    A termel\u0151i \u00e1rak a fogyaszt\u00f3i infl\u00e1ci\u00f3 alakul\u00e1s\u00e1nak egyik korai indik\u00e1tora. Az Eur\u00f3pai K\u00f6zponti Bank arra t\u00f6rekszik, hogy az \u00e9ves harmoniz\u00e1lt fogyaszt\u00f3i\u00e1r-index k\u00f6z\u00e9pt\u00e1von 2 sz\u00e1zal\u00e9k alatt, \u00e1m ahhoz k\u00f6zeli \u00e9rt\u00e9ken maradjon.(MTI)<\/p>\n","protected":false},"excerpt":{"rendered":"<p>T\u00f6bb mint m\u00e1sf\u00e9l \u00e9ves m\u00e9lypontra lassult az ipari termel\u0151i \u00e1rak n\u00f6veked\u00e9s\u00e9nek \u00e9ves \u00fcteme j\u00faniusban az eur\u00f3\u00f6vezetben.<\/p>\n","protected":false},"author":1,"featured_media":0,"comment_status":"closed","ping_status":"open","sticky":false,"template":"","format":"standard","meta":[],"categories":[246],"tags":[],"_links":{"self":[{"href":"https:\/\/gazdasagportal.hu\/index.php\/wp-json\/wp\/v2\/posts\/118393"}],"collection":[{"href":"https:\/\/gazdasagportal.hu\/index.php\/wp-json\/wp\/v2\/posts"}],"about":[{"href":"https:\/\/gazdasagportal.hu\/index.php\/wp-json\/wp\/v2\/types\/post"}],"author":[{"embeddable":true,"href":"https:\/\/gazdasagportal.hu\/index.php\/wp-json\/wp\/v2\/users\/1"}],"replies":[{"embeddable":true,"href":"https:\/\/gazdasagportal.hu\/index.php\/wp-json\/wp\/v2\/comments?post=118393"}],"version-history":[{"count":1,"href":"https:\/\/gazdasagportal.hu\/index.php\/wp-json\/wp\/v2\/posts\/118393\/revisions"}],"predecessor-version":[{"id":118394,"href":"https:\/\/gazdasagportal.hu\/index.php\/wp-json\/wp\/v2\/posts\/118393\/revisions\/118394"}],"wp:attachment":[{"href":"https:\/\/gazdasagportal.hu\/index.php\/wp-json\/wp\/v2\/media?parent=118393"}],"wp:term":[{"taxonomy":"category","embeddable":true,"href":"https:\/\/gazdasagportal.hu\/index.php\/wp-json\/wp\/v2\/categories?post=118393"},{"taxonomy":"post_tag","embeddable":true,"href":"https:\/\/gazdasagportal.hu\/index.php\/wp-json\/wp\/v2\/tags?post=118393"}],"curies":[{"name":"wp","href":"https:\/\/api.w.org\/{rel}","templated":true}]}}