{"id":118379,"date":"2019-08-02T07:56:38","date_gmt":"2019-08-02T05:56:38","guid":{"rendered":"http:\/\/gazdasagportal.hu\/?p=118379"},"modified":"2019-08-02T07:56:38","modified_gmt":"2019-08-02T05:56:38","slug":"donald-trump-a-csutortokon-kinanak-beigert-10-szazalekos-buntetovam-tovabbi-emeleset-is-kilatasba-helyezte","status":"publish","type":"post","link":"https:\/\/gazdasagportal.hu\/index.php\/donald-trump-a-csutortokon-kinanak-beigert-10-szazalekos-buntetovam-tovabbi-emeleset-is-kilatasba-helyezte\/","title":{"rendered":"Donald Trump a cs\u00fct\u00f6rt\u00f6k\u00f6n K\u00edn\u00e1nak be\u00edg\u00e9rt 10 sz\u00e1zal\u00e9kos b\u00fcntet\u0151v\u00e1m tov\u00e1bbi emel\u00e9s\u00e9t is kil\u00e1t\u00e1sba helyezte"},"content":{"rendered":"<p><strong>Donald Trump amerikai eln\u00f6k a cs\u00fct\u00f6rt\u00f6k\u00f6n K\u00edn\u00e1nak be\u00edg\u00e9rt 10 sz\u00e1zal\u00e9kos b\u00fcntet\u0151v\u00e1m tov\u00e1bbi emel\u00e9s\u00e9t is kil\u00e1t\u00e1sba helyezte. <\/strong><!--more--><\/p>\n<div class=\"ads-in-post1\"><div id=\"gazdasagportal.hu_fullbanner_wideboard\"><\/div>\r\n<\/div>\n<p>    Az eln\u00f6k &#8211; miut\u00e1n cs\u00fct\u00f6rt\u00f6k d\u00e9lut\u00e1n bejelentette 10 sz\u00e1zal\u00e9kos v\u00e1mtarifa bevezet\u00e9s\u00e9t mintegy 300 milli\u00e1rd doll\u00e1r \u00e9rt\u00e9k\u0171 k\u00ednai port\u00e9k\u00e1ra szeptember 1-j\u00e9t\u0151l &#8211; aznap este \u00fajs\u00e1g\u00edr\u00f3knak \u00fagy fogalmazott, hogy elk\u00e9pzelhet\u0151nek tartja e 10 sz\u00e1zal\u00e9kos v\u00e1m esetlegesen 25 sz\u00e1zal\u00e9kosra emel\u00e9s\u00e9t is.<br \/>\n    Ezt arra az esetre helyezte kil\u00e1t\u00e1sba, ha az amerikai-k\u00ednai kereskedelmi t\u00e1rgyal\u00e1sok megfeneklen\u00e9nek, vagy t\u00fal lass\u00fa lenne az el\u0151rehalad\u00e1s. Hszi Csin-ping k\u00ednai eln\u00f6kre utalva Trump lesz\u00f6gezte: &#8222;azt hiszem, Hszi eln\u00f6k is meg\u00e1llapod\u00e1st akar, de \u0151szint\u00e9n sz\u00f3lva, nem el\u00e9g gyors&#8221;. Majd hozz\u00e1f\u0171zte: &#8222;ezt valakinek m\u00e1r r\u00e9gen meg kellett volna tennie K\u00edn\u00e1val&#8221;.<br \/>\n<div class=\"ads-in-post2\"><script async src=\"https:\/\/pagead2.googlesyndication.com\/pagead\/js\/adsbygoogle.js\"><\/script>\r\n<ins class=\"adsbygoogle\"\r\n     style=\"display:block\"\r\n     data-ad-format=\"fluid\"\r\n     data-ad-layout-key=\"-6t+ed+2i-1n-4w\"\r\n     data-ad-client=\"ca-pub-1959107119989764\"\r\n     data-ad-slot=\"4008251320\"><\/ins>\r\n<script>\r\n     (adsbygoogle = window.adsbygoogle || []).push({});\r\n<\/script><\/div>\n    Amikor az \u00fajs\u00e1g\u00edr\u00f3k arr\u00f3l faggatt\u00e1k, hogy mit sz\u00f3l az \u00fajabb v\u00e1mtarif\u00e1k bevezet\u00e9s\u00e9nek v\u00e1rhat\u00f3 p\u00e9nzpiaci hat\u00e1saihoz, az amerikai eln\u00f6k k\u00f6z\u00f6lte: &#8222;engem ez egy\u00e1ltal\u00e1n nem izgat&#8221;.<br \/>\n    Peking egyel\u0151re nem v\u00e1laszolt, de az amerikai sajt\u00f3ban id\u00e9zt\u00e9k a k\u00ednai Global Times c\u00edm\u0171 lap f\u0151szerkeszt\u0151je, Hu Hszi-csin Twitter-bejegyz\u00e9s\u00e9t. A mikroblogban a k\u00ednai \u00fajs\u00e1g\u00edr\u00f3 azt \u00edrta: &#8222;az \u00faj v\u00e1mtarif\u00e1k egy\u00e1ltal\u00e1n nem hozz\u00e1k k\u00f6zelebb az Egyes\u00fclt \u00c1llamok \u00e1ltal \u00f3hajtott meg\u00e1llapod\u00e1st, s\u0151t, ink\u00e1bb csak t\u00e1volabbra tolj\u00e1k ki&#8221;.<br \/>\n    Donald Trump cs\u00fct\u00f6rt\u00f6k\u00f6n Twitteren jelentette be a 10 sz\u00e1zal\u00e9kos v\u00e1memel\u00e9st, amely egy\u00e9bk\u00e9nt f\u00fcggetlen a kor\u00e1bban m\u00e1r 200 milli\u00e1rd doll\u00e1r \u00e9rt\u00e9k\u0171 k\u00ednai \u00e1rura kivetett 25 sz\u00e1zal\u00e9kos v\u00e1mokt\u00f3l. Mikroblogj\u00e1ban az eln\u00f6k felr\u00f3tta Pekingnek, hogy \u00fajra akarja t\u00e1rgyalni a tervezett kereskedelmi meg\u00e1llapod\u00e1st, valamint nem teljes\u00edtette a t\u00f6bb amerikai agr\u00e1rterm\u00e9k v\u00e1s\u00e1rl\u00e1s\u00e1ra tett kor\u00e1bbi \u00edg\u00e9ret\u00e9t. Felpanaszolta azt is, hogy K\u00edna nem \u00e1ll\u00edtotta le az amerikai k\u00e1b\u00edt\u00f3szerv\u00e1ls\u00e1g\u00e9rt rendk\u00edv\u00fcli m\u00e9rt\u00e9kben felel\u0151s, opi\u00e1t tartalm\u00fa szintetikus f\u00e1jdalomcsillap\u00edt\u00f3, a fentanil forgalmaz\u00e1s\u00e1t sem.<br \/>\n    K\u00f6zben a Thaif\u00f6ld\u00f6n egy region\u00e1lis ifj\u00fas\u00e1gi konferenci\u00e1n tart\u00f3zkod\u00f3 Mike Pompeo amerikai k\u00fcl\u00fcgyminiszter szint\u00e9n szemreh\u00e1ny\u00e1sokat fogalmazott meg K\u00edn\u00e1nak c\u00edmezve. Az amerikai diplom\u00e1cia vezet\u0151je szerint Peking &#8222;\u00e9vtizedeken kereszt\u00fcl helytelen\u00fcl viselkedett&#8221;, mert akad\u00e1lyozta a val\u00f3di szabadkereskedelmet. Pompeo ezzel magyar\u00e1zta az amerikai v\u00e1mtarif\u00e1kat \u00e9s Washington m\u00e1s, konkr\u00e9tan nem kifejtett d\u00f6nt\u00e9seit.(MTI)<\/p>\n","protected":false},"excerpt":{"rendered":"<p>Donald Trump amerikai eln\u00f6k a cs\u00fct\u00f6rt\u00f6k\u00f6n K\u00edn\u00e1nak be\u00edg\u00e9rt 10 sz\u00e1zal\u00e9kos b\u00fcntet\u0151v\u00e1m tov\u00e1bbi emel\u00e9s\u00e9t is kil\u00e1t\u00e1sba helyezte.<\/p>\n","protected":false},"author":1,"featured_media":0,"comment_status":"closed","ping_status":"open","sticky":false,"template":"","format":"standard","meta":[],"categories":[246],"tags":[],"_links":{"self":[{"href":"https:\/\/gazdasagportal.hu\/index.php\/wp-json\/wp\/v2\/posts\/118379"}],"collection":[{"href":"https:\/\/gazdasagportal.hu\/index.php\/wp-json\/wp\/v2\/posts"}],"about":[{"href":"https:\/\/gazdasagportal.hu\/index.php\/wp-json\/wp\/v2\/types\/post"}],"author":[{"embeddable":true,"href":"https:\/\/gazdasagportal.hu\/index.php\/wp-json\/wp\/v2\/users\/1"}],"replies":[{"embeddable":true,"href":"https:\/\/gazdasagportal.hu\/index.php\/wp-json\/wp\/v2\/comments?post=118379"}],"version-history":[{"count":1,"href":"https:\/\/gazdasagportal.hu\/index.php\/wp-json\/wp\/v2\/posts\/118379\/revisions"}],"predecessor-version":[{"id":118380,"href":"https:\/\/gazdasagportal.hu\/index.php\/wp-json\/wp\/v2\/posts\/118379\/revisions\/118380"}],"wp:attachment":[{"href":"https:\/\/gazdasagportal.hu\/index.php\/wp-json\/wp\/v2\/media?parent=118379"}],"wp:term":[{"taxonomy":"category","embeddable":true,"href":"https:\/\/gazdasagportal.hu\/index.php\/wp-json\/wp\/v2\/categories?post=118379"},{"taxonomy":"post_tag","embeddable":true,"href":"https:\/\/gazdasagportal.hu\/index.php\/wp-json\/wp\/v2\/tags?post=118379"}],"curies":[{"name":"wp","href":"https:\/\/api.w.org\/{rel}","templated":true}]}}