{"id":118370,"date":"2019-08-01T17:42:35","date_gmt":"2019-08-01T15:42:35","guid":{"rendered":"http:\/\/gazdasagportal.hu\/?p=118370"},"modified":"2019-08-01T15:43:17","modified_gmt":"2019-08-01T13:43:17","slug":"cseh-jegybank-az-ev-vegeig-nem-varhato-az-alapkamat-valtozasa","status":"publish","type":"post","link":"https:\/\/gazdasagportal.hu\/index.php\/cseh-jegybank-az-ev-vegeig-nem-varhato-az-alapkamat-valtozasa\/","title":{"rendered":"Cseh jegybank: az \u00e9v v\u00e9g\u00e9ig nem v\u00e1rhat\u00f3 az alapkamat v\u00e1ltoz\u00e1sa"},"content":{"rendered":"<p><strong>A cseh jegybanktan\u00e1cs cs\u00fct\u00f6rt\u00f6ki \u00fcl\u00e9s\u00e9n az eddigi szinten, k\u00e9t sz\u00e1zal\u00e9kon hagyta az alapkamatot. A jegybank korm\u00e1nyz\u00f3j\u00e1nak nyilatkozata alapj\u00e1n az \u00e9v v\u00e9g\u00e9ig val\u00f3sz\u00edn\u0171leg nem v\u00e1ltozik az alapkamat.<\/strong><!--more--><\/p>\n<div class=\"ads-in-post1\"><div id=\"gazdasagportal.hu_fullbanner_wideboard\"><\/div>\r\n<\/div>\n<p>    &#8222;Nagy val\u00f3sz\u00edn\u0171s\u00e9ggel a k\u00f6vetkez\u0151 h\u00f3napokban stabil marad az alapkamat, a cs\u00f6kkent\u00e9s\u00e9re nem nagyon l\u00e1tunk nyom\u00e1st&#8221; &#8211; jelentette ki Jir\u00ed Rusnok, a Cseh Nemzeti Bank korm\u00e1nyz\u00f3ja a banktan\u00e1cs \u00fcl\u00e9se ut\u00e1ni sajt\u00f3t\u00e1j\u00e9koztat\u00f3n Pr\u00e1g\u00e1ban.<br \/>\n    Rusnok szerint a banktan\u00e1cs \u00fcl\u00e9s\u00e9n az volt a t\u00f6bbs\u00e9gi v\u00e9lem\u00e9ny, hogy nem sz\u00fcks\u00e9ges t\u00fal akt\u00edvan reag\u00e1lni a makro\u00f6kon\u00f3miai fejl\u0151d\u00e9s apr\u00f3 mozg\u00e1saira.<br \/>\n    A cseh jegybank cs\u00fct\u00f6rt\u00f6ki \u00fcl\u00e9s\u00e9n m\u00f3dos\u00edtotta a kor\u00e1bbi gazdas\u00e1gi el\u0151rejelz\u00e9s\u00e9t, jav\u00edtotta az idei \u00e9s a j\u00f6v\u0151 \u00e9vi progn\u00f3zist is. A jegybank szerint az id\u00e9n 2,6 sz\u00e1zal\u00e9kkal, j\u00f6v\u0151re 2,9 sz\u00e1zal\u00e9kkal n\u0151het a brutt\u00f3 hazai term\u00e9k (GDP) Csehorsz\u00e1gban. A kor\u00e1bbi, m\u00e1jusi progn\u00f3zisban ez a k\u00e9t mutat\u00f3 2,5 sz\u00e1zal\u00e9k, illetve 2,8 sz\u00e1zal\u00e9k volt. 2021-ben a jegybank sz\u00e1m\u00edt\u00e1sai szerint 3 sz\u00e1zal\u00e9kos lehet a cseh gazdas\u00e1g er\u0151s\u00f6d\u00e9se.<br \/>\n<div class=\"ads-in-post2\"><script async src=\"https:\/\/pagead2.googlesyndication.com\/pagead\/js\/adsbygoogle.js\"><\/script>\r\n<ins class=\"adsbygoogle\"\r\n     style=\"display:block\"\r\n     data-ad-format=\"fluid\"\r\n     data-ad-layout-key=\"-6t+ed+2i-1n-4w\"\r\n     data-ad-client=\"ca-pub-1959107119989764\"\r\n     data-ad-slot=\"4008251320\"><\/ins>\r\n<script>\r\n     (adsbygoogle = window.adsbygoogle || []).push({});\r\n<\/script><\/div>\n    &#8222;Progn\u00f3zisunk l\u00e9nyege nem v\u00e1ltozik. Tov\u00e1bbra is a gazdas\u00e1g stabil n\u00f6veked\u00e9s\u00e9vel sz\u00e1molunk&#8221; &#8211; sz\u00f6gezte le a Cseh Nemzeti Bank korm\u00e1nyz\u00f3ja.<br \/>\n    A nyilv\u00e1noss\u00e1gra hozott \u00faj progn\u00f3zis az id\u00e9n 25,50 cseh korona\/eur\u00f3 \u00e1rfolyammal, a j\u00f6v\u0151 \u00e9vben pedig 24,90 korona\/eur\u00f3 \u00e1rfolyammal sz\u00e1mol. 2021-ben a cseh korona az eur\u00f3hoz viszony\u00edtva 24,50-re er\u0151s\u00f6dhet a jegybank v\u00e1rakoz\u00e1sa szerint.<br \/>\n    A cseh p\u00e9nz\u00fcgyminiszt\u00e9rium szerd\u00e1n nyilv\u00e1noss\u00e1gra hozott \u00faj el\u0151rejelz\u00e9se az id\u00e9n 2,5 sz\u00e1zal\u00e9kos, j\u00f6v\u0151re pedig 2,3 sz\u00e1zal\u00e9kos GDP n\u00f6veked\u00e9ssel sz\u00e1mol.(MTI) <\/p>\n","protected":false},"excerpt":{"rendered":"<p>A cseh jegybanktan\u00e1cs cs\u00fct\u00f6rt\u00f6ki \u00fcl\u00e9s\u00e9n az eddigi szinten, k\u00e9t sz\u00e1zal\u00e9kon hagyta az alapkamatot. A jegybank korm\u00e1nyz\u00f3j\u00e1nak nyilatkozata alapj\u00e1n az \u00e9v v\u00e9g\u00e9ig val\u00f3sz\u00edn\u0171leg nem v\u00e1ltozik az alapkamat.<\/p>\n","protected":false},"author":1,"featured_media":0,"comment_status":"closed","ping_status":"open","sticky":false,"template":"","format":"standard","meta":[],"categories":[246],"tags":[],"_links":{"self":[{"href":"https:\/\/gazdasagportal.hu\/index.php\/wp-json\/wp\/v2\/posts\/118370"}],"collection":[{"href":"https:\/\/gazdasagportal.hu\/index.php\/wp-json\/wp\/v2\/posts"}],"about":[{"href":"https:\/\/gazdasagportal.hu\/index.php\/wp-json\/wp\/v2\/types\/post"}],"author":[{"embeddable":true,"href":"https:\/\/gazdasagportal.hu\/index.php\/wp-json\/wp\/v2\/users\/1"}],"replies":[{"embeddable":true,"href":"https:\/\/gazdasagportal.hu\/index.php\/wp-json\/wp\/v2\/comments?post=118370"}],"version-history":[{"count":1,"href":"https:\/\/gazdasagportal.hu\/index.php\/wp-json\/wp\/v2\/posts\/118370\/revisions"}],"predecessor-version":[{"id":118371,"href":"https:\/\/gazdasagportal.hu\/index.php\/wp-json\/wp\/v2\/posts\/118370\/revisions\/118371"}],"wp:attachment":[{"href":"https:\/\/gazdasagportal.hu\/index.php\/wp-json\/wp\/v2\/media?parent=118370"}],"wp:term":[{"taxonomy":"category","embeddable":true,"href":"https:\/\/gazdasagportal.hu\/index.php\/wp-json\/wp\/v2\/categories?post=118370"},{"taxonomy":"post_tag","embeddable":true,"href":"https:\/\/gazdasagportal.hu\/index.php\/wp-json\/wp\/v2\/tags?post=118370"}],"curies":[{"name":"wp","href":"https:\/\/api.w.org\/{rel}","templated":true}]}}