{"id":118366,"date":"2019-08-01T15:18:09","date_gmt":"2019-08-01T13:18:09","guid":{"rendered":"http:\/\/gazdasagportal.hu\/?p=118366"},"modified":"2019-08-01T15:18:09","modified_gmt":"2019-08-01T13:18:09","slug":"szardinian-40-fokos-hoseg-eszak-olaszorszagban-viharriasztast-adtak-ki","status":"publish","type":"post","link":"https:\/\/gazdasagportal.hu\/index.php\/szardinian-40-fokos-hoseg-eszak-olaszorszagban-viharriasztast-adtak-ki\/","title":{"rendered":"Szard\u00edni\u00e1n 40 fokos h\u0151s\u00e9g, \u00c9szak-Olaszorsz\u00e1gban viharriaszt\u00e1st adtak ki"},"content":{"rendered":"<p><strong>Negyven fokos h\u0151s\u00e9get m\u00e9rnek Szard\u00ednia nyugati partvid\u00e9k\u00e9n, mik\u00f6zben az \u00e9szak-olaszorsz\u00e1gi Emilia-Romagna tartom\u00e1nyban az \u00e9rkez\u0151 er\u0151s viharok miatt riaszt\u00e1st rendeltek el cs\u00fct\u00f6rt\u00f6kt\u0151l. Az Adria-tengerparti strandok k\u00f6z\u00fcl n\u00e9h\u00e1nyon f\u00fcrd\u00e9si tilalmat rendeltek el k\u00f3libakt\u00e1rium fert\u0151z\u00e9s miatt. <\/strong><!--more--><\/p>\n<div class=\"ads-in-post1\"><div id=\"gazdasagportal.hu_fullbanner_wideboard\"><\/div>\r\n<\/div>\n<p>    A legnagyobb forr\u00f3s\u00e1g jelenleg Szard\u00edni\u00e1n van: a sziget nyugati partj\u00e1n tal\u00e1lhat\u00f3 Oristano t\u00e9rs\u00e9g\u00e9ben negyven fokot, pedig ez az ottani nyitott tengerszakaszon ritkas\u00e1gnak sz\u00e1m\u00edt. Szard\u00edni\u00e1n szombatig tart a h\u0151s\u00e9g, amelyet gyakori boz\u00f3tt\u00fczek k\u00eds\u00e9rnek.<br \/>\n    A kor\u00e1bban k\u00e1nikul\u00e1t\u00f3l szenved\u0151 \u00e9szak-olaszorsz\u00e1gi tartom\u00e1nyokban visszat\u00e9rtek a ny\u00e1ri viharok \u00e9s es\u0151z\u00e9sek. Az \u00e9szakkeleti Veneto ut\u00e1n cs\u00fct\u00f6rt\u00f6kt\u0151l Emilia-Romagn\u00e1ban v\u00e1rnak hirtelen j\u00e9ges\u0151ket. A riaszt\u00e1s p\u00e9ntek \u00e9jf\u00e9lig \u00e9rv\u00e9nyes.<br \/>\n    A Coldiretti olasz termel\u0151i sz\u00f6vets\u00e9g bejelent\u00e9se szerint augusztus elsej\u00e9t\u0151l megkezd\u0151d\u00f6tt a paradicsomszed\u00e9s id\u00e9nye. Az eddigi gyakorlattal ellent\u00e9tben nem a d\u00e9l-olaszorsz\u00e1gi, hanem az \u00e9szaki paradicsom\u00fcltetv\u00e9nyeken kezd\u0151dik a szed\u00e9s, mivel itt a rendk\u00edv\u00fcli meleg \u00e9s b\u0151s\u00e9ges csapad\u00e9k miatt a paradicsom kor\u00e1bban \u00e9rett be. A vil\u00e1gban &#8211; Kalifornia m\u00f6g\u00f6tt &#8211; a m\u00e1sodik legnagyobb paradicsomtermel\u0151nek sz\u00e1m\u00edt\u00f3 Olaszorsz\u00e1gban a becsl\u00e9sek szerint id\u00e9n 4,7 milli\u00f3 tonn\u00e1t gy\u0171jtenek be.<br \/>\n<div class=\"ads-in-post2\"><script async src=\"https:\/\/pagead2.googlesyndication.com\/pagead\/js\/adsbygoogle.js\"><\/script>\r\n<ins class=\"adsbygoogle\"\r\n     style=\"display:block\"\r\n     data-ad-format=\"fluid\"\r\n     data-ad-layout-key=\"-6t+ed+2i-1n-4w\"\r\n     data-ad-client=\"ca-pub-1959107119989764\"\r\n     data-ad-slot=\"4008251320\"><\/ins>\r\n<script>\r\n     (adsbygoogle = window.adsbygoogle || []).push({});\r\n<\/script><\/div>\n    Szint\u00e9n a Coldiretti adatai szerint a ny\u00e1r kezdet\u00e9t\u0151l naponta 11 vihar s\u00fajtotta Olaszorsz\u00e1got, 75 sz\u00e1zal\u00e9kkal t\u00f6bb a tavalyi ny\u00e1r ugyanezen id\u0151szak\u00e1hoz k\u00e9pest. Ez jelent\u0151s k\u00e1rokat okozott Veneto tartom\u00e1nyban a z\u00f6lds\u00e9get termeszt\u0151 melegh\u00e1zakban, Lombardi\u00e1ban pedig az \u00e1llattteny\u00e9szt\u00e9sben.<br \/>\n    Az olasz k\u00f6zeg\u00e9szs\u00e9g\u00fcgyi hat\u00f3s\u00e1gok cs\u00fct\u00f6rt\u00f6kig 23 strandon redeltek el f\u00fcrd\u00e9si tilalmat az adriai-parti Rimini, Riccione, Cattolica t\u00e9rs\u00e9g\u00e9ben. A tengerv\u00edzben ugyanis k\u00f3libakt\u00e9riumot (escherichia coli) tal\u00e1ltak. A felt\u00e9telez\u00e9sek szerint a bakt\u00e9riumot a heves es\u0151z\u00e9sek miatt a tengerbe \u00f6ml\u00f6tt szennyv\u00edz sodorta mag\u00e1val.(MTI)<\/p>\n","protected":false},"excerpt":{"rendered":"<p>Negyven fokos h\u0151s\u00e9get m\u00e9rnek Szard\u00ednia nyugati partvid\u00e9k\u00e9n, mik\u00f6zben az \u00e9szak-olaszorsz\u00e1gi Emilia-Romagna tartom\u00e1nyban az \u00e9rkez\u0151 er\u0151s viharok miatt riaszt\u00e1st rendeltek el cs\u00fct\u00f6rt\u00f6kt\u0151l. Az Adria-tengerparti strandok k\u00f6z\u00fcl n\u00e9h\u00e1nyon f\u00fcrd\u00e9si tilalmat rendeltek el k\u00f3libakt\u00e1rium fert\u0151z\u00e9s miatt.<\/p>\n","protected":false},"author":1,"featured_media":0,"comment_status":"closed","ping_status":"open","sticky":false,"template":"","format":"standard","meta":[],"categories":[12],"tags":[],"_links":{"self":[{"href":"https:\/\/gazdasagportal.hu\/index.php\/wp-json\/wp\/v2\/posts\/118366"}],"collection":[{"href":"https:\/\/gazdasagportal.hu\/index.php\/wp-json\/wp\/v2\/posts"}],"about":[{"href":"https:\/\/gazdasagportal.hu\/index.php\/wp-json\/wp\/v2\/types\/post"}],"author":[{"embeddable":true,"href":"https:\/\/gazdasagportal.hu\/index.php\/wp-json\/wp\/v2\/users\/1"}],"replies":[{"embeddable":true,"href":"https:\/\/gazdasagportal.hu\/index.php\/wp-json\/wp\/v2\/comments?post=118366"}],"version-history":[{"count":1,"href":"https:\/\/gazdasagportal.hu\/index.php\/wp-json\/wp\/v2\/posts\/118366\/revisions"}],"predecessor-version":[{"id":118367,"href":"https:\/\/gazdasagportal.hu\/index.php\/wp-json\/wp\/v2\/posts\/118366\/revisions\/118367"}],"wp:attachment":[{"href":"https:\/\/gazdasagportal.hu\/index.php\/wp-json\/wp\/v2\/media?parent=118366"}],"wp:term":[{"taxonomy":"category","embeddable":true,"href":"https:\/\/gazdasagportal.hu\/index.php\/wp-json\/wp\/v2\/categories?post=118366"},{"taxonomy":"post_tag","embeddable":true,"href":"https:\/\/gazdasagportal.hu\/index.php\/wp-json\/wp\/v2\/tags?post=118366"}],"curies":[{"name":"wp","href":"https:\/\/api.w.org\/{rel}","templated":true}]}}