{"id":118358,"date":"2019-08-01T13:27:36","date_gmt":"2019-08-01T11:27:36","guid":{"rendered":"http:\/\/gazdasagportal.hu\/?p=118358"},"modified":"2019-08-01T13:27:36","modified_gmt":"2019-08-01T11:27:36","slug":"varga-mihaly-a-magyar-gazdasagnak-felzarkozasi-palyan-kell-maradnia","status":"publish","type":"post","link":"https:\/\/gazdasagportal.hu\/index.php\/varga-mihaly-a-magyar-gazdasagnak-felzarkozasi-palyan-kell-maradnia\/","title":{"rendered":"Varga Mih\u00e1ly: a magyar gazdas\u00e1gnak felz\u00e1rk\u00f3z\u00e1si p\u00e1ly\u00e1n kell maradnia"},"content":{"rendered":"<p><strong>A korm\u00e1ny c\u00e9lja, hogy a magyar gazdas\u00e1g felz\u00e1rk\u00f3z\u00e1si p\u00e1ly\u00e1n maradjon, azaz a gazdas\u00e1g n\u00f6veked\u00e9se mindig meghaladja az Eur\u00f3pai Uni\u00f3 \u00e1tlagos n\u00f6veked\u00e9s\u00e9t &#8211; jelentette ki a p\u00e9nz\u00fcgyminiszter a Szabolcs-Szatm\u00e1r-Bereg megyei Ny\u00edrlugoson cs\u00fct\u00f6rt\u00f6k\u00f6n.<\/strong><!--more--><\/p>\n<div class=\"ads-in-post1\"><div id=\"gazdasagportal.hu_fullbanner_wideboard\"><\/div>\r\n<\/div>\n<p>    Varga Mih\u00e1ly a z\u00f6lds\u00e9g-gy\u00fcm\u00f6lcs feldolgoz\u00e1ssal \u00e9s gyorsfagyaszt\u00e1s\u00e1val foglalkoz\u00f3 AgroSprint Zrt. 2,2 milli\u00e1rd forint beruh\u00e1z\u00e1si \u00e9rt\u00e9k\u0171 \u00faj gy\u00e1regys\u00e9g\u00e9nek avat\u00e1s\u00e1n elmondta, a kabinet c\u00e9lkit\u0171z\u00e9se szerint a n\u00f6veked\u00e9snek legal\u00e1bb k\u00e9t sz\u00e1zal\u00e9kponttal magasabbnak kell lennie az eur\u00f3pai \u00e1tlagn\u00e1l.<br \/>\n    A t\u00e1rcavezet\u0151 szavai szerint sz\u00e1mos hib\u00e1s d\u00f6nt\u00e9s okozza azt, hogy Eur\u00f3pa nem tud \u00e9lni az adotts\u00e1gaival annak ellen\u00e9re, hogy ezek lehet\u0151v\u00e9 tenn\u00e9k a mostanin\u00e1l jobb gazdas\u00e1gi teljes\u00edtm\u00e9ny el\u00e9r\u00e9s\u00e9t.<br \/>\n    &#8222;A magyar p\u00e9lda is azt igazolja, hogy ha j\u00f3 helyre tessz\u00fck a hangs\u00falyt, vagyis a munkahelyekre, a csal\u00e1dok er\u0151s\u00edt\u00e9s\u00e9re, az ad\u00f3cs\u00f6kkent\u00e9sre, a beruh\u00e1z\u00e1sok t\u00e1mogat\u00e1s\u00e1ra, valamint \u00e1ltal\u00e1noss\u00e1gban v\u00e9ve a v\u00e1llalati k\u00f6rnyezet jav\u00edt\u00e1s\u00e1ra, akkor eredm\u00e9nyt tudunk el\u00e9rni&#8221; &#8211; fogalmazott Varga Mih\u00e1ly.<br \/>\n    Kifejtette, mivel &#8222;kicsit bor\u00fas&#8221; jeleket lehet l\u00e1tni az eur\u00f3pai gazdas\u00e1gban, ez\u00e9rt a magyar korm\u00e1ny elk\u00e9sz\u00edtette tizenn\u00e9gy pontos gazdas\u00e1gv\u00e9delmi akci\u00f3terv\u00e9t, amely n\u00e9h\u00e1ny eleme m\u00e1r hat\u00e1lyba is l\u00e9pett. Varga Mih\u00e1ly ezek k\u00f6z\u00f6tt els\u0151sorban a v\u00e1llalkoz\u00e1sokat \u00e9rint\u0151 a szoci\u00e1lis hozz\u00e1j\u00e1rul\u00e1si ad\u00f3 \u00e9s a kiva cs\u00f6kkent\u00e9s\u00e9t, az ad\u00f3el\u0151leg-felt\u00f6lt\u00e9s k\u00f6telezetts\u00e9g elt\u00f6rl\u00e9s\u00e9t, a munk\u00e1ssz\u00e1ll\u00e1s-\u00e9p\u00edt\u00e9si programot, az \u00f6nt\u00f6z\u00f6tt mez\u0151gazdas\u00e1gi ter\u00fcletek nagys\u00e1g\u00e1nak kib\u0151v\u00edt\u00e9s\u00e9t, illetve a v\u00e1llalkoz\u00e1sok hitelhez jut\u00e1s\u00e1nak k\u00f6nny\u00edt\u00e9s\u00e9t eml\u00edtette.<br \/>\n<div class=\"ads-in-post2\"><script async src=\"https:\/\/pagead2.googlesyndication.com\/pagead\/js\/adsbygoogle.js\"><\/script>\r\n<ins class=\"adsbygoogle\"\r\n     style=\"display:block\"\r\n     data-ad-format=\"fluid\"\r\n     data-ad-layout-key=\"-6t+ed+2i-1n-4w\"\r\n     data-ad-client=\"ca-pub-1959107119989764\"\r\n     data-ad-slot=\"4008251320\"><\/ins>\r\n<script>\r\n     (adsbygoogle = window.adsbygoogle || []).push({});\r\n<\/script><\/div>\n    &#8222;A magyar gazdas\u00e1g eredm\u00e9nyeit meg akarjuk v\u00e9deni, emellett n\u00f6velni kell a teljes\u00edtm\u00e9ny\u00e9t is&#8221; &#8211; r\u00f6gz\u00edtette a p\u00e9nz\u00fcgyminiszter.<br \/>\n    A rendelkez\u00e9sre \u00e1ll\u00f3 \u00e9s a k\u00f6vetkez\u0151 uni\u00f3s ciklus\u00fa forr\u00e1sokr\u00f3l sz\u00f3lva elmondta: a kor\u00e1bbi 16 sz\u00e1zal\u00e9k helyett a korm\u00e1ny 60 sz\u00e1zal\u00e9k felett k\u00f6lt a gazdas\u00e1gfejleszt\u00e9si programokra. 2014 \u00e9s 2020 k\u00f6z\u00f6tt t\u00f6bb mint 12 ezer milli\u00e1rd forintnyi uni\u00f3s forr\u00e1s \u00e1ll Magyarorsz\u00e1g rendelkez\u00e9s\u00e9re, mely \u00f6sszeget t\u00edz operat\u00edv program keret\u00e9ben lehet felhaszn\u00e1lni. A p\u00e9nz\u00fcgyminiszter szerint az egyik legnagyobb \u00e9s leg\u00f6sszetettebb ki\u00edr\u00e1s, a Gazdas\u00e1gfejleszt\u00e9si \u00e9s Innov\u00e1ci\u00f3s Operat\u00edv Programon (Ginop) bel\u00fcl 17 600 p\u00e1ly\u00e1zat kapott t\u00e1mogat\u00e1st \u00f6sszesen 2530 milli\u00e1rd forint \u00e9rt\u00e9kben.<br \/>\n    Az a c\u00e9l, hogy a most megny\u00edl\u00f3 k\u00f6vetkez\u0151 fejleszt\u00e9si id\u0151szakban is folytat\u00f3djanak ezek a p\u00e1ly\u00e1zatok, m\u00e1r l\u00e1tjuk azt, hol \u00e9s hogyan lehet p\u00e9ld\u00e1ul kisz\u00e9les\u00edteni a p\u00e1ly\u00e1zati ki\u00edr\u00e1sokat, vagy \u00e9ppen feladni egyes kor\u00e1bbi felt\u00e9teleket &#8211; hangs\u00falyozta Varga Mih\u00e1ly.<br \/>\n    A p\u00e9nz\u00fcgyminiszter a karcagi sz\u00e9khely\u0171 v\u00e1llalkoz\u00e1s eddig el\u00e9rt eredm\u00e9nyeit m\u00e9ltatva elmondta, az AgroSprint Zrt. t\u00f6rt\u00e9net\u00e9vel \u00e9s \u00f6tleteivel p\u00e9ld\u00e1t ad arra, mik\u00e9nt lehet egy kisv\u00e1llalkoz\u00e1sb\u00f3l 35 orsz\u00e1gba export\u00e1l\u00f3 v\u00e1llalatt\u00e1 n\u0151ni, a fejleszt\u00e9sek r\u00e9v\u00e9n emelni a termel\u00e9kenys\u00e9get \u00e9s a term\u00e9kek min\u0151s\u00e9g\u00e9t, illetve helyt\u00e1llni a nemzetk\u00f6zi piacon.<br \/>\n    F\u00fcl\u00f6p G\u00e1bor, a t\u00e1rsas\u00e1g alap\u00edt\u00f3-tulajdonosa besz\u00e9d\u00e9ben elmondta, a csal\u00e1di tulajdonban l\u00e9v\u0151 v\u00e1llalkoz\u00e1s els\u0151 gy\u00e1r\u00e1t, egy gyorsfagyaszt\u00f3 h\u0171t\u0151\u00fczemet a J\u00e1sz-Nagykun-Szolnok megyei Karcagon \u00e9p\u00edtette fel, majd le\u00e1nyv\u00e1llalatot alap\u00edtott Rom\u00e1ni\u00e1ban, 2008-ban pedig tulajdonosa lett a ny\u00edrlugosi fagyaszt\u00f3\u00fczemnek, ezzel b\u0151v\u00edtve feldolgoz\u00e1si \u00e9s rakt\u00e1roz\u00e1si kapacit\u00e1s\u00e1t.<br \/>\n    Az akkori gy\u00e1r 3800 tonn\u00e1s gy\u00e1rt\u00f3kapacit\u00e1sra volt csak k\u00e9pes, ez\u00e9rt volt sz\u00fcks\u00e9ges a fejleszt\u00e9se. A jelenlegi 2,2 milli\u00e1rd forint \u00e9rt\u00e9k\u0171 beruh\u00e1z\u00e1sban 750 milli\u00f3 forintot vissza nem t\u00e9r\u00edtend\u0151 t\u00e1mogat\u00e1sk\u00e9nt Ginop-p\u00e1ly\u00e1zaton nyert el az AgroSprint Zrt., a fennmarad\u00f3 mintegy 1,3 milli\u00e1rd forintot pedig \u00f6ner\u0151b\u0151l finansz\u00edrozta.<br \/>\n    A t\u00e1rsas\u00e1g \u00faj \u00fczemcsarnok, t\u00e1rol\u00f3 helyis\u00e9gek \u00e9p\u00edt\u00e9s\u00e9vel \u00e9s technol\u00f3giai fejleszt\u00e9sekkel a gyorsfagyasztott csemegekukorica-el\u0151\u00e1ll\u00edt\u00e1s feldolgoz\u00e1si munkaf\u00e1zis\u00e1t fejlesztette &#8211; tette hozz\u00e1 a tulajdonos.<br \/>\n    Tarpataki Tam\u00e1s agr\u00e1rpiac\u00e9rt felel\u0151s helyettes \u00e1llamtitk\u00e1r az \u00fcnneps\u00e9gen elmondta, Magyarorsz\u00e1g jelenleg Eur\u00f3pa legnagyobb csemegekukorica termeszt\u0151je, \u00edgy a term\u00e9ny glob\u00e1lis piac\u00e1nak egyik legfontosabb szerepl\u0151j\u00e9v\u00e9 v\u00e1lt. \u00c9vente t\u00f6bb mint 36 ezer hekt\u00e1ron t\u00f6bb mint f\u00e9lmilli\u00f3 tonna csemegekukorica terem az orsz\u00e1gban, amivel Oroszorsz\u00e1got, Franciaorsz\u00e1got \u00e9s Lengyelorsz\u00e1got is megel\u0151zz\u00fck, glob\u00e1lis szinten pedig csak K\u00edna \u00e9s az Egyes\u00fclt \u00c1llamok termel t\u00f6bbet ebb\u0151l a z\u00f6lds\u00e9gb\u0151l &#8211; tette hozz\u00e1 a helyettes \u00e1llamtitk\u00e1r.<br \/>\n    Az Eur\u00f3pa legnagyobb gyorsfagyasztott csemegekukorica export\u0151r\u00e9nek \u00e9s gy\u00e1rt\u00f3j\u00e1nak sz\u00e1m\u00edt\u00f3 AgroSprint Zrt. honlapja szerint a t\u00e1rsas\u00e1gnak Magyarorsz\u00e1gon t\u00edz, Rom\u00e1ni\u00e1ban pedig \u00f6t egys\u00e9ge m\u0171k\u00f6dik. A nyilv\u00e1nos c\u00e9gadatok szerint a tavaly \u00e1tlagosan 219 embert foglalkoztat\u00f3 c\u00e9g nett\u00f3 \u00e1rbev\u00e9tele 2018-ban 11 milli\u00e1rd 394 milli\u00f3 forint volt, ad\u00f3zott eredm\u00e9nye pedig el\u00e9rte a 969 milli\u00f3 forintot.(MTI)<\/p>\n","protected":false},"excerpt":{"rendered":"<p>A korm\u00e1ny c\u00e9lja, hogy a magyar gazdas\u00e1g felz\u00e1rk\u00f3z\u00e1si p\u00e1ly\u00e1n maradjon, azaz a gazdas\u00e1g n\u00f6veked\u00e9se mindig meghaladja az Eur\u00f3pai Uni\u00f3 \u00e1tlagos n\u00f6veked\u00e9s\u00e9t &#8211; jelentette ki a p\u00e9nz\u00fcgyminiszter a Szabolcs-Szatm\u00e1r-Bereg megyei Ny\u00edrlugoson cs\u00fct\u00f6rt\u00f6k\u00f6n.<\/p>\n","protected":false},"author":1,"featured_media":0,"comment_status":"closed","ping_status":"open","sticky":false,"template":"","format":"standard","meta":[],"categories":[19],"tags":[],"_links":{"self":[{"href":"https:\/\/gazdasagportal.hu\/index.php\/wp-json\/wp\/v2\/posts\/118358"}],"collection":[{"href":"https:\/\/gazdasagportal.hu\/index.php\/wp-json\/wp\/v2\/posts"}],"about":[{"href":"https:\/\/gazdasagportal.hu\/index.php\/wp-json\/wp\/v2\/types\/post"}],"author":[{"embeddable":true,"href":"https:\/\/gazdasagportal.hu\/index.php\/wp-json\/wp\/v2\/users\/1"}],"replies":[{"embeddable":true,"href":"https:\/\/gazdasagportal.hu\/index.php\/wp-json\/wp\/v2\/comments?post=118358"}],"version-history":[{"count":1,"href":"https:\/\/gazdasagportal.hu\/index.php\/wp-json\/wp\/v2\/posts\/118358\/revisions"}],"predecessor-version":[{"id":118359,"href":"https:\/\/gazdasagportal.hu\/index.php\/wp-json\/wp\/v2\/posts\/118358\/revisions\/118359"}],"wp:attachment":[{"href":"https:\/\/gazdasagportal.hu\/index.php\/wp-json\/wp\/v2\/media?parent=118358"}],"wp:term":[{"taxonomy":"category","embeddable":true,"href":"https:\/\/gazdasagportal.hu\/index.php\/wp-json\/wp\/v2\/categories?post=118358"},{"taxonomy":"post_tag","embeddable":true,"href":"https:\/\/gazdasagportal.hu\/index.php\/wp-json\/wp\/v2\/tags?post=118358"}],"curies":[{"name":"wp","href":"https:\/\/api.w.org\/{rel}","templated":true}]}}