{"id":118350,"date":"2019-08-01T10:32:23","date_gmt":"2019-08-01T08:32:23","guid":{"rendered":"http:\/\/gazdasagportal.hu\/?p=118350"},"modified":"2019-08-01T10:32:23","modified_gmt":"2019-08-01T08:32:23","slug":"a-vodafone-lett-a-upc-tulajdonosa","status":"publish","type":"post","link":"https:\/\/gazdasagportal.hu\/index.php\/a-vodafone-lett-a-upc-tulajdonosa\/","title":{"rendered":"A Vodafone lett a UPC tulajdonosa"},"content":{"rendered":"<p><strong>Sikeresen lez\u00e1rult a Vodafone-csoport \u00e9s a Liberty Global k\u00f6z\u00f6tti tranzakci\u00f3, \u00edgy a Vodafone Magyarorsz\u00e1g lett a UPC Magyarorsz\u00e1g 100 sz\u00e1zal\u00e9kos tulajdonosa. A k\u00e9t szolg\u00e1ltat\u00f3 c\u00e9gcsoportk\u00e9nt, de k\u00fcl\u00f6n\u00e1ll\u00f3 v\u00e1llalatk\u00e9nt m\u0171k\u00f6dik tov\u00e1bb &#8211; k\u00f6z\u00f6lte a Vodafone az MTI-vel cs\u00fct\u00f6rt\u00f6k\u00f6n.<\/strong><!--more--><\/p>\n<div class=\"ads-in-post1\"><div id=\"gazdasagportal.hu_fullbanner_wideboard\"><\/div>\r\n<\/div>\n<p>    Az Eur\u00f3pai Bizotts\u00e1g j\u00falius k\u00f6zep\u00e9n hagyta j\u00f3v\u00e1, hogy a Vodafone-csoport 18,4 milli\u00e1rd eur\u00f3\u00e9rt megv\u00e1s\u00e1rolja a Liberty Global n\u00e9met, cseh, rom\u00e1n \u00e9s magyar le\u00e1nyv\u00e1llalat\u00e1t, k\u00f6zt\u00fck a UPC Magyarorsz\u00e1got.<br \/>\n    A t\u00e1j\u00e9koztat\u00e1s szerint a Vodafone-n\u00e1l \u00e9s a UPC-n\u00e9l k\u00f6t\u00f6tt szerz\u0151d\u00e9seket a felv\u00e1s\u00e1rl\u00e1s nem \u00e9rinti: az \u00fcgyfelek a szolg\u00e1ltat\u00e1sokat v\u00e1ltozatlan felt\u00e9telekkel vehetik ig\u00e9nybe \u00e9s \u00fcgyeiket is v\u00e1ltozatlan m\u00f3don int\u00e9zhetik a megszokott \u00fcgyf\u00e9lszolg\u00e1lati csatorn\u00e1kon. A k\u00e9t c\u00e9g integr\u00e1ci\u00f3ja t\u00f6bb h\u00f3napig is eltarthat.<br \/>\n    A t\u00e1j\u00e9koztat\u00e1s szerint a Vodafone Magyarorsz\u00e1g \u00e9s a UPC Magyarorsz\u00e1g ezut\u00e1n k\u00f6z\u00f6sen fejleszti majd gigabit-k\u00e9pes mobil \u00e9s vezet\u00e9kes h\u00e1l\u00f3zat\u00e1t \u00e9s szolg\u00e1ltat\u00e1sait. A Vodafone az egyes\u00fcl\u00e9st k\u00f6vet\u0151en a v\u00e1llalati \u00e9s a lakoss\u00e1gi szegmensben is k\u00e9pes lesz teljes k\u00f6r\u0171 konvergens szolg\u00e1ltat\u00e1sok ny\u00fajt\u00e1s\u00e1ra \u00e9s hozz\u00e1j\u00e1rul a digit\u00e1lis t\u00e1rsadalom gyorsul\u00f3 \u00fctem\u0171 fejl\u0151d\u00e9s\u00e9hez.<br \/>\n<div class=\"ads-in-post2\"><script async src=\"https:\/\/pagead2.googlesyndication.com\/pagead\/js\/adsbygoogle.js\"><\/script>\r\n<ins class=\"adsbygoogle\"\r\n     style=\"display:block\"\r\n     data-ad-format=\"fluid\"\r\n     data-ad-layout-key=\"-6t+ed+2i-1n-4w\"\r\n     data-ad-client=\"ca-pub-1959107119989764\"\r\n     data-ad-slot=\"4008251320\"><\/ins>\r\n<script>\r\n     (adsbygoogle = window.adsbygoogle || []).push({});\r\n<\/script><\/div>\n    A k\u00f6zlem\u00e9ny id\u00e9zi Amanda Nelsont, a Vodafone Magyarorsz\u00e1g vez\u00e9rigazgat\u00f3j\u00e1t, aki ismertette: az a c\u00e9ljuk, hogy a k\u00e9t c\u00e9g egyes\u00fcl\u00e9s\u00e9b\u0151l mihamarabb profit\u00e1ljanak az \u00fcgyfelek, mivel a Vodafone m\u00e1r nemcsak a mobil, hanem a vezet\u00e9kes szolg\u00e1ltat\u00e1sok piac\u00e1n is jelen lesz. Hozz\u00e1tette: n\u00f6veked\u00e9s\u00fck tov\u00e1bbra is a fenntarthat\u00f3 m\u0171k\u00f6d\u00e9sen alapul, illetve azon, hogy az eg\u00e9sz orsz\u00e1gban el\u00e9rhet\u0151v\u00e9 tegy\u00e9k a digitaliz\u00e1l\u00f3d\u00f3 t\u00e1rsadalom ny\u00fajtotta el\u0151ny\u00f6ket.<br \/>\n    A felv\u00e1s\u00e1rl\u00e1ssal a Vodafone Eur\u00f3pa legnagyobb vezet\u00e9kes szolg\u00e1ltat\u00f3ja lesz: 116,3 milli\u00f3 mobilos \u00e9s 22,1 milli\u00f3 telev\u00edzi\u00f3s \u00fcgyf\u00e9llel, valamint egy olyan \u00fajgener\u00e1ci\u00f3s vezet\u00e9kes h\u00e1l\u00f3zattal, amely 124 milli\u00f3 h\u00e1ztart\u00e1st \u00e9s v\u00e1llalkoz\u00e1st \u00e9r el 13 eur\u00f3pai orsz\u00e1gban. A meg\u00e1llapod\u00e1ssal a Vodafone Magyarorsz\u00e1gnak a mobil \u00fczlet\u00e1gban hozz\u00e1vet\u0151legesen 25 sz\u00e1zal\u00e9k, a vezet\u00e9kes sz\u00e9less\u00e1v\u00fa \u00fczlet\u00e1gban 24 sz\u00e1zal\u00e9k, a kereskedelmi telev\u00edzi\u00f3s \u00fczlet\u00e1gban pedig 19 sz\u00e1zal\u00e9k k\u00f6r\u00fcli piaci r\u00e9szesed\u00e9se lesz az el\u0151fizet\u0151k sz\u00e1ma alapj\u00e1n.<br \/>\n    A Vodafone-csoport 24 orsz\u00e1gban van jelen mobilszolg\u00e1ltat\u00e1ssal, \u00e9s tov\u00e1bbi 42-ben rendelkezik partnerh\u00e1l\u00f3zattal, 19 piacon k\u00edn\u00e1l vezet\u00e9kes szolg\u00e1ltat\u00e1sokat. A 2019. j\u00fanius v\u00e9gi \u00e1llapot szerint a Vodafone 640 milli\u00f3 mobil-, illetve 21 milli\u00f3 vezet\u00e9kes sz\u00e9less\u00e1v\u00fa szolg\u00e1ltat\u00e1st ig\u00e9nybe vev\u0151 \u00fcgyf\u00e9llel, valamint 14 milli\u00f3 tv-el\u0151fizet\u0151vel rendelkezik.(MTI)<\/p>\n","protected":false},"excerpt":{"rendered":"<p>Sikeresen lez\u00e1rult a Vodafone-csoport \u00e9s a Liberty Global k\u00f6z\u00f6tti tranzakci\u00f3, \u00edgy a Vodafone Magyarorsz\u00e1g lett a UPC Magyarorsz\u00e1g 100 sz\u00e1zal\u00e9kos tulajdonosa. A k\u00e9t szolg\u00e1ltat\u00f3 c\u00e9gcsoportk\u00e9nt, de k\u00fcl\u00f6n\u00e1ll\u00f3 v\u00e1llalatk\u00e9nt m\u0171k\u00f6dik tov\u00e1bb &#8211; k\u00f6z\u00f6lte a Vodafone az MTI-vel cs\u00fct\u00f6rt\u00f6k\u00f6n.<\/p>\n","protected":false},"author":1,"featured_media":0,"comment_status":"closed","ping_status":"open","sticky":false,"template":"","format":"standard","meta":[],"categories":[19],"tags":[],"_links":{"self":[{"href":"https:\/\/gazdasagportal.hu\/index.php\/wp-json\/wp\/v2\/posts\/118350"}],"collection":[{"href":"https:\/\/gazdasagportal.hu\/index.php\/wp-json\/wp\/v2\/posts"}],"about":[{"href":"https:\/\/gazdasagportal.hu\/index.php\/wp-json\/wp\/v2\/types\/post"}],"author":[{"embeddable":true,"href":"https:\/\/gazdasagportal.hu\/index.php\/wp-json\/wp\/v2\/users\/1"}],"replies":[{"embeddable":true,"href":"https:\/\/gazdasagportal.hu\/index.php\/wp-json\/wp\/v2\/comments?post=118350"}],"version-history":[{"count":1,"href":"https:\/\/gazdasagportal.hu\/index.php\/wp-json\/wp\/v2\/posts\/118350\/revisions"}],"predecessor-version":[{"id":118351,"href":"https:\/\/gazdasagportal.hu\/index.php\/wp-json\/wp\/v2\/posts\/118350\/revisions\/118351"}],"wp:attachment":[{"href":"https:\/\/gazdasagportal.hu\/index.php\/wp-json\/wp\/v2\/media?parent=118350"}],"wp:term":[{"taxonomy":"category","embeddable":true,"href":"https:\/\/gazdasagportal.hu\/index.php\/wp-json\/wp\/v2\/categories?post=118350"},{"taxonomy":"post_tag","embeddable":true,"href":"https:\/\/gazdasagportal.hu\/index.php\/wp-json\/wp\/v2\/tags?post=118350"}],"curies":[{"name":"wp","href":"https:\/\/api.w.org\/{rel}","templated":true}]}}