{"id":118323,"date":"2019-07-31T15:01:34","date_gmt":"2019-07-31T13:01:34","guid":{"rendered":"http:\/\/gazdasagportal.hu\/?p=118323"},"modified":"2019-07-31T15:01:34","modified_gmt":"2019-07-31T13:01:34","slug":"csokkent-a-munkanelkuliseg-az-eu-ban-2","status":"publish","type":"post","link":"https:\/\/gazdasagportal.hu\/index.php\/csokkent-a-munkanelkuliseg-az-eu-ban-2\/","title":{"rendered":"Cs\u00f6kkent a munkan\u00e9lk\u00fclis\u00e9g az EU-ban"},"content":{"rendered":"<p><strong>Cs\u00f6kkent j\u00faniusban a munkan\u00e9lk\u00fclis\u00e9g az eur\u00f3z\u00f3n\u00e1ban, az uni\u00f3 eg\u00e9sz\u00e9ben padig havi szinten nem v\u00e1ltozott &#8211; mutatj\u00e1k az Eurostat szerd\u00e1n k\u00f6zz\u00e9tett adatai.<\/strong><!--more--><\/p>\n<div class=\"ads-in-post1\"><div id=\"gazdasagportal.hu_fullbanner_wideboard\"><\/div>\r\n<\/div>\n<p>    Az uni\u00f3 statisztikai hivatal\u00e1nak jelent\u00e9se szerint az eur\u00f3\u00f6vezetben j\u00faniusban 7,5 sz\u00e1zal\u00e9k volt a munkan\u00e9lk\u00fclis\u00e9gi r\u00e1ta az el\u0151z\u0151 havi 7,6 sz\u00e1zal\u00e9kkal \u00e9s a tavaly j\u00faniusi 8,2 sz\u00e1zal\u00e9kkal szemben. Ez volt a legalacsonyabb munkan\u00e9lk\u00fclis\u00e9gi r\u00e1ta 2008 j\u00faniusa \u00f3ta az eur\u00f3z\u00f3n\u00e1ban.<br \/>\n    Az EU 28 tag\u00e1llam\u00e1ban a m\u00e1jusi 6,3 sz\u00e1zal\u00e9kon maradt a munkan\u00e9lk\u00fclis\u00e9gi r\u00e1ta, de er\u0151sen cs\u00f6kkent a 2018 j\u00faniusi 6,8 sz\u00e1zal\u00e9khoz k\u00e9pest. Ez a legalacsonyabb r\u00e1ta, mi\u00f3ta az Eurostat 2000-ben bevezette a munkan\u00e9lk\u00fclis\u00e9gi adatok havi nyilv\u00e1ntart\u00e1s\u00e1t.<br \/>\n<div class=\"ads-in-post2\"><script async src=\"https:\/\/pagead2.googlesyndication.com\/pagead\/js\/adsbygoogle.js\"><\/script>\r\n<ins class=\"adsbygoogle\"\r\n     style=\"display:block\"\r\n     data-ad-format=\"fluid\"\r\n     data-ad-layout-key=\"-6t+ed+2i-1n-4w\"\r\n     data-ad-client=\"ca-pub-1959107119989764\"\r\n     data-ad-slot=\"4008251320\"><\/ins>\r\n<script>\r\n     (adsbygoogle = window.adsbygoogle || []).push({});\r\n<\/script><\/div>\n    Az Eurostat becsl\u00e9se szerint 2019 j\u00fanius\u00e1ban 15,674 milli\u00f3 f\u00e9rfi \u00e9s n\u0151 volt \u00e1ll\u00e1stalan az uni\u00f3 eg\u00e9sz\u00e9ben, ebb\u0151l 12,377 milli\u00f3 az eur\u00f3z\u00f3n\u00e1ban. M\u00e1jushoz k\u00e9pest az uni\u00f3 28 tag\u00e1llam\u00e1ban 36 ezerrel, az eur\u00f3z\u00f3n\u00e1ban pedig 45 ezerrel cs\u00f6kkent a munkan\u00e9lk\u00fcliek sz\u00e1ma. Tavaly j\u00faniushoz viszony\u00edtva az EU28-ban 1,205 milli\u00f3val, az eur\u00f3\u00f6vezetben pedig 1,032 milli\u00f3val kevesebben voltak munka n\u00e9lk\u00fcl.<br \/>\n    Tavaly j\u00faniushoz k\u00e9pest 24 tag\u00e1llamban cs\u00f6kkent, \u00c9sztorsz\u00e1gban \u00e9s Lengyelorsz\u00e1gban nem v\u00e1ltozott, Sv\u00e9dorsz\u00e1gban \u00e9s Luxemburgban pedig emelkedett a munkan\u00e9lk\u00fclis\u00e9g.<br \/>\n    A legalacsonyabb r\u00e1t\u00e1t Csehorsz\u00e1gb\u00f3l (1,9) sz\u00e1zal\u00e9k \u00e9s N\u00e9metorsz\u00e1gb\u00f3l (3,1 sz\u00e1zal\u00e9k) jelentett\u00e9k. A legmagasabb, 17,8 sz\u00e1zal\u00e9k G\u00f6r\u00f6gorsz\u00e1gban \u00e9s 14 sz\u00e1zal\u00e9k Spanyolorsz\u00e1gban volt a munkan\u00e9lk\u00fclis\u00e9g.<br \/>\n    A 25 \u00e9ven aluliak k\u00f6z\u00f6tt 3,176 milli\u00f3an voltak munka n\u00e9lk\u00fcl az EU-ban, ebb\u0151l 2,252 milli\u00f3an az eur\u00f3\u00f6vezeben. Ez 14,1 sz\u00e1zal\u00e9kos, illetve 15,4 sz\u00e1zal\u00e9kos munkan\u00e9lk\u00fclis\u00e9gi r\u00e1t\u00e1t jelent. Az EU-ban 2018 j\u00fanius\u00e1hoz k\u00e9pest 239 ezerrel, az eur\u00f3\u00f6vezetben 179 ezerrel m\u00e9rs\u00e9kl\u0151d\u00f6tt az \u00e1ll\u00e1stalanok sz\u00e1ma.(MTI)<\/p>\n","protected":false},"excerpt":{"rendered":"<p>Cs\u00f6kkent j\u00faniusban a munkan\u00e9lk\u00fclis\u00e9g az eur\u00f3z\u00f3n\u00e1ban, az uni\u00f3 eg\u00e9sz\u00e9ben padig havi szinten nem v\u00e1ltozott &#8211; mutatj\u00e1k az Eurostat szerd\u00e1n k\u00f6zz\u00e9tett adatai.<\/p>\n","protected":false},"author":1,"featured_media":0,"comment_status":"closed","ping_status":"open","sticky":false,"template":"","format":"standard","meta":[],"categories":[12,246],"tags":[],"_links":{"self":[{"href":"https:\/\/gazdasagportal.hu\/index.php\/wp-json\/wp\/v2\/posts\/118323"}],"collection":[{"href":"https:\/\/gazdasagportal.hu\/index.php\/wp-json\/wp\/v2\/posts"}],"about":[{"href":"https:\/\/gazdasagportal.hu\/index.php\/wp-json\/wp\/v2\/types\/post"}],"author":[{"embeddable":true,"href":"https:\/\/gazdasagportal.hu\/index.php\/wp-json\/wp\/v2\/users\/1"}],"replies":[{"embeddable":true,"href":"https:\/\/gazdasagportal.hu\/index.php\/wp-json\/wp\/v2\/comments?post=118323"}],"version-history":[{"count":1,"href":"https:\/\/gazdasagportal.hu\/index.php\/wp-json\/wp\/v2\/posts\/118323\/revisions"}],"predecessor-version":[{"id":118324,"href":"https:\/\/gazdasagportal.hu\/index.php\/wp-json\/wp\/v2\/posts\/118323\/revisions\/118324"}],"wp:attachment":[{"href":"https:\/\/gazdasagportal.hu\/index.php\/wp-json\/wp\/v2\/media?parent=118323"}],"wp:term":[{"taxonomy":"category","embeddable":true,"href":"https:\/\/gazdasagportal.hu\/index.php\/wp-json\/wp\/v2\/categories?post=118323"},{"taxonomy":"post_tag","embeddable":true,"href":"https:\/\/gazdasagportal.hu\/index.php\/wp-json\/wp\/v2\/tags?post=118323"}],"curies":[{"name":"wp","href":"https:\/\/api.w.org\/{rel}","templated":true}]}}