{"id":118293,"date":"2019-07-31T05:51:22","date_gmt":"2019-07-31T03:51:22","guid":{"rendered":"http:\/\/gazdasagportal.hu\/?p=118293"},"modified":"2019-07-30T22:22:27","modified_gmt":"2019-07-30T20:22:27","slug":"a-kulfoldrol-hazatelepulok-is-igenyelhetik-a-falusi-csokot","status":"publish","type":"post","link":"https:\/\/gazdasagportal.hu\/index.php\/a-kulfoldrol-hazatelepulok-is-igenyelhetik-a-falusi-csokot\/","title":{"rendered":"A k\u00fclf\u00f6ldr\u0151l hazatelep\u00fcl\u0151k is ig\u00e9nyelhetik a falusi csokot"},"content":{"rendered":"<p><strong>A k\u00fclf\u00f6ldr\u0151l hazatelep\u00fcl\u0151k, az \u00e1pol\u00e1si \u00e9s gyermekek otthongondoz\u00e1si d\u00edj\u00e1ban r\u00e9szes\u00fcl\u0151k, valamint a K\u00f6zponti Hitelinform\u00e1ci\u00f3s Rendszerben (KHR) szerepl\u0151k is ig\u00e9nyelhetik a csal\u00e1di otthonteremt\u00e9si kedvezm\u00e9ny (csok) speci\u00e1lis v\u00e1ltozat\u00e1t, a falusi csokot &#8211; mondta a modern telep\u00fcl\u00e9sek fejleszt\u00e9s\u00e9\u00e9rt felel\u0151s korm\u00e1nybiztos keddi sajt\u00f3t\u00e1j\u00e9koztat\u00f3j\u00e1n, Budapesten.<\/strong><!--more--><\/p>\n<div class=\"ads-in-post1\"><div id=\"gazdasagportal.hu_fullbanner_wideboard\"><\/div>\r\n<\/div>\n<p>    Gyop\u00e1ros Alp\u00e1r k\u00f6z\u00f6lte: a program j\u00falius elsejei indul\u00e1sa \u00f3ta sz\u00e1z\u00e1val \u00e9rkeztek az ig\u00e9nyl\u00e9sek a k\u00f6zvet\u00edt\u0151 p\u00e9nzint\u00e9zetekhez. Ezek alapj\u00e1n egyforma az \u00e9rdekl\u0151d\u00e9s a m\u00e1r megl\u00e9v\u0151 lak\u00e1s korszer\u0171s\u00edt\u00e9se, valamint a haszn\u00e1lt lak\u00e1s v\u00e1s\u00e1rl\u00e1sa, majd fel\u00faj\u00edt\u00e1sa ir\u00e1nt &#8211; tette hozz\u00e1. Ut\u00f3bbi konstrukci\u00f3 eset\u00e9ben az ig\u00e9nyl\u0151k f\u0151k\u00e9nt v\u00e1rosokb\u00f3l k\u00f6lt\u00f6zn\u00e9nek falvakba, amit rendk\u00edv\u00fcl j\u00f3 h\u00edrnek nevezett a korm\u00e1nybiztos.<br \/>\n    A politikus felid\u00e9zte: a magyar korm\u00e1ny egyik legfontosabb c\u00e9lja, hogy gyermekv\u00e1llal\u00e1sra \u00f6szt\u00f6n\u00f6zze a fiatalokat \u00e9s meg\u00e1ll\u00edtsa a kistelep\u00fcl\u00e9sek eln\u00e9ptelened\u00e9s\u00e9t. A program k\u00edn\u00e1lta kedvezm\u00e9nyek 2486 \u00f6tezer lakos\u00fan\u00e1l kisebb telep\u00fcl\u00e9sen vehet\u0151ek ig\u00e9nybe.<br \/>\n    A konstrukci\u00f3 keret\u00e9ben &#8211; a gyermekek sz\u00e1m\u00e1t\u00f3l f\u00fcgg\u0151en &#8211; megl\u00e9v\u0151 lak\u00e1s korszer\u0171s\u00edt\u00e9s\u00e9re ak\u00e1r 5 milli\u00f3 forintos, haszn\u00e1lt lak\u00e1s v\u00e1s\u00e1rl\u00e1s\u00e1hoz \u00e9s korszer\u0171s\u00edt\u00e9s\u00e9hez ak\u00e1r 10 milli\u00f3 forintos vissza nem t\u00e9r\u00edtend\u0151 t\u00e1mogat\u00e1st lehet ig\u00e9nyelni &#8211; eml\u00e9keztetett Gyop\u00e1ros Alp\u00e1r.<br \/>\n    A t\u00e1mogat\u00e1st ig\u00e9nyelhetik az olyan k\u00fclf\u00f6ldr\u0151l hazatelep\u00fcl\u0151k is, akik egy- vagy k\u00e9t\u00e9ves k\u00fclf\u00f6ldi t\u00e1rsadalombiztos\u00edt\u00e1si (tb-) jogviszonyt tudnak igazolni \u00e9s v\u00e1llalj\u00e1k, hogy a szerz\u0151d\u00e9sk\u00f6t\u00e9st k\u00f6vet\u0151 180 napon bel\u00fcl letelepednek Magyarorsz\u00e1gon \u00e9s hazai tb-jogviszonyt l\u00e9tes\u00edtenek &#8211; k\u00f6z\u00f6lte.<br \/>\n<div class=\"ads-in-post2\"><script async src=\"https:\/\/pagead2.googlesyndication.com\/pagead\/js\/adsbygoogle.js\"><\/script>\r\n<ins class=\"adsbygoogle\"\r\n     style=\"display:block\"\r\n     data-ad-format=\"fluid\"\r\n     data-ad-layout-key=\"-6t+ed+2i-1n-4w\"\r\n     data-ad-client=\"ca-pub-1959107119989764\"\r\n     data-ad-slot=\"4008251320\"><\/ins>\r\n<script>\r\n     (adsbygoogle = window.adsbygoogle || []).push({});\r\n<\/script><\/div>\n    Gyop\u00e1ros Alp\u00e1r kiemelte azt is, hogy ingatlanv\u00e1s\u00e1rl\u00e1s eset\u00e9n nem kell az ig\u00e9nyl\u0151knek \u00f6ner\u0151t igazolnia, ha a megv\u00e1s\u00e1rolni k\u00edv\u00e1nt lak\u00e1s \u00e1ra alacsonyabb, mint az el\u00e9rhet\u0151 t\u00e1mogat\u00e1si \u00f6sszeg. Az \u00f6ner\u0151 igazol\u00e1sa csak a t\u00e1mogat\u00e1si \u00f6sszeget meghalad\u00f3 ingatlan\u00e9rt\u00e9k eset\u00e9n sz\u00fcks\u00e9ges. Korszer\u0171s\u00edt\u00e9s eset\u00e9ben a t\u00e1mogat\u00e1s foly\u00f3s\u00edt\u00e1sa a munk\u00e1k k\u00e9sz\u00fclt\u00e9s\u00e9g\u00e9vel ar\u00e1nyosan, sz\u00e1mlabemutat\u00e1sra t\u00f6rt\u00e9nik &#8211; jelezte.<br \/>\n    Az \u00e1pol\u00e1si d\u00edjban \u00e9s gyermekek otthongondoz\u00e1si d\u00edj\u00e1ban r\u00e9szes\u00fcl\u0151k szint\u00e9n ig\u00e9nyelhetik a falusi csok t\u00e1mogat\u00e1sait, tov\u00e1bb\u00e1 azok is, akik a KHR-ben (kor\u00e1bbi nev\u00e9n BAR-list\u00e1n) szerepelnek. A falusi csok t\u00e1mogat\u00e1sai mell\u00e9 ig\u00e9nyelt \u00e1llamilag kamatt\u00e1mogatott hitel eset\u00e9n viszont m\u00e1r sz\u00e1m\u00edt, hogy az ig\u00e9nyl\u0151 szerepel-e a KHR-ben &#8211; h\u00edvta fel a figyelmet.<br \/>\n    Gyop\u00e1ros Alp\u00e1r sz\u00f3lt arr\u00f3l is, hogy a kor\u00e1bban szocpolt ig\u00e9nyl\u0151 \u00e9rintettek eset\u00e9ben az akkor kapott \u00f6sszeget le kell vonni a falusi csok \u00e1ltal biztos\u00edtott t\u00e1mogat\u00e1sb\u00f3l. Akik kor\u00e1bban az &#8222;\u00e1ltal\u00e1nos csok&#8221; seg\u00edts\u00e9g\u00e9vel v\u00e1s\u00e1roltak ingatlant \u00e9s a falusi csok keret\u00e9ben szeretn\u00e9nek kistelep\u00fcl\u00e9sen lak\u00e1st v\u00e1s\u00e1rolni, a kor\u00e1bban megvett ingatlan elad\u00e1s\u00e1val, az akkori t\u00e1mogat\u00e1s visszafizet\u00e9se ut\u00e1n ig\u00e9nyelhetik a falusi csokot &#8211; fejtette ki a korm\u00e1nybiztos.<br \/>\n    Az &#8222;\u00e1ltal\u00e1nos csok&#8221; keret\u00e9ben kor\u00e1bban megvett ingatlan fel\u00faj\u00edt\u00e1s\u00e1t a falusi csok t\u00e1mogat\u00e1saib\u00f3l is lehet fedezni, ha a lak\u00e1s a program \u00e1ltal prefer\u00e1lt kistelep\u00fcl\u00e9sen tal\u00e1lhat\u00f3 &#8211; tette hozz\u00e1.(MTI)<\/p>\n","protected":false},"excerpt":{"rendered":"<p>A k\u00fclf\u00f6ldr\u0151l hazatelep\u00fcl\u0151k, az \u00e1pol\u00e1si \u00e9s gyermekek otthongondoz\u00e1si d\u00edj\u00e1ban r\u00e9szes\u00fcl\u0151k, valamint a K\u00f6zponti Hitelinform\u00e1ci\u00f3s Rendszerben (KHR) szerepl\u0151k is ig\u00e9nyelhetik a csal\u00e1di otthonteremt\u00e9si kedvezm\u00e9ny (csok) speci\u00e1lis v\u00e1ltozat\u00e1t, a falusi csokot &#8211; mondta a modern telep\u00fcl\u00e9sek fejleszt\u00e9s\u00e9\u00e9rt felel\u0151s korm\u00e1nybiztos keddi sajt\u00f3t\u00e1j\u00e9koztat\u00f3j\u00e1n, Budapesten.<\/p>\n","protected":false},"author":1001003,"featured_media":0,"comment_status":"closed","ping_status":"open","sticky":false,"template":"","format":"standard","meta":[],"categories":[4,19,22],"tags":[],"_links":{"self":[{"href":"https:\/\/gazdasagportal.hu\/index.php\/wp-json\/wp\/v2\/posts\/118293"}],"collection":[{"href":"https:\/\/gazdasagportal.hu\/index.php\/wp-json\/wp\/v2\/posts"}],"about":[{"href":"https:\/\/gazdasagportal.hu\/index.php\/wp-json\/wp\/v2\/types\/post"}],"author":[{"embeddable":true,"href":"https:\/\/gazdasagportal.hu\/index.php\/wp-json\/wp\/v2\/users\/1001003"}],"replies":[{"embeddable":true,"href":"https:\/\/gazdasagportal.hu\/index.php\/wp-json\/wp\/v2\/comments?post=118293"}],"version-history":[{"count":1,"href":"https:\/\/gazdasagportal.hu\/index.php\/wp-json\/wp\/v2\/posts\/118293\/revisions"}],"predecessor-version":[{"id":118294,"href":"https:\/\/gazdasagportal.hu\/index.php\/wp-json\/wp\/v2\/posts\/118293\/revisions\/118294"}],"wp:attachment":[{"href":"https:\/\/gazdasagportal.hu\/index.php\/wp-json\/wp\/v2\/media?parent=118293"}],"wp:term":[{"taxonomy":"category","embeddable":true,"href":"https:\/\/gazdasagportal.hu\/index.php\/wp-json\/wp\/v2\/categories?post=118293"},{"taxonomy":"post_tag","embeddable":true,"href":"https:\/\/gazdasagportal.hu\/index.php\/wp-json\/wp\/v2\/tags?post=118293"}],"curies":[{"name":"wp","href":"https:\/\/api.w.org\/{rel}","templated":true}]}}