{"id":118268,"date":"2019-07-30T12:34:40","date_gmt":"2019-07-30T10:34:40","guid":{"rendered":"http:\/\/gazdasagportal.hu\/?p=118268"},"modified":"2019-07-30T12:34:40","modified_gmt":"2019-07-30T10:34:40","slug":"elemzok-a-munkaerohiany-mellett-a-kozszfera-berei-is-segitettek-a-majusi-keresetnovekedest","status":"publish","type":"post","link":"https:\/\/gazdasagportal.hu\/index.php\/elemzok-a-munkaerohiany-mellett-a-kozszfera-berei-is-segitettek-a-majusi-keresetnovekedest\/","title":{"rendered":"Elemz\u0151k: a munkaer\u0151hi\u00e1ny mellett a k\u00f6zszf\u00e9ra b\u00e9rei is seg\u00edtett\u00e9k a m\u00e1jusi keresetn\u00f6veked\u00e9st"},"content":{"rendered":"<p><strong>Az \u00e1ltal\u00e1nos munkaer\u0151hi\u00e1ny mellett a k\u00f6lts\u00e9gvet\u00e9si szektorban \u00fajra felgyorsult b\u00e9remel\u00e9sekkel magyar\u00e1zt\u00e1k az MTI-nek nyilatkoz\u00f3 elemz\u0151k, hogy a KSH reggel kiadott adatai szerint m\u00e1jusban ism\u00e9t k\u00e9tsz\u00e1mjegy\u0171 volt a keresetek emelked\u00e9se.<\/strong><!--more--><\/p>\n<div class=\"ads-in-post1\"><div id=\"gazdasagportal.hu_fullbanner_wideboard\"><\/div>\r\n<\/div>\n<p>    A K\u00f6zponti Statisztikai Hivatal (KSH) kedden kiadott jelent\u00e9se szerint m\u00e1jusban a brutt\u00f3 \u00e9s a nett\u00f3 \u00e1tlag keresetek 11,2 sz\u00e1zal\u00e9kkal voltak magasabbak az egy \u00e9vvel kor\u00e1bbiakn\u00e1l, az \u00e1prilisi 9,0 sz\u00e1zal\u00e9k ut\u00e1n ism\u00e9t k\u00e9tsz\u00e1mjegy\u0171 volt a n\u00f6veked\u00e9s. Az \u00e9v els\u0151 \u00f6t h\u00f3napj\u00e1ban 10,6 sz\u00e1zal\u00e9kos volt a b\u00e9remelked\u00e9s m\u00e9rt\u00e9ke \u00e9s 9,5 sz\u00e1zal\u00e9kos a k\u00f6zfoglalkoztatottakat nem sz\u00e1m\u00edtva. A m\u00e1jusi 3,9 sz\u00e1zal\u00e9kos \u00e9s az els\u0151 \u00f6thavi 3,5 sz\u00e1zal\u00e9kos infl\u00e1ci\u00f3val sz\u00e1molva az \u00e9v \u00f6t\u00f6dik h\u00f3napj\u00e1ban 7,0 sz\u00e1zal\u00e9kkal, janu\u00e1r-m\u00e1jusban 6,9 sz\u00e1zal\u00e9kkal n\u0151ttek a re\u00e1lkeresetek.<br \/>\n    Virov\u00e1cz P\u00e9ter, az ING Bank vezet\u0151 elemz\u0151je az MTI-nek eljuttatott komment\u00e1rj\u00e1ban alapvet\u0151en a k\u00f6zszf\u00e9r\u00e1ban \u00fajraindul\u00f3 b\u00e9rrendez\u00e9ssel magyar\u00e1zta az el\u0151z\u0151 h\u00f3naphoz k\u00e9pest a gyorsul\u00f3 b\u00e9rki\u00e1raml\u00e1st, miut\u00e1n az \u00e1prilisi 3,6-r\u0151l 10,7 sz\u00e1zal\u00e9kra ugrott meg a k\u00f6lts\u00e9gvet\u00e9si szf\u00e9ra \u00e1tlagb\u00e9r-n\u00f6veked\u00e9se m\u00e1jusban. Ek\u00f6zben a versenyszf\u00e9ra b\u00e9rn\u00f6veked\u00e9se tov\u00e1bbra is stabilan 10 sz\u00e1zal\u00e9k felett alakul, egym\u00e1s ut\u00e1n ez a tizennegyedik h\u00f3nap, amikor k\u00e9tsz\u00e1mjegy\u0171 az \u00fctem. Tov\u00e1bbra is \u00e1tlag feletti a b\u00e9rn\u00f6veked\u00e9s az energiaszektorban, a feldolgoz\u00f3iparban, a mez\u0151gazdas\u00e1gban \u00e9s az \u00e9p\u00edt\u0151iparban is, de mindenk\u00e9ppen kiemelend\u0151 a k\u00f6zigazgat\u00e1s ter\u00fclete, ahol 15,4 sz\u00e1zal\u00e9kkal n\u0151ttek a b\u00e9rek az egy \u00e9vvel ezel\u0151tti szinthez k\u00e9pest.<br \/>\n<div class=\"ads-in-post2\"><script async src=\"https:\/\/pagead2.googlesyndication.com\/pagead\/js\/adsbygoogle.js\"><\/script>\r\n<ins class=\"adsbygoogle\"\r\n     style=\"display:block\"\r\n     data-ad-format=\"fluid\"\r\n     data-ad-layout-key=\"-6t+ed+2i-1n-4w\"\r\n     data-ad-client=\"ca-pub-1959107119989764\"\r\n     data-ad-slot=\"4008251320\"><\/ins>\r\n<script>\r\n     (adsbygoogle = window.adsbygoogle || []).push({});\r\n<\/script><\/div>\n    El\u0151re tekintve az ING Bank elemz\u0151i arra sz\u00e1m\u00edtanak, hogy \u00e1tlagosan 10 sz\u00e1zal\u00e9k k\u00f6r\u00fcl maradhat a b\u00e9rn\u00f6veked\u00e9s \u00fcteme a magyar gazdas\u00e1gban. A legfontosabb k\u00e9rd\u00e9s ugyanakkor az, hogy mekkora r\u00e9sz\u00e9t k\u00f6lti majd el a lakoss\u00e1g ennek a t\u00f6bbletj\u00f6vedelemnek, hallva a h\u00edreket egy k\u00f6zelg\u0151 v\u00e1ls\u00e1gr\u00f3l \u00e9s l\u00e1tva a kedvez\u0151 megtakar\u00edt\u00e1si lehet\u0151s\u00e9geket az \u00e1llampap\u00edrpiacon.<br \/>\n    Horv\u00e1th Andr\u00e1s, a Takar\u00e9kbank vezet\u0151 elemz\u0151je szerint els\u0151sorban a k\u00e9pzett munkaer\u0151 egyre fokozottabb hi\u00e1nya \u00e9s a b\u00e9rminimum emel\u00e9sek hat\u00e1s\u00e1ra n\u0151ttek a v\u00e1rakoz\u00e1sokat meghaladva a b\u00e9rek m\u00e1jusban.<br \/>\n    Sz\u00e1m\u00edt\u00e1sai szerint 2015 \u00f3ta az egyedi kifizet\u00e9sekt\u0151l megtiszt\u00edtott rendszeres b\u00e9rek 50,4 sz\u00e1zal\u00e9kkal n\u0151ttek. A 2013-t\u00f3l 2019 v\u00e9g\u00e9ig terjed\u0151 \u00f6t\u00e9ves peri\u00f3dus alatt 52 sz\u00e1zal\u00e9kot n\u0151nek a re\u00e1lb\u00e9rek az idei tendenci\u00e1kat is figyelembe v\u00e9ve. Erre az \u00e9vre 10 sz\u00e1zal\u00e9kot meghalad\u00f3 brutt\u00f3 b\u00e9rn\u00f6veked\u00e9st v\u00e1r a vezet\u0151 elemz\u0151, a re\u00e1lb\u00e9r n\u00f6veked\u00e9s pedig 6,5 sz\u00e1zal\u00e9k felett lehet, de a kock\u00e1zatok felfele mutatnak &#8211; tette hozz\u00e1.<br \/>\n    A kifesz\u00edtett munkaer\u0151piac \u00e9s a rekord alacsony munkan\u00e9lk\u00fclis\u00e9g miatt a b\u00e9rn\u00f6veked\u00e9s dinamik\u00e1ja a k\u00f6vetkez\u0151 id\u0151szakban is hasonl\u00f3an intenz\u00edv marad. A munkaer\u0151\u00e9rt zajl\u00f3 \u00f6sszeur\u00f3pai versenyben a hazai b\u00e9reknek tov\u00e1bbra is jelent\u0151s h\u00e1tr\u00e1nyt kell m\u00e9g ledolgozniuk.<br \/>\n    Reg\u0151s G\u00e1bor, a Sz\u00e1zadv\u00e9g Gazdas\u00e1gkutat\u00f3 makrogazdas\u00e1gi \u00fczlet\u00e1g\u00e1nak vezet\u0151je arra mutatott r\u00e1, hogy m\u00e1jusban a b\u00e9rek emelked\u00e9se meghaladta a minim\u00e1lb\u00e9remel\u00e9s m\u00e9rt\u00e9k\u00e9t, \u00edgy a n\u00f6veked\u00e9s ink\u00e1bb a magas munkaer\u0151-keresletre vezethet\u0151 vissza. Most is els\u0151sorban a versenyszf\u00e9r\u00e1ban dolgoz\u00f3k b\u00e9rn\u00f6veked\u00e9se j\u00e1rult hozz\u00e1 az emelked\u00e9shez, de a k\u00f6zigazgat\u00e1sban dolgoz\u00f3k keresete is \u00e1tlagosan k\u00e9tsz\u00e1mjegy\u0171 m\u00e9rt\u00e9kben n\u0151tt. A k\u00f6zszf\u00e9r\u00e1ban ugyanakkor tov\u00e1bbra is l\u00e1tszik a b\u00e9remel\u00e9sek folytat\u00e1s\u00e1nak sz\u00fcks\u00e9gess\u00e9ge. A versenyszf\u00e9ra egyes \u00e1gazataiban a b\u00e9remelked\u00e9s egyenletes volt, csak n\u00e9h\u00e1ny \u00e1gazatban volt a n\u00f6veked\u00e9s m\u00e9rt\u00e9ke csek\u00e9lyebb.<br \/>\n    Tekintettel a munkaer\u0151hi\u00e1ny fennmarad\u00e1s\u00e1ra, az \u00e9v eg\u00e9sz\u00e9re az \u00e1tlagb\u00e9rek 10 sz\u00e1zal\u00e9k feletti emelked\u00e9s\u00e9re sz\u00e1m\u00edt az elemz\u0151, amely a fogyaszt\u00e1son kereszt\u00fcl el\u0151seg\u00edtheti a GDP 4 \u00e9s 5 sz\u00e1zal\u00e9k k\u00f6z\u00f6tti \u00e9ves n\u00f6veked\u00e9s\u00e9t.(MTI)<\/p>\n","protected":false},"excerpt":{"rendered":"<p>Az \u00e1ltal\u00e1nos munkaer\u0151hi\u00e1ny mellett a k\u00f6lts\u00e9gvet\u00e9si szektorban \u00fajra felgyorsult b\u00e9remel\u00e9sekkel magyar\u00e1zt\u00e1k az MTI-nek nyilatkoz\u00f3 elemz\u0151k, hogy a KSH reggel kiadott adatai szerint m\u00e1jusban ism\u00e9t k\u00e9tsz\u00e1mjegy\u0171 volt a keresetek emelked\u00e9se.<\/p>\n","protected":false},"author":1,"featured_media":0,"comment_status":"closed","ping_status":"open","sticky":false,"template":"","format":"standard","meta":[],"categories":[4,19],"tags":[],"_links":{"self":[{"href":"https:\/\/gazdasagportal.hu\/index.php\/wp-json\/wp\/v2\/posts\/118268"}],"collection":[{"href":"https:\/\/gazdasagportal.hu\/index.php\/wp-json\/wp\/v2\/posts"}],"about":[{"href":"https:\/\/gazdasagportal.hu\/index.php\/wp-json\/wp\/v2\/types\/post"}],"author":[{"embeddable":true,"href":"https:\/\/gazdasagportal.hu\/index.php\/wp-json\/wp\/v2\/users\/1"}],"replies":[{"embeddable":true,"href":"https:\/\/gazdasagportal.hu\/index.php\/wp-json\/wp\/v2\/comments?post=118268"}],"version-history":[{"count":1,"href":"https:\/\/gazdasagportal.hu\/index.php\/wp-json\/wp\/v2\/posts\/118268\/revisions"}],"predecessor-version":[{"id":118269,"href":"https:\/\/gazdasagportal.hu\/index.php\/wp-json\/wp\/v2\/posts\/118268\/revisions\/118269"}],"wp:attachment":[{"href":"https:\/\/gazdasagportal.hu\/index.php\/wp-json\/wp\/v2\/media?parent=118268"}],"wp:term":[{"taxonomy":"category","embeddable":true,"href":"https:\/\/gazdasagportal.hu\/index.php\/wp-json\/wp\/v2\/categories?post=118268"},{"taxonomy":"post_tag","embeddable":true,"href":"https:\/\/gazdasagportal.hu\/index.php\/wp-json\/wp\/v2\/tags?post=118268"}],"curies":[{"name":"wp","href":"https:\/\/api.w.org\/{rel}","templated":true}]}}