{"id":118260,"date":"2019-07-30T10:30:24","date_gmt":"2019-07-30T08:30:24","guid":{"rendered":"http:\/\/gazdasagportal.hu\/?p=118260"},"modified":"2019-07-30T10:30:24","modified_gmt":"2019-07-30T08:30:24","slug":"ket-es-fel-eves-melypontnal-a-fogyasztoi-hangulat-nemetorszagban","status":"publish","type":"post","link":"https:\/\/gazdasagportal.hu\/index.php\/ket-es-fel-eves-melypontnal-a-fogyasztoi-hangulat-nemetorszagban\/","title":{"rendered":"K\u00e9t \u00e9s f\u00e9l \u00e9ves m\u00e9lypontn\u00e1l a fogyaszt\u00f3i hangulat N\u00e9metorsz\u00e1gban"},"content":{"rendered":"<p><strong>K\u00e9t \u00e9s f\u00e9l \u00e9ves m\u00e9lypontra cs\u00f6kkent a GfK gazdas\u00e1gkutat\u00f3 int\u00e9zet augusztusra vonatkoz\u00f3 n\u00e9met fogyaszt\u00f3i hangulatindexe.<\/strong><!--more--><\/p>\n<div class=\"ads-in-post1\"><div id=\"gazdasagportal.hu_fullbanner_wideboard\"><\/div>\r\n<\/div>\n<p>A GfK kedden k\u00f6zz\u00e9tett kimutat\u00e1sa szerint a fogyaszt\u00f3i hangulatindex augusztusra vonatkoz\u00f3an 9,7 pontra, k\u00f6zel k\u00e9t \u00e9s f\u00e9l \u00e9ves m\u00e9lypontra cs\u00f6kkent a j\u00faliusi 9,8 pontr\u00f3l. A mutat\u00f3 augusztusi \u00e9rt\u00e9ke 2017 \u00e1prilisa \u00f3ta a legalacsonyabb lett.<br \/>\nA felm\u00e9r\u00e9s meg\u00e1llap\u00edt\u00e1sa szerint a lakoss\u00e1g k\u00f6ltekez\u00e9si hajland\u00f3s\u00e1g\u00e1t a lassul\u00f3 konjunkt\u00fara jelei fogj\u00e1k vissza, b\u00e1r a kedvez\u0151 munkaer\u0151piaci helyzetnek k\u00f6sz\u00f6nhet\u0151en saj\u00e1t j\u00f6vedelmi kil\u00e1t\u00e1saikat tov\u00e1bbra is optimist\u00e1n \u00edt\u00e9lik meg. A munkahely elveszt\u00e9s\u00e9nek kock\u00e1zata csak n\u00e9h\u00e1ny \u00e1gazatban aggasztja az alkalmazottakat.<br \/>\n<div class=\"ads-in-post2\"><script async src=\"https:\/\/pagead2.googlesyndication.com\/pagead\/js\/adsbygoogle.js\"><\/script>\r\n<ins class=\"adsbygoogle\"\r\n     style=\"display:block\"\r\n     data-ad-format=\"fluid\"\r\n     data-ad-layout-key=\"-6t+ed+2i-1n-4w\"\r\n     data-ad-client=\"ca-pub-1959107119989764\"\r\n     data-ad-slot=\"4008251320\"><\/ins>\r\n<script>\r\n     (adsbygoogle = window.adsbygoogle || []).push({});\r\n<\/script><\/div>\nA mutat\u00f3 \u00f6sszetev\u0151i k\u00f6z\u00fcl a konjunktur\u00e1lis v\u00e1rakoz\u00e1sokat sz\u00e1mszer\u0171s\u00edt\u0151 \u00e9rt\u00e9k 2015 novembere \u00f3ta a legalacsonyabbra cs\u00f6kkent els\u0151sorban a vil\u00e1ggazdas\u00e1g lassul\u00e1sa, a vil\u00e1gkereskedelmi ellent\u00e9tek \u00e9lez\u0151d\u00e9se miatt. Az er\u0151sen exportorient\u00e1lt \u00e1gazatokban, az aut\u00f3iparban \u00e9s besz\u00e1ll\u00edt\u00f3in\u00e1l ez\u00e9rt er\u0151s\u00f6d\u00f6tt is az aggodalom a munkahelyek elveszt\u00e9se miatt.<br \/>\nA j\u00f6vedelmi v\u00e1rakoz\u00e1sok azonban \u00f6sszess\u00e9g\u00e9ben javultak, a mutat\u00f3 5,3 ponttal 50,8 pontra emelkedett.<br \/>\nA GfK meg\u00edt\u00e9l\u00e9se szerint a belf\u00f6ldi fogyaszt\u00e1s, a n\u00e9met gazdas\u00e1gi n\u00f6veked\u00e9s egyik legnagyobb t\u00e1masza az id\u00e9n 1,5 sz\u00e1zal\u00e9kkal n\u00f6vekszik a tavalyi 1,1 sz\u00e1zal\u00e9k ut\u00e1n.<br \/>\n<a title=\"Hely megnyit\u00e1sa\" href=\"https:\/\/www.gfk.com\/press-room\/\" target=\"_blank\" rel=\"noopener noreferrer\">https:\/\/www.gfk.com\/press-room\/<\/a><\/p>\n<p>(MTI)<\/p><div id=\"gazda-90805598\" class=\"gazda-tartalomban gazda-entity-placement\"><script async src=\"https:\/\/pagead2.googlesyndication.com\/pagead\/js\/adsbygoogle.js\"><\/script>\r\n<ins class=\"adsbygoogle\"\r\n     style=\"display:block\"\r\n     data-ad-format=\"fluid\"\r\n     data-ad-layout-key=\"-6t+ed+2i-1n-4w\"\r\n     data-ad-client=\"ca-pub-1959107119989764\"\r\n     data-ad-slot=\"4008251320\"><\/ins>\r\n<script>\r\n     (adsbygoogle = window.adsbygoogle || []).push({});\r\n<\/script><\/div>\n<p>&nbsp;<\/p>\n","protected":false},"excerpt":{"rendered":"<p>K\u00e9t \u00e9s f\u00e9l \u00e9ves m\u00e9lypontra cs\u00f6kkent a GfK gazdas\u00e1gkutat\u00f3 int\u00e9zet augusztusra vonatkoz\u00f3 n\u00e9met fogyaszt\u00f3i hangulatindexe.<\/p>\n","protected":false},"author":1,"featured_media":0,"comment_status":"closed","ping_status":"open","sticky":false,"template":"","format":"standard","meta":[],"categories":[12,246],"tags":[],"_links":{"self":[{"href":"https:\/\/gazdasagportal.hu\/index.php\/wp-json\/wp\/v2\/posts\/118260"}],"collection":[{"href":"https:\/\/gazdasagportal.hu\/index.php\/wp-json\/wp\/v2\/posts"}],"about":[{"href":"https:\/\/gazdasagportal.hu\/index.php\/wp-json\/wp\/v2\/types\/post"}],"author":[{"embeddable":true,"href":"https:\/\/gazdasagportal.hu\/index.php\/wp-json\/wp\/v2\/users\/1"}],"replies":[{"embeddable":true,"href":"https:\/\/gazdasagportal.hu\/index.php\/wp-json\/wp\/v2\/comments?post=118260"}],"version-history":[{"count":1,"href":"https:\/\/gazdasagportal.hu\/index.php\/wp-json\/wp\/v2\/posts\/118260\/revisions"}],"predecessor-version":[{"id":118261,"href":"https:\/\/gazdasagportal.hu\/index.php\/wp-json\/wp\/v2\/posts\/118260\/revisions\/118261"}],"wp:attachment":[{"href":"https:\/\/gazdasagportal.hu\/index.php\/wp-json\/wp\/v2\/media?parent=118260"}],"wp:term":[{"taxonomy":"category","embeddable":true,"href":"https:\/\/gazdasagportal.hu\/index.php\/wp-json\/wp\/v2\/categories?post=118260"},{"taxonomy":"post_tag","embeddable":true,"href":"https:\/\/gazdasagportal.hu\/index.php\/wp-json\/wp\/v2\/tags?post=118260"}],"curies":[{"name":"wp","href":"https:\/\/api.w.org\/{rel}","templated":true}]}}