{"id":118242,"date":"2019-07-30T07:50:59","date_gmt":"2019-07-30T05:50:59","guid":{"rendered":"http:\/\/gazdasagportal.hu\/?p=118242"},"modified":"2019-07-30T07:50:59","modified_gmt":"2019-07-30T05:50:59","slug":"brexit-boris-johnson-uj-megallapodast-surgetett-skociai-latogatasan","status":"publish","type":"post","link":"https:\/\/gazdasagportal.hu\/index.php\/brexit-boris-johnson-uj-megallapodast-surgetett-skociai-latogatasan\/","title":{"rendered":"Brexit &#8211; Boris Johnson \u00faj meg\u00e1llapod\u00e1st s\u00fcrgetett sk\u00f3ciai l\u00e1togat\u00e1s\u00e1n"},"content":{"rendered":"<p><strong>A brit eur\u00f3pai uni\u00f3s tags\u00e1g megsz\u0171n\u00e9s\u00e9r\u0151l (Brexit) sz\u00f3l\u00f3 \u00faj meg\u00e1llapod\u00e1st s\u00fcrgetett h\u00e9tf\u0151n Sk\u00f3ci\u00e1ban az \u00faj brit korm\u00e1nyf\u0151. Boris Johnson hangs\u00falyozta, hogy mindent megtesz ennek \u00e9rdek\u00e9ben, de \u00fajfent kijelentette, hogy az Eur\u00f3pai Uni\u00f3val az el\u0151z\u0151, Theresa May vezette korm\u00e1ny \u00e1ltal el\u00e9rt meg\u00e1llapod\u00e1s, amelyet a brit parlament h\u00e1romszor is elutas\u00edtott, &#8222;halott&#8221;.<\/strong><!--more--><\/p>\n<div class=\"ads-in-post1\"><div id=\"gazdasagportal.hu_fullbanner_wideboard\"><\/div>\r\n<\/div>\n<p>    A szerda \u00f3ta hivatalban l\u00e9v\u0151 politikus, aki korm\u00e1nyf\u0151k\u00e9nt el\u0151sz\u00f6r l\u00e1togatott az Eur\u00f3pai Uni\u00f3s tags\u00e1got p\u00e1rtol\u00f3 Sk\u00f3ci\u00e1ba, s\u00fcrgette az Eur\u00f3pai Uni\u00f3 vezet\u0151it, hogy v\u00e1ltoztassanak \u00e1ll\u00e1spontjukon, \u00e9s t\u00e1rgyalj\u00e1k \u00fajra a Brexit-meg\u00e1llapod\u00e1st. Mint mondta, b\u00edzik abban, hogy az Egyes\u00fclt Kir\u00e1lys\u00e1g EU-tags\u00e1ga rendezett m\u00f3don sz\u0171nik meg, de helyesnek nevezte, hogy a korm\u00e1ny fokozza az el\u0151k\u00e9sz\u00fcleteket a meg\u00e1llapod\u00e1s n\u00e9lk\u00fcli kiv\u00e1l\u00e1sra.<br \/>\n    Sk\u00f3ciai programj\u00e1ban k\u00e9t fontos tal\u00e1lkoz\u00f3 is szerepelt, az egyik Ruth Davidsonnal, a korm\u00e1nyz\u00f3 Konzervat\u00edv P\u00e1rt sk\u00f3ciai vezet\u0151j\u00e9vel, a m\u00e1sik a Sk\u00f3t Nemzeti P\u00e1rtot vezet\u0151 Nicola Sturgeon sk\u00f3t minisztereln\u00f6kkel. Mindketten hat\u00e1rozottan ellenzik a meg\u00e1llapod\u00e1s n\u00e9lk\u00fcli Brexitet, amelynek lehet\u0151s\u00e9g\u00e9t Boris Johnson egy\u00e1ltal\u00e1n nem veti el, \u00e9s nyilatkozataiban mereven ragaszkodik ahhoz, hogy a brit eur\u00f3pai uni\u00f3s tags\u00e1g mindenk\u00e9ppen megsz\u0171nik okt\u00f3ber 31-\u00e9n, ak\u00e1r lesz meg\u00e1llapod\u00e1s, ak\u00e1r nem.<br \/>\n    Ruth Davidson a tal\u00e1lkoz\u00f3t k\u00f6vet\u0151en \u00fagy fogalmazott, konstrukt\u00edv megbesz\u00e9l\u00e9st folytatott a korm\u00e1nyf\u0151vel arr\u00f3l, hogy mindent megtesznek a rendezett kiv\u00e1l\u00e1s\u00e9rt.<br \/>\n<div class=\"ads-in-post2\"><script async src=\"https:\/\/pagead2.googlesyndication.com\/pagead\/js\/adsbygoogle.js\"><\/script>\r\n<ins class=\"adsbygoogle\"\r\n     style=\"display:block\"\r\n     data-ad-format=\"fluid\"\r\n     data-ad-layout-key=\"-6t+ed+2i-1n-4w\"\r\n     data-ad-client=\"ca-pub-1959107119989764\"\r\n     data-ad-slot=\"4008251320\"><\/ins>\r\n<script>\r\n     (adsbygoogle = window.adsbygoogle || []).push({});\r\n<\/script><\/div>\n    A korm\u00e1nyf\u0151 l\u00e1togat\u00e1sa el\u0151tt kijelentette, t\u00e1mogatja Boris Johnson er\u0151fesz\u00edt\u00e9seit a meg\u00e1llapod\u00e1s el\u00e9r\u00e9s\u00e9re, de a rendezetlen kiv\u00e1l\u00e1st nem tudja elfogadni. Eml\u00e9keztetett arra, hogy a brit eur\u00f3pai uni\u00f3s tags\u00e1gr\u00f3l sz\u00f3l\u00f3 2016-os n\u00e9pszavaz\u00e1s kamp\u00e1ny\u00e1ban &#8211; amelyben \u0151 a bennmarad\u00e1s mellett \u00e9rvelt &#8211; sz\u00f3ba sem ker\u00fclt, hogy az Egyes\u00fclt Kir\u00e1lys\u00e1g esetleg \u00fagy &#8222;zuhan ki&#8221; az Eur\u00f3pai Uni\u00f3b\u00f3l, hogy nem sz\u00fcletik meg\u00e1llapod\u00e1s a k\u00f6z\u00f6ss\u00e9ghez f\u0171z\u0151d\u0151 l\u00e9tfontoss\u00e1g\u00fa kereskedelmi kapcsolatainak fenntart\u00e1s\u00e1r\u00f3l.<br \/>\n    Ruth Davidson nem t\u00e1mogatta Boris Johnson megv\u00e1laszt\u00e1s\u00e1t a Konzervat\u00edv P\u00e1rt vezet\u0151j\u00e9v\u00e9. Szak\u00e9rt\u0151k szerint a k\u00e9t konzervat\u00edv politikus k\u00f6z\u00f6tt az elm\u00falt napokban n\u0151tt a fesz\u00fclts\u00e9g az\u00e1ltal, hogy Davidson tan\u00e1cs\u00e1t hanyagolva az \u00faj korm\u00e1nyf\u0151 lev\u00e1ltotta David Mundellt a Sk\u00f3cia \u00fcgyei\u00e9rt felel\u0151s t\u00e1rca \u00e9l\u00e9r\u0151l, \u00e9s hely\u00e9re egy Brexit-p\u00e1rti politikust nevezett ki Alister Jack szem\u00e9ly\u00e9ben. Boris Johnson azt\u00e1n a londoni parlamentben helyet foglal\u00f3 sk\u00f3ciai k\u00e9pvisel\u0151ket figyelmen k\u00edv\u00fcl hagyva egy angliai k\u00f6rzet k\u00e9pvisel\u0151j\u00e9t tette meg \u00e1llamtitk\u00e1rr\u00e1 a Sk\u00f3ci\u00e1\u00e9rt felel\u0151s miniszt\u00e9riumban.<br \/>\n    Nicola Sturgeon Edinburghban fogadta a korm\u00e1nyf\u0151t, akit a sk\u00f3t minisztereln\u00f6k rezidenci\u00e1ja el\u0151tt \u00f6sszegy\u0171lt t\u00f6meg egy r\u00e9sze pfujolva v\u00e1rt. Nicola Sturgeon \u00fagy v\u00e9lekedett, az \u00faj brit korm\u00e1nyf\u0151 Brexittel kapcsolatos tervei \u00e1rtanak a gazdas\u00e1gnak Sk\u00f3ci\u00e1ban, amely a bennmarad\u00e1s mellett voksolt a h\u00e1rom \u00e9vvel ezel\u0151tti referendumon.<br \/>\n    A tal\u00e1lkoz\u00f3t k\u00f6vet\u0151en a sk\u00f3t minisztereln\u00f6k Sk\u00f3ci\u00e1ra \u00e9s az Egyes\u00fclt Kir\u00e1lys\u00e1g eg\u00e9sz\u00e9re n\u00e9zve vesz\u00e9lyesnek nevezte az \u00faj brit korm\u00e1nyf\u0151 Brexit-politik\u00e1j\u00e1t. V\u00e9lem\u00e9nye szerint Boris Johnson azon van, hogy meg\u00e1llapod\u00e1s n\u00e9lk\u00fcl sz\u0171nj\u00f6n meg a brit eur\u00f3pai uni\u00f3s tags\u00e1g. Nem vil\u00e1gos ugyanis, hogy a brit korm\u00e1nyf\u0151 mik\u00e9nt akar \u00faj meg\u00e1llapod\u00e1sra jutni az Eur\u00f3pai Uni\u00f3val, mikor az EU t\u00f6bbsz\u00f6r is lesz\u00f6gezte, nem t\u00e1rgyalja \u00fajra a Theresa May vezette el\u0151z\u0151 brit korm\u00e1nnyal el\u00e9rt meg\u00e1llapod\u00e1st. Nicola Sturgeon ebb\u0151l arra k\u00f6vetkeztetetett, nem sz\u00e1m\u00edt, Boris Johnson hogyan fogalmaz a nyilv\u00e1noss\u00e1g el\u0151tt, val\u00f3j\u00e1ban a meg\u00e1llapod\u00e1s n\u00e9lk\u00fcli Brexitre t\u00f6rekszik.<br \/>\n    A sk\u00f3t minisztereln\u00f6k nyomat\u00e9kos\u00edtotta, hogy folytatja az orsz\u00e1gr\u00e9sz f\u00fcggetlenn\u00e9 v\u00e1l\u00e1s\u00e1r\u00f3l sz\u00f3l\u00f3 m\u00e1sodik n\u00e9pszavaz\u00e1ssal kapcsolatos el\u0151k\u00e9sz\u00fcleteket. Sk\u00f3ci\u00e1ban 2014-ben tartottak n\u00e9pszavaz\u00e1st a f\u00fcggetlenn\u00e9 v\u00e1l\u00e1sr\u00f3l, a t\u00f6bbs\u00e9g azonban arra szavazott, hogy Sk\u00f3cia ne szakadjon ki az Egyes\u00fclt Kir\u00e1lys\u00e1gb\u00f3l.<br \/>\n    A k\u00e9t politikus tal\u00e1lkoz\u00f3j\u00e1t k\u00f6vet\u0151en Boris Johnson hivatala k\u00f6z\u00f6lte, hogy a korm\u00e1nyf\u0151 meger\u0151s\u00edtette a sk\u00f3t minisztereln\u00f6knek: c\u00e9lja, hogy \u00faj meg\u00e1llapod\u00e1st \u00e9rjen el az Eur\u00f3pai Uni\u00f3val, de az Egyes\u00fclt Kir\u00e1lys\u00e1g tags\u00e1ga mindenk\u00e9ppen megsz\u0171nik okt\u00f3ber 31-\u00e9n, ak\u00e1r rendezetten, ak\u00e1r rendezetlen\u00fcl.(MTI)<\/p>\n","protected":false},"excerpt":{"rendered":"<p>A brit eur\u00f3pai uni\u00f3s tags\u00e1g megsz\u0171n\u00e9s\u00e9r\u0151l (Brexit) sz\u00f3l\u00f3 \u00faj meg\u00e1llapod\u00e1st s\u00fcrgetett h\u00e9tf\u0151n Sk\u00f3ci\u00e1ban az \u00faj brit korm\u00e1nyf\u0151. Boris Johnson hangs\u00falyozta, hogy mindent megtesz ennek \u00e9rdek\u00e9ben, de \u00fajfent kijelentette, hogy az Eur\u00f3pai Uni\u00f3val az el\u0151z\u0151, Theresa May vezette korm\u00e1ny \u00e1ltal el\u00e9rt meg\u00e1llapod\u00e1s, amelyet a brit parlament h\u00e1romszor is elutas\u00edtott, &#8222;halott&#8221;.<\/p>\n","protected":false},"author":1,"featured_media":0,"comment_status":"closed","ping_status":"open","sticky":false,"template":"","format":"standard","meta":[],"categories":[12],"tags":[],"_links":{"self":[{"href":"https:\/\/gazdasagportal.hu\/index.php\/wp-json\/wp\/v2\/posts\/118242"}],"collection":[{"href":"https:\/\/gazdasagportal.hu\/index.php\/wp-json\/wp\/v2\/posts"}],"about":[{"href":"https:\/\/gazdasagportal.hu\/index.php\/wp-json\/wp\/v2\/types\/post"}],"author":[{"embeddable":true,"href":"https:\/\/gazdasagportal.hu\/index.php\/wp-json\/wp\/v2\/users\/1"}],"replies":[{"embeddable":true,"href":"https:\/\/gazdasagportal.hu\/index.php\/wp-json\/wp\/v2\/comments?post=118242"}],"version-history":[{"count":1,"href":"https:\/\/gazdasagportal.hu\/index.php\/wp-json\/wp\/v2\/posts\/118242\/revisions"}],"predecessor-version":[{"id":118250,"href":"https:\/\/gazdasagportal.hu\/index.php\/wp-json\/wp\/v2\/posts\/118242\/revisions\/118250"}],"wp:attachment":[{"href":"https:\/\/gazdasagportal.hu\/index.php\/wp-json\/wp\/v2\/media?parent=118242"}],"wp:term":[{"taxonomy":"category","embeddable":true,"href":"https:\/\/gazdasagportal.hu\/index.php\/wp-json\/wp\/v2\/categories?post=118242"},{"taxonomy":"post_tag","embeddable":true,"href":"https:\/\/gazdasagportal.hu\/index.php\/wp-json\/wp\/v2\/tags?post=118242"}],"curies":[{"name":"wp","href":"https:\/\/api.w.org\/{rel}","templated":true}]}}