{"id":11794,"date":"2013-07-18T08:31:35","date_gmt":"2013-07-18T06:31:35","guid":{"rendered":"http:\/\/stockportal.hu\/?p=11794"},"modified":"2013-07-18T08:31:35","modified_gmt":"2013-07-18T06:31:35","slug":"goz-szivargott-a-fukusimai-eromubol","status":"publish","type":"post","link":"https:\/\/gazdasagportal.hu\/index.php\/goz-szivargott-a-fukusimai-eromubol\/","title":{"rendered":"G\u0151z sziv\u00e1rgott a fukusimai er\u0151m\u0171b\u0151l"},"content":{"rendered":"<p><strong>G\u0151z sziv\u00e1rgott a 2011-ben balesetet szenvedett Fukusima-1 atomer\u0151m\u0171 egyik reaktor\u00e9p\u00fclet\u00e9b\u0151l cs\u00fct\u00f6rt\u00f6k\u00f6n, de a radioaktivit\u00e1s szintje egyel\u0151re nem emelkedett meg a l\u00e9tes\u00edtm\u00e9ny k\u00f6rny\u00e9k\u00e9n &#8211; k\u00f6z\u00f6lte a l\u00e9tes\u00edtm\u00e9nyt \u00fczemeltet\u0151 TEPCO energiav\u00e1llalat.<!--more--><\/strong><\/p>\n<p>A c\u00e9g bejelent\u00e9se szerint a helyzet nem tekinthet\u0151 vesz\u00e9lyesnek, a reaktorok h\u0151m\u00e9rs\u00e9klete stabil, de a sziv\u00e1rg\u00e1s ok\u00e1t m\u00e9g nem tudt\u00e1k pontosan meg\u00e1llap\u00edtani. A TEPCO sz\u00f3viv\u0151je azt mondta, a g\u0151z v\u00e9lhet\u0151en az\u00e9rt szabadult fel, mert a reaktor\u00e9p\u00fcletbe bejutott es\u0151v\u00edz \u00e9rintkezett a reaktortart\u00e1ly forr\u00f3 fel\u00fclet\u00e9vel.<br \/>\nAz er\u0151m\u0171 k\u00e9t \u00e9ve hidrog\u00e9nrobban\u00e1s \u00e1ltal megrong\u00e1lt 3-as reaktor\u00e9p\u00fclet\u00e9nek \u00f6t\u00f6dik emelet\u00e9r\u0151l felereszked\u0151 g\u0151zt cs\u00fct\u00f6rt\u00f6k reggel vett\u00e9k \u00e9szre, a sziv\u00e1rg\u00e1s m\u00e9g n\u00e9gy \u00f3r\u00e1val k\u00e9s\u0151bb is l\u00e1that\u00f3 volt. A sziv\u00e1rg\u00e1s helysz\u00edn\u00e9t az \u00e9letvesz\u00e9lyesen magas sug\u00e1rz\u00e1s miatt nem lehet emberi er\u0151vel megvizsg\u00e1lni.<br \/>\nA fukusimai er\u0151m\u0171 leszerel\u00e9s\u00e9t az elm\u00falt h\u00f3napokban t\u00f6bb fennakad\u00e1s h\u00e1tr\u00e1ltatta. A kor\u00e1bban a reaktorok h\u0171t\u00e9s\u00e9re haszn\u00e1lt, mintegy 23600 k\u00f6bm\u00e9ter er\u0151sen sug\u00e1rszennyezett v\u00edz t\u00e1rol\u00e1sa folyamatos probl\u00e9m\u00e1kat okoz a TEPCO-nak, miut\u00e1n t\u00f6bb, a v\u00edz t\u00e1rol\u00e1s\u00e1ra haszn\u00e1lt tart\u00e1ly sziv\u00e1rogni kezdett. Ezzel p\u00e1rhuzamosan m\u00e1jus \u00f3ta folyamatosan emelkedik a sug\u00e1rz\u00e1s szintje a talajv\u00edzben \u00e9s a tengerben az er\u0151m\u0171 k\u00f6zel\u00e9ben, j\u00fanius elej\u00e9n 2011 \u00f3ta a legmagasabb radioaktivit\u00e1st mutatt\u00e1k ki a l\u00e9tes\u00edtm\u00e9ny kik\u00f6t\u0151j\u00e9b\u0151l vett mint\u00e1kban.<br \/>\nAz er\u0151m\u0171 leszerel\u00e9s\u00e9t 40 \u00e9vre becs\u00fclik, \u00e9s szak\u00e9rt\u0151k szerint az elm\u00falt h\u00f3napok probl\u00e9m\u00e1i azt jelzik, hogy a TEPCO m\u00e9g kor\u00e1nt sincs t\u00fal a munka nehez\u00e9n.(MTI)<\/p>\n","protected":false},"excerpt":{"rendered":"<p>G\u0151z sziv\u00e1rgott a 2011-ben balesetet szenvedett Fukusima-1 atomer\u0151m\u0171 egyik reaktor\u00e9p\u00fclet\u00e9b\u0151l cs\u00fct\u00f6rt\u00f6k\u00f6n, de a radioaktivit\u00e1s szintje egyel\u0151re nem emelkedett meg a l\u00e9tes\u00edtm\u00e9ny k\u00f6rny\u00e9k\u00e9n &#8211; k\u00f6z\u00f6lte a l\u00e9tes\u00edtm\u00e9nyt \u00fczemeltet\u0151 TEPCO energiav\u00e1llalat.<\/p>\n","protected":false},"author":1,"featured_media":0,"comment_status":"open","ping_status":"closed","sticky":false,"template":"","format":"standard","meta":[],"categories":[14],"tags":[],"_links":{"self":[{"href":"https:\/\/gazdasagportal.hu\/index.php\/wp-json\/wp\/v2\/posts\/11794"}],"collection":[{"href":"https:\/\/gazdasagportal.hu\/index.php\/wp-json\/wp\/v2\/posts"}],"about":[{"href":"https:\/\/gazdasagportal.hu\/index.php\/wp-json\/wp\/v2\/types\/post"}],"author":[{"embeddable":true,"href":"https:\/\/gazdasagportal.hu\/index.php\/wp-json\/wp\/v2\/users\/1"}],"replies":[{"embeddable":true,"href":"https:\/\/gazdasagportal.hu\/index.php\/wp-json\/wp\/v2\/comments?post=11794"}],"version-history":[{"count":2,"href":"https:\/\/gazdasagportal.hu\/index.php\/wp-json\/wp\/v2\/posts\/11794\/revisions"}],"predecessor-version":[{"id":11796,"href":"https:\/\/gazdasagportal.hu\/index.php\/wp-json\/wp\/v2\/posts\/11794\/revisions\/11796"}],"wp:attachment":[{"href":"https:\/\/gazdasagportal.hu\/index.php\/wp-json\/wp\/v2\/media?parent=11794"}],"wp:term":[{"taxonomy":"category","embeddable":true,"href":"https:\/\/gazdasagportal.hu\/index.php\/wp-json\/wp\/v2\/categories?post=11794"},{"taxonomy":"post_tag","embeddable":true,"href":"https:\/\/gazdasagportal.hu\/index.php\/wp-json\/wp\/v2\/tags?post=11794"}],"curies":[{"name":"wp","href":"https:\/\/api.w.org\/{rel}","templated":true}]}}